{"id":9121,"date":"2018-09-01T15:53:25","date_gmt":"2018-09-01T13:53:25","guid":{"rendered":"https:\/\/siemck.pl\/?p=9121"},"modified":"2018-09-27T14:26:18","modified_gmt":"2018-09-27T12:26:18","slug":"spotkania-organizacyjne-sekcji-sck","status":"publish","type":"post","link":"https:\/\/www.siemck.pl\/spotkania-organizacyjne-sekcji-sck\/","title":{"rendered":"Spotkania organizacyjne sekcji SCK"},"content":{"rendered":"<p style=\"text-align: center;\"><strong>Spotkania organizacyjne sekcji artystycznych Siemianowickiego Centrum Kultury:<\/strong><\/p>\n<p>&nbsp;<\/p>\n<p><strong><u>SCK Bytk\u00f3w:<\/u><\/strong><\/p>\n<p><strong>RYTM I MELODIA<\/strong> \u2013 <strong>pi\u0105tek 21 wrze\u015bnia, godz. 17.00, sala baletowa<\/strong><br \/>\nzaj\u0119cia z rytmiki dla dzieci w wieku 2-4 lata<\/p>\n<p><strong>ZESPO\u0141Y TANECZNE \u00a0ENTLICZEK i GROSZKI <\/strong>\u00a0\u2013 <strong>poniedzia\u0142ek 17 wrze\u015bnia, godz. 17.00, sala baletowa <\/strong>(dzieci w wieku 4-6 lat)<\/p>\n<p><strong>SEKCJA BALETOWA<\/strong> \u2013 <strong>czwartek 20 wrze\u015bnia, godz. 17.00, sala baletowa\u00a0<\/strong><br \/>\n(dzieci\u00a0 w wieku 6-8 lat)<\/p>\n<p><strong>Zesp\u00f3\u0142 taneczny ABSTRAKCJA<\/strong> \u2013 <strong>\u015broda 19 wrze\u015bnia, godz. 18.00, sala baletowa<\/strong><br \/>\n(dzieci w wieku 6-8 lat)<\/p>\n<p><strong>Zesp\u00f3\u0142 taneczny FLESZ <\/strong>\u2013 <strong>wtorek 18 wrze\u015bnia, godz. 17.00, sala baletowa<br \/>\n<\/strong>(dzieci w wieku 9-10 lat)<\/p>\n<p><strong>Zesp\u00f3\u0142 taneczny EUFORIA <\/strong>\u2013 <strong>wtorek 18 wrze\u015bnia, godz. 18.00, sala baletowa<br \/>\n<\/strong>(dzieci w wieku 11+)<\/p>\n<p><strong>PRACOWNIA CERAMICZNA &#8211; \u015broda 19 wrze\u015bnia, godz. 19.00<br \/>\n<\/strong>\u00a0\u00a0(dzieci w wieku 8-14 lat)<\/p>\n<p><strong>PRACOWNIA PLASTYCZNA \u201eOKIENKO\u201d<\/strong> \u2013 <strong>pi\u0105tek 21 wrze\u015bnia, sala widowiskowa<\/strong><br \/>\ndzieci przedszkolne 5-6 lat \u2013 godzina 17.00<br \/>\ndzieci starsze, do 16 roku \u017cycia \u2013 godz. 18.00<\/p>\n<p><strong>SZKO\u0141A GITARY<\/strong> \u2013 <strong>poniedzia\u0142ek 10 wrze\u015bnia, godzina 18.00<\/strong><\/p>\n<p><strong>TANIEC HIP-HOPOWY DLA DZIECI<\/strong> \u2013 <strong>poniedzia\u0142ek 10 wrze\u015bnia, godzina 18.00, sala baletowa<\/strong><\/p>\n<p>&nbsp;<\/p>\n<p><strong><u>SCK Zameczek:<\/u><\/strong><u><\/u><\/p>\n<p><strong>Dzieci\u0119cy Zesp\u00f3\u0142 <\/strong><strong>P<\/strong><strong>ie\u015bni <\/strong><strong>i<\/strong> <strong>T<\/strong><strong>a\u0144ca \u201eSiemianowice\u201d \u2013 poniedzia\u0142ek 17 wrze\u015bnia <\/strong><strong>\u00a0<\/strong><strong>(spotkanie w SCK- Bytk\u00f3w)<\/strong><\/p>\n<p>godz. 17:00 &#8211; dzieci w wieku 4-6 lat<\/p>\n<p>godz. 18:00 &#8211; dzieci w wieku 7+<\/p>\n<p><strong>ZAJ\u0118CIA TANECZNE<\/strong><strong> dla dzieci \u2013 wtorek 18 wrze\u015bnia <\/strong><\/p>\n<p>godz. 17:00 &#8211; dzieci w wieku 4-6 lat<\/p>\n<p>godz. 18:00 &#8211; dzieci w wieku 7+<\/p>\n<p><strong>PRACOWNIA PLASTYCZNA <\/strong><strong>\u201e<\/strong><strong>NA WINKLU<\/strong><strong>\u201d \u2013 \u015broda 19 wrze\u015bnia <\/strong><strong>\u00a0<\/strong><\/p>\n<p>godz. 17:00 &#8211; dzieci w wieku 4-6 lat<\/p>\n<p>godz. 18:00 &#8211; dzieci w wieku 7+<\/p>\n<p><strong>J\u0118ZYK ANGIELSKI<\/strong><strong> \u2013 \u015broda 26 wrze\u015bnia <\/strong><\/p>\n<p>godz. 17:30 &#8211; grupa podstawowa<\/p>\n<p>godz. 18:50 &#8211; grupa \u015bredniozaawansowana<\/p>\n<p>&nbsp;<\/p>\n<p>&nbsp;<\/p>\n<p>&nbsp;<\/p>\n","protected":false},"excerpt":{"rendered":"<p>Spotkania organizacyjne sekcji artystycznych Siemianowickiego Centrum Kultury: &nbsp; SCK Bytk\u00f3w: RYTM I MELODIA \u2013 pi\u0105tek 21 wrze\u015bnia, godz. 17.00, sala baletowa zaj\u0119cia z rytmiki dla dzieci w wieku 2-4 lata ZESPO\u0141Y TANECZNE \u00a0ENTLICZEK i GROSZKI \u00a0\u2013 poniedzia\u0142ek 17 wrze\u015bnia, godz. 17.00, sala baletowa (dzieci w wieku 4-6 lat) SEKCJA BALETOWA \u2013 czwartek 20 wrze\u015bnia, godz. [&hellip;]<\/p>\n","protected":false},"author":6,"featured_media":9122,"comment_status":"closed","ping_status":"open","sticky":false,"template":"","format":"standard","meta":[],"categories":[1],"tags":[],"_links":{"self":[{"href":"https:\/\/www.siemck.pl\/wp-json\/wp\/v2\/posts\/9121"}],"collection":[{"href":"https:\/\/www.siemck.pl\/wp-json\/wp\/v2\/posts"}],"about":[{"href":"https:\/\/www.siemck.pl\/wp-json\/wp\/v2\/types\/post"}],"author":[{"embeddable":true,"href":"https:\/\/www.siemck.pl\/wp-json\/wp\/v2\/users\/6"}],"replies":[{"embeddable":true,"href":"https:\/\/www.siemck.pl\/wp-json\/wp\/v2\/comments?post=9121"}],"version-history":[{"count":4,"href":"https:\/\/www.siemck.pl\/wp-json\/wp\/v2\/posts\/9121\/revisions"}],"predecessor-version":[{"id":9326,"href":"https:\/\/www.siemck.pl\/wp-json\/wp\/v2\/posts\/9121\/revisions\/9326"}],"wp:featuredmedia":[{"embeddable":true,"href":"https:\/\/www.siemck.pl\/wp-json\/wp\/v2\/media\/9122"}],"wp:attachment":[{"href":"https:\/\/www.siemck.pl\/wp-json\/wp\/v2\/media?parent=9121"}],"wp:term":[{"taxonomy":"category","embeddable":true,"href":"https:\/\/www.siemck.pl\/wp-json\/wp\/v2\/categories?post=9121"},{"taxonomy":"post_tag","embeddable":true,"href":"https:\/\/www.siemck.pl\/wp-json\/wp\/v2\/tags?post=9121"}],"curies":[{"name":"wp","href":"https:\/\/api.w.org\/{rel}","templated":true}]}}