{"id":9028,"date":"2018-09-18T09:04:36","date_gmt":"2018-09-18T07:04:36","guid":{"rendered":"https:\/\/siemck.pl\/?p=9028"},"modified":"2018-09-18T09:04:48","modified_gmt":"2018-09-18T07:04:48","slug":"ogolnopolski-festiwal-teatralny-malych-form-karbidka-26-27-x-2018-r","status":"publish","type":"post","link":"https:\/\/www.siemck.pl\/ogolnopolski-festiwal-teatralny-malych-form-karbidka-26-27-x-2018-r\/","title":{"rendered":"Og\u00f3lnopolski Festiwal Teatralny Ma\u0142ych Form &#8222;KARBIDKA&#8221; 26-27 X 2018 r."},"content":{"rendered":"<p>Zapraszamy serdecznie na sz\u00f3st\u0105 edycj\u0119 Og\u00f3lnopolskiego Festiwalu Teatr\u00f3w Ma\u0142ych Form <strong>KARBIDKA<\/strong> w dniach 26 &#8211; 27 pa\u017adziernika 2018 roku.<\/p>\n<p>KARBIDKA to festiwal, kt\u00f3ry na sta\u0142e wpisa\u0142 si\u0119 na teatralna map\u0119 Polski. To wydarzenie wyj\u0105tkowe &#8211; absolwenci szk\u00f3\u0142 artystycznych, wieloletni tw\u00f3rcy teatralni, zawodowi aktorzy, re\u017cyserzy prezentuj\u0105 swoje autorskie spektakle. Na profesjonalnych scenach brakuje dla nich miejsca, a na festiwalach amatorskich nie wpisuj\u0105 si\u0119 w ramy regulamin\u00f3w ze wzgl\u0119du na sw\u00f3j\u2026wysoki profesjonalizm. KARBIDKA jest odpowiedzi\u0105 na potrzeby tych w\u0142a\u015bnie artyst\u00f3w. Festiwal jest tez odpowiedzi\u0105 na potrzeby widz\u00f3w, kt\u00f3rzy oczekuj\u0105 wysokiej jako\u015bci teatru i niezapomnianych spektakli.<\/p>\n<p>Cz\u0119stokro\u0107 KARBIDKA jest pierwszym krokiem do dalszego rozwoju. Wielu uczestnik\u00f3w i laureat\u00f3w naszego festiwalu w p\u00f3\u017aniejszym czasie odnosi sukcesy na wielu p\u0142aszczyznach \u2013 od uczestnictwa w mi\u0119dzynarodowych festiwalach w ca\u0142ej Europie, poprzez stypendia ministerialne na otwarciu w\u0142asnej, sta\u0142ej sceny sko\u0144czywszy.<\/p>\n<p>W poprzednich edycjach wyst\u0119powali arty\u015bci m in. z Wroc\u0142awia, B\u0119dzina, Orzesza, Cz\u0119stochowy, Katowic, Krakowa, Stalowej Woli, Gdyni, Wroc\u0142awia czy Warszawy. Teatry prezentuj\u0105 r\u00f3\u017cny rodzaj wypowiedzi artystycznej \u2013 monodramy, kreacje zbiorowe, teatry s\u0142owa, ruchu. Wszystkie spektakle b\u0119dzie ocenia\u0142o profesjonalne jury.<\/p>\n<p>W tym roku zg\u0142oszenia przyjmujemy tylko drog\u0105 elektroniczn\u0105. Zach\u0119camy do wys\u0142ania swojego zg\u0142oszenia.<\/p>\n<p>Regulamin do pobrania <a href=\"https:\/\/siemck.pl\/wp-content\/uploads\/KARBIDKA-2018-REGULAMIN-I-KARTA-ZG\u0141OSZENIA_-1.pdf\">TUTAJ<\/a><\/p>\n<p>wype\u0142nij\u00a0<a href=\"https:\/\/siemck.pl\/wp-content\/uploads\/KARBIDKA-2018-KARTA-ZG\u0141OSZENIA-1-1.docx\"> KART\u0118 ZG\u0141OSZENIA<\/a><\/p>\n","protected":false},"excerpt":{"rendered":"<p>Zapraszamy serdecznie na sz\u00f3st\u0105 edycj\u0119 Og\u00f3lnopolskiego Festiwalu Teatr\u00f3w Ma\u0142ych Form KARBIDKA w dniach 26 &#8211; 27 pa\u017adziernika 2018 roku. KARBIDKA to festiwal, kt\u00f3ry na sta\u0142e wpisa\u0142 si\u0119 na teatralna map\u0119 Polski. To wydarzenie wyj\u0105tkowe &#8211; absolwenci szk\u00f3\u0142 artystycznych, wieloletni tw\u00f3rcy teatralni, zawodowi aktorzy, re\u017cyserzy prezentuj\u0105 swoje autorskie spektakle. Na profesjonalnych scenach brakuje dla nich miejsca, [&hellip;]<\/p>\n","protected":false},"author":5,"featured_media":9025,"comment_status":"closed","ping_status":"open","sticky":false,"template":"","format":"standard","meta":[],"categories":[1],"tags":[],"_links":{"self":[{"href":"https:\/\/www.siemck.pl\/wp-json\/wp\/v2\/posts\/9028"}],"collection":[{"href":"https:\/\/www.siemck.pl\/wp-json\/wp\/v2\/posts"}],"about":[{"href":"https:\/\/www.siemck.pl\/wp-json\/wp\/v2\/types\/post"}],"author":[{"embeddable":true,"href":"https:\/\/www.siemck.pl\/wp-json\/wp\/v2\/users\/5"}],"replies":[{"embeddable":true,"href":"https:\/\/www.siemck.pl\/wp-json\/wp\/v2\/comments?post=9028"}],"version-history":[{"count":8,"href":"https:\/\/www.siemck.pl\/wp-json\/wp\/v2\/posts\/9028\/revisions"}],"predecessor-version":[{"id":9032,"href":"https:\/\/www.siemck.pl\/wp-json\/wp\/v2\/posts\/9028\/revisions\/9032"}],"wp:featuredmedia":[{"embeddable":true,"href":"https:\/\/www.siemck.pl\/wp-json\/wp\/v2\/media\/9025"}],"wp:attachment":[{"href":"https:\/\/www.siemck.pl\/wp-json\/wp\/v2\/media?parent=9028"}],"wp:term":[{"taxonomy":"category","embeddable":true,"href":"https:\/\/www.siemck.pl\/wp-json\/wp\/v2\/categories?post=9028"},{"taxonomy":"post_tag","embeddable":true,"href":"https:\/\/www.siemck.pl\/wp-json\/wp\/v2\/tags?post=9028"}],"curies":[{"name":"wp","href":"https:\/\/api.w.org\/{rel}","templated":true}]}}