{"id":8902,"date":"2018-07-02T13:05:21","date_gmt":"2018-07-02T11:05:21","guid":{"rendered":"https:\/\/siemck.pl\/?p=8902"},"modified":"2018-10-08T19:36:50","modified_gmt":"2018-10-08T17:36:50","slug":"mamy-wyniki-konkursu-wspol-kultura","status":"publish","type":"post","link":"https:\/\/www.siemck.pl\/mamy-wyniki-konkursu-wspol-kultura\/","title":{"rendered":"Mamy wyniki konkursu wsp\u00f3\u0142 \/ kultura!"},"content":{"rendered":"<p><strong>Dobiega ko\u0144ca pierwszy etap projektu wsp\u00f3\u0142 \/ kultura realizowanego przez Siemianowickie Centrum Kultury w ramach programu Dom Kultury + Inicjatywy Lokalne Narodowego Centrum Kultury w Warszawie.<\/strong><\/p>\n<p>Po kilku miesi\u0105cach spotka\u0144, prac badawczych i konsultacji oraz og\u0142oszeniu konkursu na inicjatywy lokalne \u2013 spo\u015br\u00f3d 12 zg\u0142oszonych projekt\u00f3w wybrano 7, kt\u00f3re w najwi\u0119kszym stopniu spe\u0142nia\u0142y kryteria regulaminowe, by\u0142y sp\u00f3jne z \u201eDiagnoz\u0105 wsp\u00f3\u0142 \/ kultura\u201d (autorstwa badaczy z RIK w Katowicach) oraz realizowa\u0142y cele programu Dom Kultury + Inicjatywy Lokalne. Komisja, w sk\u0142ad kt\u00f3rej weszli przedstawiciele Narodowego Centrum Kultury, Regionalnego Instytutu Kultury w Katowicach i Siemianowickiego Centrum Kultury stara\u0142a si\u0119 uwzgl\u0119dni\u0107 zaanga\u017cowanie autorek i autor\u00f3w inicjatyw i w jakiej\u015b formie wykorzysta\u0107 elementy r\u00f3wnie\u017c tych projekt\u00f3w, kt\u00f3re z przyczyn regulaminowych nie mog\u0142y zosta\u0107 dofinansowane (7 to maksymalna liczba inicjatyw, kt\u00f3re mo\u017cna by\u0142o dofinansowa\u0107 w ramach programu). Ostateczna lista projekt\u00f3w, kt\u00f3rych realizacja rozpocznie si\u0119 niebawem, przedstawia si\u0119 tak (kolejno\u015b\u0107 przypadkowa):<\/p>\n<p>&nbsp;<\/p>\n<ol>\n<li><strong> Hiphopotam <\/strong>\u2013 Wojciech Sm\u0119tek \u2013 kwota: 4000 z\u0142<\/li>\n<li><strong> Nowy \u015awiat: dokumentalnie <\/strong>\u2013 Justyna Hrybik \u2013 kwota: 4000 z\u0142 oraz rekomendacja wsp\u00f3\u0142pracy z autork\u0105 projektu <strong>Hugo Dance <\/strong>\u2013 Barbar\u0105 J\u0119drzejczyk (dodatkowa kwota dla projektu wsp\u00f3\u0142pracuj\u0105cego: 1000 z\u0142)<\/li>\n<li><strong> Akademia Dziennikarska <\/strong>\u2013 Iwona Haber \u2013 3000 z\u0142<\/li>\n<li><strong> Rosiko\u0144, czyli centrum (naszego) \u015bwiata<\/strong> \u2013 Filip Pawlak, Karina Kubiciel \u2013 4000 z\u0142<\/li>\n<li><strong> \u0141ooo!buzi<\/strong><strong>Jki Tuwima<\/strong> \u2013 Adam Korzeniowski \u2013 4000 z\u0142<\/li>\n<li><strong> Micha\u0142kowice \u2013 miejsce z histori\u0105, miejsce dla historii<\/strong> \u2013 Marcin W\u0105do\u0142owski \u2013 3000 z\u0142<\/li>\n<li><strong> Perspektywa fotografii<\/strong> \u2013 Daria Sztuber \u2013 3000 z\u0142<\/li>\n<\/ol>\n<p>&nbsp;<\/p>\n<p>Dzi\u0119kujemy za udzia\u0142 wszystkim pomys\u0142odawcom. Serdecznie gratulujemy wygranym.<\/p>\n<p>Teraz przyst\u0119pujemy do kluczowej i chyba najciekawszej dla mieszka\u0144c\u00f3w cz\u0119\u015bci projektu wsp\u00f3\u0142 \/ kultura, tj. do realizacji wy\u0142onionych inicjatyw lokalnych. Projekty b\u0119d\u0105 realizowane od sierpnia do listopada br. Ju\u017c nied\u0142ugo w mediach lokalnych i w sieci pojawi\u0105 si\u0119 pierwsze informacje dot. przebiegu projekt\u00f3w.<\/p>\n<p>Ze wzgl\u0119du na zainteresowanie konkursem oraz pozytywne opinie dotycz\u0105ce poszerzania wsp\u00f3\u0142pracy naszej instytucji z mieszka\u0144cami \u2013 pragniemy ju\u017c dzi\u015b poinformowa\u0107, \u017ce w kolejnym roku b\u0119dziemy chcieli kontynuowa\u0107 przedsi\u0119wzi\u0119cie i przeznaczy\u0107 pewn\u0105 pul\u0119 na inicjatywy lokalne, kt\u00f3re wy\u0142onimy r\u00f3wnie\u017c w drodze konkursu. Mo\u017cecie ju\u017c dzi\u015b my\u015ble\u0107 o swoich inicjatywach!<\/p>\n<p><a href=\"https:\/\/siemck.pl\/wp-content\/uploads\/wsp\u00f3\u0142kultura-protok\u00f3\u0142-i-za\u0142\u0105cznik.pdf\">wsp\u00f3\u0142kultura protok\u00f3\u0142 i za\u0142\u0105cznik<\/a><\/p>\n<p>&nbsp;<\/p>\n","protected":false},"excerpt":{"rendered":"<p>Dobiega ko\u0144ca pierwszy etap projektu wsp\u00f3\u0142 \/ kultura realizowanego przez Siemianowickie Centrum Kultury w ramach programu Dom Kultury + Inicjatywy Lokalne Narodowego Centrum Kultury w Warszawie. Po kilku miesi\u0105cach spotka\u0144, prac badawczych i konsultacji oraz og\u0142oszeniu konkursu na inicjatywy lokalne \u2013 spo\u015br\u00f3d 12 zg\u0142oszonych projekt\u00f3w wybrano 7, kt\u00f3re w najwi\u0119kszym stopniu spe\u0142nia\u0142y kryteria regulaminowe, by\u0142y [&hellip;]<\/p>\n","protected":false},"author":6,"featured_media":9625,"comment_status":"closed","ping_status":"open","sticky":false,"template":"","format":"standard","meta":[],"categories":[1,93],"tags":[],"_links":{"self":[{"href":"https:\/\/www.siemck.pl\/wp-json\/wp\/v2\/posts\/8902"}],"collection":[{"href":"https:\/\/www.siemck.pl\/wp-json\/wp\/v2\/posts"}],"about":[{"href":"https:\/\/www.siemck.pl\/wp-json\/wp\/v2\/types\/post"}],"author":[{"embeddable":true,"href":"https:\/\/www.siemck.pl\/wp-json\/wp\/v2\/users\/6"}],"replies":[{"embeddable":true,"href":"https:\/\/www.siemck.pl\/wp-json\/wp\/v2\/comments?post=8902"}],"version-history":[{"count":2,"href":"https:\/\/www.siemck.pl\/wp-json\/wp\/v2\/posts\/8902\/revisions"}],"predecessor-version":[{"id":9056,"href":"https:\/\/www.siemck.pl\/wp-json\/wp\/v2\/posts\/8902\/revisions\/9056"}],"wp:featuredmedia":[{"embeddable":true,"href":"https:\/\/www.siemck.pl\/wp-json\/wp\/v2\/media\/9625"}],"wp:attachment":[{"href":"https:\/\/www.siemck.pl\/wp-json\/wp\/v2\/media?parent=8902"}],"wp:term":[{"taxonomy":"category","embeddable":true,"href":"https:\/\/www.siemck.pl\/wp-json\/wp\/v2\/categories?post=8902"},{"taxonomy":"post_tag","embeddable":true,"href":"https:\/\/www.siemck.pl\/wp-json\/wp\/v2\/tags?post=8902"}],"curies":[{"name":"wp","href":"https:\/\/api.w.org\/{rel}","templated":true}]}}