{"id":8875,"date":"2018-08-30T12:58:46","date_gmt":"2018-08-30T10:58:46","guid":{"rendered":"https:\/\/siemck.pl\/?p=8875"},"modified":"2018-10-02T11:29:18","modified_gmt":"2018-10-02T09:29:18","slug":"8875-2","status":"publish","type":"post","link":"https:\/\/www.siemck.pl\/8875-2\/","title":{"rendered":"Sklepik w Parku Tradycji"},"content":{"rendered":"<p>Siemianowickie Centrum Kultury informuje, \u017ce w dniu <strong>1 pa\u017adziernika 2018<\/strong> roku sklepik w SCK Parku Tradycji b\u0119dzie nieczynny.<\/p>\n<p>Przepraszamy!<\/p>\n","protected":false},"excerpt":{"rendered":"<p>Siemianowickie Centrum Kultury informuje, \u017ce w dniu 1 pa\u017adziernika 2018 roku sklepik w SCK Parku Tradycji b\u0119dzie nieczynny. Przepraszamy!<\/p>\n","protected":false},"author":5,"featured_media":8876,"comment_status":"closed","ping_status":"open","sticky":false,"template":"","format":"standard","meta":[],"categories":[1],"tags":[],"_links":{"self":[{"href":"https:\/\/www.siemck.pl\/wp-json\/wp\/v2\/posts\/8875"}],"collection":[{"href":"https:\/\/www.siemck.pl\/wp-json\/wp\/v2\/posts"}],"about":[{"href":"https:\/\/www.siemck.pl\/wp-json\/wp\/v2\/types\/post"}],"author":[{"embeddable":true,"href":"https:\/\/www.siemck.pl\/wp-json\/wp\/v2\/users\/5"}],"replies":[{"embeddable":true,"href":"https:\/\/www.siemck.pl\/wp-json\/wp\/v2\/comments?post=8875"}],"version-history":[{"count":4,"href":"https:\/\/www.siemck.pl\/wp-json\/wp\/v2\/posts\/8875\/revisions"}],"predecessor-version":[{"id":9499,"href":"https:\/\/www.siemck.pl\/wp-json\/wp\/v2\/posts\/8875\/revisions\/9499"}],"wp:featuredmedia":[{"embeddable":true,"href":"https:\/\/www.siemck.pl\/wp-json\/wp\/v2\/media\/8876"}],"wp:attachment":[{"href":"https:\/\/www.siemck.pl\/wp-json\/wp\/v2\/media?parent=8875"}],"wp:term":[{"taxonomy":"category","embeddable":true,"href":"https:\/\/www.siemck.pl\/wp-json\/wp\/v2\/categories?post=8875"},{"taxonomy":"post_tag","embeddable":true,"href":"https:\/\/www.siemck.pl\/wp-json\/wp\/v2\/tags?post=8875"}],"curies":[{"name":"wp","href":"https:\/\/api.w.org\/{rel}","templated":true}]}}