{"id":8853,"date":"2018-06-20T11:59:53","date_gmt":"2018-06-20T09:59:53","guid":{"rendered":"https:\/\/siemck.pl\/?p=8853"},"modified":"2018-07-18T12:25:14","modified_gmt":"2018-07-18T10:25:14","slug":"akcja-lato-w-sck","status":"publish","type":"post","link":"https:\/\/www.siemck.pl\/akcja-lato-w-sck\/","title":{"rendered":"Akcja Lato w SCK"},"content":{"rendered":"<p style=\"text-align: center;\"><b>AKCJA LATO 2018 W SCK<\/b><\/p>\n<p>&nbsp;<\/p>\n<p><b>LIPIEC:<\/b><\/p>\n<p><span style=\"font-weight: 400;\">01 lipca (niedziela) \u2013 Amfiteatr w Parku Miejskim &#8211; godz. 17.00 &#8211;<\/span><b> Teatralne Lato Pod Chmurk\u0105: <\/b><span style=\"font-weight: 400;\">\u201ePrzygody niesfornego Jasia\u201d &#8211; spektakl dla dzieci. Wst\u0119p wolny.<\/span><\/p>\n<p><span style=\"font-weight: 400;\">2,3,4,5,6 lipca (poniedzia\u0142ek-pi\u0105tek) \u2013 SCK Park Tradycji- \u00a0godz. 12.00-18.00 \u2013<\/span><b> Dmucha\u0144ce<\/b><span style=\"font-weight: 400;\"> dla dzieci<\/span><\/p>\n<p><span style=\"font-weight: 400;\">3 lipca (wtorek) \u2013 SCK Willa Fitznera \u2013 godz. 11.00 \u2013 Akcja Lato: Animacje dla dzieci<\/span><b>. Gry i zabawy <\/b><span style=\"font-weight: 400;\">muzyczne i taneczne dla dzieci w wieku przedszkolnym oraz klas I i II. Wst\u0119p wolny.<\/span><\/p>\n<p><span style=\"font-weight: 400;\">3 lipca (wtorek) \u2013 SCK Park Tradycji \u2013 godz. 11.00 \u2013 Akcja Lato: <\/span><b>Seans filmowy<\/b><span style=\"font-weight: 400;\"> dla dzieci w kinie Maks. Wst\u0119p wolny.<\/span><\/p>\n<p><span style=\"font-weight: 400;\">4 lipca (\u015broda) \u2013 SCK Park Tradycji \u2013 godz. 10.00 \u2013 Akcja Lato: <\/span><b>\u0141amig\u0142\u00f3wki m\u0105drej g\u0142\u00f3wki<\/b><span style=\"font-weight: 400;\"> \u2013 zaj\u0119cia dla dzieci. Ilo\u015b\u0107 miejsc ograniczona. Wymagane wcze\u015bniejsze zapisy.<\/span><\/p>\n<p><span style=\"font-weight: 400;\">5 lipca (czwartek) \u2013 SCK Park Tradycji \u2013 godz. 11.00 \u2013 Akcja Lato: <\/span><b>Seans filmowy<\/b><span style=\"font-weight: 400;\"> dla dzieci w kinie Maks. Wst\u0119p wolny.<\/span><\/p>\n<p><span style=\"font-weight: 400;\">6 lipca (pi\u0105tek) \u2013 SCK Park Tradycji \u2013 godz. 20.00 \u2013 Muzyczne lato pod szybem Krystyn: <\/span><b>koncert zespo\u0142u Strzyga.<\/b><span style=\"font-weight: 400;\"> Wst\u0119p wolny.<\/span><\/p>\n<p><span style=\"font-weight: 400;\">07 lipca (sobota) &#8211; godz. 10.00-12.00- <\/span><b>\u015aniadanie na trawie ze sztuk\u0105 w tle.<\/b><span style=\"font-weight: 400;\"> Wst\u0119p wolny.<\/span><\/p>\n<p><span style=\"font-weight: 400;\">07 lipca (sobota) \u2013 Amfiteatr w Parku Miejskim &#8211; godz. 17.00 &#8211; Letni Koncert: <\/span><b>Disco Polo Show<\/b><span style=\"font-weight: 400;\">. Wst\u0119p wolny.<\/span><\/p>\n<p><span style=\"font-weight: 400;\">08 lipca (niedziela) \u2013 Amfiteatr w Parku Miejskim &#8211; godz. 17.00 &#8211; <\/span><b>Teatralne Lato Pod Chmurk\u0105<\/b><span style=\"font-weight: 400;\">: \u201ePinokio\u201d &#8211; spektakl dla dzieci. Wst\u0119p wolny.<\/span><\/p>\n<p><span style=\"font-weight: 400;\">8 lipca (niedziela) \u2013 SCK Zameczek \u2013 godz. 16.30 \u2013 <\/span><b>Niedzielne popo\u0142udnie z muzyk\u0105<\/b><span style=\"font-weight: 400;\">. Koncert plenerowy na tarasie SCK Zameczek. Wst\u0119p wolny.<\/span><\/p>\n<p><span style=\"font-weight: 400;\">8 lipca (niedziela) \u2013 SCK Jarz\u0119bina \u2013 godz. 8.00 \u2013 <\/span><b>Wycieczka Rodzinna<\/b><span style=\"font-weight: 400;\"> do Brennej. Koszt \u2013 40 z\u0142. od osoby. Wyjazd z ulicy Kasztanowej. Bilety dost\u0119pne we wszystkich obiektach SCK.<\/span><\/p>\n<p><span style=\"font-weight: 400;\">9, 10, 11, 12, 13 lipca (poniedzia\u0142ek-pi\u0105tek) \u2013 SCK Park Tradycji &#8211; godz. 12.00-18.00 \u2013 <\/span><b>Dmucha\u0144ce<\/b><span style=\"font-weight: 400;\"> dla dzieci<\/span><\/p>\n<p><span style=\"font-weight: 400;\">9 lipca (poniedzia\u0142ek) \u2013 SCK Zameczek &#8211; Akcja Lato: <\/span><b>warsztaty plastyczne<\/b><span style=\"font-weight: 400;\"> dla dzieci \u201ePokoloruj lato\u201d (godzina 10.00- dzieci w wieku 6-8 lat, godzina 12.00 \u2013 dzieci 9-13). Wej\u015bci\u00f3wki do odbioru od lipca w SCK Zameczek.<\/span><\/p>\n<p><span style=\"font-weight: 400;\">10 lipca (wtorek) \u2013 SCK Zameczek \u2013 Akcja Lato: <\/span><b>warsztaty plastyczne<\/b><span style=\"font-weight: 400;\"> dla dzieci \u201ePokoloruj lato\u201d (godzina 10.00- dzieci w wieku 6-8 lat, godzina 12.00 \u2013 dzieci 9-13 lat). Wej\u015bci\u00f3wki do odbioru od lipca w SCK Zameczek.<\/span><\/p>\n<p><span style=\"font-weight: 400;\">10 lipca (wtorek) \u2013 SCK Park Tradycji \u2013 godz. 11.00 \u2013 Akcja Lato: <\/span><b>Seans filmowy <\/b><span style=\"font-weight: 400;\">dla dzieci w kinie Maks. Wst\u0119p wolny.<\/span><\/p>\n<p><span style=\"font-weight: 400;\">11 lipca (\u015broda) \u2013 SCK Zameczek \u2013 Akcja Lato: <\/span><b>warsztaty plastyczne<\/b><span style=\"font-weight: 400;\"> dla dzieci \u201ePokoloruj lato\u201d (godzina 10.00- dzieci w wieku 6-8 lat, godzina 12.00 \u2013 dzieci 9-13 lat). Wej\u015bci\u00f3wki do odbioru od lipca w SCK Zameczek.<\/span><\/p>\n<p><span style=\"font-weight: 400;\">11 lipca (\u015broda) \u2013 SCK Park Tradycji \u2013 godz. 10.00 \u2013 Akcja Lato: <\/span><b>\u0141amig\u0142\u00f3wki m\u0105drej g\u0142\u00f3wki<\/b><span style=\"font-weight: 400;\"> \u2013 zaj\u0119cia dla dzieci. Ilo\u015b\u0107 miejsc ograniczona. Wymagane wcze\u015bniejsze zapisy.<\/span><\/p>\n<p><span style=\"font-weight: 400;\">12 lipca (czwartek) \u2013 SCK Zameczek \u2013 Akcja Lato: <\/span><b>warsztaty plastyczne<\/b><span style=\"font-weight: 400;\"> dla dzieci \u201ePokoloruj lato\u201d (godzina 10.00- dzieci w wieku 6-8 lat, godzina 12.00 \u2013 dzieci 9-13 lat). Wej\u015bci\u00f3wki do odbioru od lipca w SCK Zameczek.<\/span><\/p>\n<p><span style=\"font-weight: 400;\">12 lipca (czwartek) \u2013 SCK Park Tradycji \u2013 godz. 11.00 \u2013 Akcja Lato: <\/span><b>Seans filmowy<\/b><span style=\"font-weight: 400;\"> dla dzieci w kinie Maks. Wst\u0119p wolny.<\/span><\/p>\n<p><span style=\"font-weight: 400;\">13 lipca (poniedzia\u0142ek) \u2013 SCK Zameczek \u2013 Akcja Lato: warsztaty plastyczne dla dzieci \u201ePokoloruj lato\u201d (godzina 10.00- dzieci w wieku 6-8 lat, godzina 12.00 \u2013 dzieci 9-13 lat). Wej\u015bci\u00f3wki do odbioru od lipca w SCK Zameczek.<\/span><\/p>\n<p><span style=\"font-weight: 400;\">13 lipca (pi\u0105tek) \u2013 SCK Park Tradycji \u2013 godz. 20.00 \u2013 Muzyczne Lato pod szybem Krystyn: <\/span><b>B\u0142a\u017cej Skowron Band \u00a0&#8211; koncert.<\/b><span style=\"font-weight: 400;\"> Wst\u0119p wolny.<\/span><\/p>\n<p><span style=\"font-weight: 400;\">13 lipca (pi\u0105tek) &#8211; Teren Parku Ludowego w Micha\u0142kowicach &#8211; godz. 20.30 &#8211; <\/span><b>Wewn\u0105trz Opowie\u015bci 2: Pi\u0105tek Trzynastego<\/b><span style=\"font-weight: 400;\"> &#8211; LARP. Ilo\u015b\u0107 miejsc ograniczona. Zg\u0142oszenia telefonicznie pod numerem 032 2287 280 wew. 11. Impreza dla os\u00f3b powy\u017cej 13 roku \u017cycia.<\/span><\/p>\n<p><span style=\"font-weight: 400;\">14 lipca (sobota) \u2013 Amfiteatr w Parku Miejskim &#8211; godz. 17.00 &#8211; \u00a0Letni Koncert: <\/span><b>Piotr Herdzina z zespo\u0142em Bez Nazwy<\/b><span style=\"font-weight: 400;\">. Wst\u0119p wolny.<\/span><\/p>\n<p><span style=\"font-weight: 400;\">14 lipca (sobota) \u2013 SCK Park Tradycji \u2013 godzina 11.00 \u2013 Piknik Energetyczny: zaj\u0119cia fitness, gry i zabawy dla dzieci. Wst\u0119p wolny.<\/span><\/p>\n<p><span style=\"font-weight: 400;\">15 lipca (niedziela) \u2013 Amfiteatr w Parku Miejskim &#8211; godz. 17.00 &#8211; <\/span><b>Teatralne Lato Pod Chmurk\u0105<\/b><span style=\"font-weight: 400;\">: \u201eW\u0142a\u015bnie leci show dla dzieci\u201d &#8211; spektakl dla dzieci. Wst\u0119p wolny.<\/span><\/p>\n<p><span style=\"font-weight: 400;\">15 lipca (niedziela) \u2013 SCK Jarz\u0119bina \u2013 godz. 9.00 \u2013 <\/span><b>Wycieczka Rodzinna<\/b><span style=\"font-weight: 400;\">: Rejs statkiem pod Odrze. Koszt \u2013 85 z\u0142. Wyjazd z ulicy Kasztanowej. Bilety dost\u0119pne we wszystkich obiektach SCK.<\/span><\/p>\n<p><span style=\"font-weight: 400;\">16 lipca (poniedzia\u0142ek) \u2013 SCK Bytk\u00f3w: Akcja Lato w Pracowni Plastycznej \u201eOkienko\u201d: Plastyczne, wakacyjne podr\u00f3\u017ce. Godz. 10.00- dzieci m\u0142odsze (6-9 lat), godz. 12.00 \u2013 dzieci starsze (10-16 lat). Ewentualne grupy zorganizowane zobowi\u0105zane s\u0105 do wcze\u015bniejszego kontaktu telefonicznego pod numerem 032 2287 280 wew. 15.\u00a0<\/span><\/p>\n<p><span style=\"font-weight: 400;\">16, 17, 18, 19, 20 lipca (poniedzia\u0142ek-pi\u0105tek) &#8211; godz. 12.00-18.00 &#8211; <\/span><b>Dmucha\u0144ce <\/b><span style=\"font-weight: 400;\">dla dzieci pod SCK Park Tradycji\u00a0<\/span><\/p>\n<p><span style=\"font-weight: 400;\">17 lipca (wtorek) \u2013 SCK Bytk\u00f3w: Akcja Lato w Pracowni Plastycznej \u201eOkienko\u201d: Plastyczne, wakacyjne podr\u00f3\u017ce. Godz. 10.00- dzieci m\u0142odsze (6-9 lat), godz. 12.00 \u2013 dzieci starsze (10-16 lat).\u00a0Ewentualne grupy zorganizowane zobowi\u0105zane s\u0105 do wcze\u015bniejszego kontaktu telefonicznego pod numerem 032 2287 280 wew. 15.\u00a0<\/span><\/p>\n<p><span style=\"font-weight: 400;\">17 lipca (wtorek) \u2013 SCK Willa Fitznera \u2013 godz. 11.00 \u2013 Akcja lato: Podr\u00f3\u017cnicze spotkanie dla dzieci \u201eAzja w g\u00f3r\u0119 i w d\u00f3\u0142\u201d. Prowadzenie Agnieszka B\u0142aszczyk i Pawe\u0142 Brzenczek. Wst\u0119p wolny.<\/span><\/p>\n<p><span style=\"font-weight: 400;\">17 lipca (wtorek) \u2013 SCK Park Tradycji \u2013 godz. 11.00 \u2013 Akcja Lato: Seans filmowy dla dzieci w kinie Maks. Wst\u0119p wolny.<\/span><\/p>\n<p><span style=\"font-weight: 400;\">18 lipca (\u015broda) \u2013 SCK Bytk\u00f3w: Akcja Lato w Pracowni Plastycznej \u201eOkienko\u201d: Plastyczne, wakacyjne podr\u00f3\u017ce. Godz. 10.00- dzieci m\u0142odsze (6-9 lat), godz. 12.00 \u2013 dzieci starsze (10-16 lat).\u00a0\u00a0Ewentualne grupy zorganizowane zobowi\u0105zane s\u0105 do wcze\u015bniejszego kontaktu telefonicznego pod numerem 032 2287 280 wew. 15.\u00a0<\/span><\/p>\n<p><span style=\"font-weight: 400;\">18 lipca (\u015broda) \u2013 SCK Park Tradycji \u2013 godz. 10.00 \u2013 Akcja Lato: \u0141amig\u0142\u00f3wki m\u0105drej g\u0142\u00f3wki \u2013 zaj\u0119cia dla dzieci. Ilo\u015b\u0107 miejsc ograniczona. Wymagane wcze\u015bniejsze zapisy.<\/span><\/p>\n<p><span style=\"font-weight: 400;\">19 lipca (czwartek) \u2013 SCK Bytk\u00f3w: Akcja Lato w Pracowni Plastycznej \u201eOkienko\u201d: Plastyczne, wakacyjne podr\u00f3\u017ce. Godz. 10.00- dzieci m\u0142odsze (6-9 lat), godz. 12.00 \u2013 dzieci starsze (10-16 lat).\u00a0Ewentualne grupy zorganizowane zobowi\u0105zane s\u0105 do wcze\u015bniejszego kontaktu telefonicznego pod numerem 032 2287 280 wew. 15.\u00a0<\/span><\/p>\n<p><span style=\"font-weight: 400;\">19 lipca (czwartek) \u2013 SCK Park Tradycji \u2013 godz. 11.00 \u2013 Akcja Lato: Seans filmowy dla dzieci w kinie Maks. Wst\u0119p wolny.<\/span><\/p>\n<p><span style=\"font-weight: 400;\">20 lipca (pi\u0105tek) \u2013 SCK Bytk\u00f3w- Akcja Lato w Pracowni Plastycznej \u201eOkienko\u201d: Plastyczne, wakacyjne podr\u00f3\u017ce. Godz. 10.00- dzieci m\u0142odsze (6-9 lat), godz. 12.00 \u2013 dzieci starsze (10-16 lat).\u00a0Ewentualne grupy zorganizowane zobowi\u0105zane s\u0105 do wcze\u015bniejszego kontaktu telefonicznego pod numerem 032 2287 280 wew. 15.\u00a0<\/span><\/p>\n<p><span style=\"font-weight: 400;\">20 lipca (pi\u0105tek) \u2013 SCK Park Tradycji \u2013 godz. 20.00 \u2013 Muzyczne Lato pod szybem Krystyn: <\/span><b>zesp\u00f3\u0142 Fotografia \u00a0&#8211; koncert<\/b><span style=\"font-weight: 400;\">. Wst\u0119p wolny.<\/span><\/p>\n<p><span style=\"font-weight: 400;\">21 lipca \u00a0(sobota) \u2013 Amfiteatr w Parku Miejskim &#8211; godz. 11.00 &#8211; \u00a0<\/span><b>Parada Gwiazd Telewizji TVS<\/b><span style=\"font-weight: 400;\">. Wyst\u0105pi\u0105: Kola i Jula, Teresa Waleria\u0144ska, \u00a0Kapela Wnuki, Grupa Wokalna Sunitus. Prowadzenie &#8211; Miros\u0142aw Riedel. Wst\u0119p wolny.<\/span><\/p>\n<p><span style=\"font-weight: 400;\">21 lipca (sobota) \u2013 SCK Park Tradycji \u2013 godzina 16.00-17.00 \u2013 <\/span><b>Fitness pod szybem<\/b><span style=\"font-weight: 400;\">. Prowadzenie \u2013 Bartez Dance. Wst\u0119p wolny. W razie niepogody zaj\u0119cia nie odb\u0119d\u0105 si\u0119.\u00a0<\/span><\/p>\n<p><span style=\"font-weight: 400;\">22 lipca (niedziela) \u2013 Amfiteatr w Parku Miejskim &#8211; godz. 17.00 &#8211; <\/span><b>Teatralne Lato Pod Chmurk\u0105<\/b><span style=\"font-weight: 400;\">: \u201eCzarodziejski kufer\u201d &#8211; spektakl dla dzieci. Wst\u0119p wolny.<\/span><\/p>\n<p><span style=\"font-weight: 400;\">22 lipca (niedziela) \u2013 SCK Jarz\u0119bina \u2013 godz. 7.00 \u2013 <\/span><b>Wycieczka Rodzinna<\/b><span style=\"font-weight: 400;\"> do Orawicy. Koszt \u2013 50 z\u0142. Wyjazd z ulicy Kasztanowej. Bilety wyprzedane.\u00a0<\/span><\/p>\n<p><span style=\"font-weight: 400;\">22 lipca (niedziela) \u2013 SCK Zameczek \u2013 godz. 16.30 \u2013 <\/span><b>Niedzielne popo\u0142udnie z muzyk\u0105<\/b><span style=\"font-weight: 400;\">. Koncert plenerowy na tarasie SCK Zameczek. Wst\u0119p wolny.<\/span><\/p>\n<p><span style=\"font-weight: 400;\">23 lipca (poniedzia\u0142ek) \u2013 SCK Bytk\u00f3w \u2013 godz. 10.00-12.00 \u2013 Akcja Lato: Dziki Zach\u00f3d, czyli westernowe zabawy na Bytkowie \u2013 gry i zabawy dla dzieci. Szeryf wkracza do akcji czyli uczymy si\u0119 przestrzega\u0107 prawa i dba\u0107 o bezpiecze\u0144stwo. Zaj\u0119cia dla dzieci od 5 roku \u017cycia.<\/span><\/p>\n<p><span style=\"font-weight: 400;\">23 lipca (poniedzia\u0142ek) &#8211; Rynek Miejski &#8211; godz. 11.00 &#8211; <\/span><b>\u015awi\u0119to Czekolady<\/b><span style=\"font-weight: 400;\">. Gry i zabawy dla dzieci. Prowadzenie \u2013 Tadeusz Zdechlikiewicz. Wst\u0119p wolny.<\/span><\/p>\n<p><span style=\"font-weight: 400;\">24 lipca (wtorek) \u2013 SCK Willa Fitznera \u2013 godz. 11.00 \u2013 Akcja Lato: Dziewczyny mierz\u0105 wysoko \u2013 projekcja filmowa i dyskusja o pasjach i zawodowych planach dziewcz\u0105t (gimnazjum, liceum). Wst\u0119p wolny.<\/span><\/p>\n<p><span style=\"font-weight: 400;\">24 lipca (wtorek) \u2013 SCK Park Tradycji \u2013 godz. 11.00 \u2013 Akcja Lato: Seans filmowy dla dzieci w kinie Maks. Wst\u0119p wolny.<\/span><\/p>\n<p><span style=\"font-weight: 400;\">24 lipca (wtorek) \u2013 SCK Bytk\u00f3w \u2013 godz. 10.00-12.00 \u2013 Akcja Lato: Dziki Zach\u00f3d, czyli westernowe zabawy na Bytkowie \u2013 gry i zabawy dla dzieci. India\u0144ski ob\u00f3z, czyli blada twarz poznaje zwyczaje i kultur\u0119 plemion P\u00f3\u0142nocnej Ameryki. Zaj\u0119cia dla dzieci od 5 roku \u017cycia.<\/span><\/p>\n<p><span style=\"font-weight: 400;\">24 lipca (wtorek) \u2013 SCK Zameczek \u2013 godz. 10.00 &#8211; Akcja Lato: Akademia Ma\u0142ego Odkrywcy \u2013 warsztaty dla dzieci w wieku 7-12 lat. Bezp\u0142atne wej\u015bci\u00f3wki do odbioru od 16 lipca.<\/span><\/p>\n<p><span style=\"font-weight: 400;\">25 lipca (\u015broda) \u2013 SCK Bytk\u00f3w \u2013 godz. 10.00-12.00 \u2013 Akcja Lato: Dziki Zach\u00f3d, czyli westernowe zabawy na Bytkowie \u2013 gry i zabawy dla dzieci. Saloon, czyli miejsce \u015bpiewu i ta\u0144ca. Bal w stylu westernowym. Zaj\u0119cia dla dzieci od 5 roku \u017cycia.<\/span><\/p>\n<p><span style=\"font-weight: 400;\">25 lipca (\u015broda) \u2013 SCK Zameczek \u2013 godz. 10.00- Akcja Lato: Akademia Ma\u0142ego Odkrywcy \u2013 warsztaty dla dzieci w wieku 7-12 lat. Bezp\u0142atne wej\u015bci\u00f3wki do odbioru od 16 lipca.<\/span><\/p>\n<p><span style=\"font-weight: 400;\">25 lipca (\u015broda) \u2013 SCK Park Tradycji \u2013 godz. 10.00 \u2013 Akcja Lato: \u0141amig\u0142\u00f3wki m\u0105drej g\u0142\u00f3wki \u2013 zaj\u0119cia dla dzieci. Ilo\u015b\u0107 miejsc ograniczona. Wymagane wcze\u015bniejsze zapisy.<\/span><\/p>\n<p><span style=\"font-weight: 400;\">26 lipca (czwartek) \u2013 SCK Bytk\u00f3w \u2013 godz. 10.00-12.00 \u2013 Akcja Lato: Dziki Zach\u00f3d, czyli westernowe zabawy na Bytkowie \u2013 gry i zabawy dla dzieci. Tropiciele- tropy przyrody, czyli co w trawie piszczy. Poznajemy przyrod\u0119 najbli\u017cszego otoczenia. Zaj\u0119cia dla dzieci od 5 roku \u017cycia.<\/span><\/p>\n<p><span style=\"font-weight: 400;\">26 lipca (czwartek) \u2013 SCK Zameczek \u2013 godz. 10.00 &#8211; Akcja Lato: Akademia Ma\u0142ego Odkrywcy \u2013 warsztaty dla dzieci w wieku 7-12 lat. Bezp\u0142atne wej\u015bci\u00f3wki do odbioru od 16 lipca.<\/span><\/p>\n<p><span style=\"font-weight: 400;\">26 lipca (czwartek) \u2013 SCK Park Tradycji \u2013 godz. 11.00 \u2013 Akcja Lato: Seans filmowy dla dzieci w kinie Maks. Wst\u0119p wolny.<\/span><\/p>\n<p><span style=\"font-weight: 400;\">23, 24, 25, 26, 27 lipca (poniedzia\u0142ek-pi\u0105tek) &#8211; godz. 12.00-18.00 &#8211; <\/span><b>Dmucha\u0144ce<\/b><span style=\"font-weight: 400;\"> dla dzieci pod SCK Park Tradycji\u00a0<\/span><\/p>\n<p><span style=\"font-weight: 400;\">27 lipca (pi\u0105tek) &#8211; godz. 20.00 &#8211; przy Parku Tradycji &#8211;<\/span><b> CHILL TIME <\/b><span style=\"font-weight: 400;\">\u2013 klimatyczny koncert pod wie\u017c\u0105 szybu Krystyn. Wyst\u0105pi zesp\u00f3\u0142 <\/span><b>Albo i Nie.<\/b><span style=\"font-weight: 400;\"> Wst\u0119p wolny. Wa razie niepogody koncert odb\u0119dzie si\u0119 w Parku Tradycji.\u00a0<\/span><\/p>\n<p><span style=\"font-weight: 400;\">28 lipca \u00a0(sobota) \u2013 Amfiteatr w Parku Miejskim &#8211; godz. 17.00 &#8211; \u00a0Letni Koncert: <\/span><b>DAMIAN HOLECKI Z ZESPO\u0141EM.<\/b><span style=\"font-weight: 400;\"> Wst\u0119p wolny<\/span><\/p>\n<p><span style=\"font-weight: 400;\">29 lipca (niedziela) &#8211; Amfiteatr w Parku Miejskim &#8211; godz. 17.00 &#8211; <\/span><b>Teatralne Lato Pod Chmurk\u0105:<\/b><span style=\"font-weight: 400;\"> \u201eBia\u0142y kie\u0142\u201d &#8211; spektakl dla dzieci. Wst\u0119p wolny.<\/span><\/p>\n<p><span style=\"font-weight: 400;\">29 lipca (niedziela) \u2013 SCK Jarz\u0119bina \u2013 godz. 8.00 \u2013 <\/span><b>Wycieczka Rodzinna<\/b><span style=\"font-weight: 400;\"> do Ustronia. Koszt \u2013 40 z\u0142. od osoby. Wyjazd z ulicy Kasztanowej. Bilety dost\u0119pne we wszystkich obiektach SCK.<\/span><\/p>\n<p><span style=\"font-weight: 400;\">30, 31 lipca, 1, 2, 3, sierpnia (poniedzia\u0142ek-pi\u0105tek) &#8211; godz. 12.00-18.00 &#8211; <\/span><b>Dmucha\u0144ce<\/b><span style=\"font-weight: 400;\"> dla dzieci pod SCK Park Tradycji\u00a0<\/span><\/p>\n<p><span style=\"font-weight: 400;\">31 lipca (wtorek) \u2013 SCK Willa Fitznera \u2013 godz. 11.00 \u2013 Akcja Lato: Azja od kuchni. Spotkanie podr\u00f3\u017cnicze dla dzieci. Wst\u0119p wolny.<\/span><\/p>\n<p><span style=\"font-weight: 400;\">31 lipca (wtorek) \u2013 SCK Park Tradycji \u2013 godz. 11.00 \u2013 Akcja Lato: Seans filmowy dla dzieci w kinie Maks. Wst\u0119p wolny.<\/span><\/p>\n<p>&nbsp;<\/p>\n<p><b>SIERPIE\u0143:<\/b><\/p>\n<p><span style=\"font-weight: 400;\">1 sierpnia (\u015broda) \u2013 SCK Park Tradycji \u2013 godz. 11.00 \u2013 Akcja Lato: <b>Seans filmowy<\/b> dla dzieci w kinie Maks. Wst\u0119p wolny.<\/span><\/p>\n<p><span style=\"font-weight: 400;\">2 sierpnia (czwartek) \u2013 SCK Park Tradycji \u2013 godz. 11.00 \u2013 Akcja Lato: Seans filmowy dla dzieci w kinie Maks. Wst\u0119p wolny.<\/span><\/p>\n<p><span style=\"font-weight: 400;\">3 sierpnia (pi\u0105tek) &#8211; SCK Zameczek\/ Park G\u00f3rnik &#8211; godz. 20.00- <\/span><b>Wewn\u0105trz Opowie\u015bci 2: Ferdydurke<\/b><span style=\"font-weight: 400;\"> &#8211; gra miejska. Bilety &#8211; 5 z\u0142otych od osoby. Dzieci wy\u0142\u0105cznie pod opiek\u0105 os\u00f3b doros\u0142ych.<\/span><\/p>\n<p><span style=\"font-weight: 400;\">3 sierpnia (pi\u0105tek) &#8211; SCK Park Tradycji &#8211; godz. 20.00 &#8211; Muzyczne lato pod szybem Krystyn: <\/span><b>Adam Banach Ecl`Ectric &#8211; koncert<\/b><b>.<\/b><span style=\"font-weight: 400;\"> Wst\u0119p wolny. W razie braku pogody koncert odb\u0119dzie si\u0119 w Parku Tradycji.\u00a0<\/span><\/p>\n<p><span style=\"font-weight: 400;\">4 sierpnia (sobota) \u2013 Amfiteatr w Parku Miejskim &#8211; godz. 17.00 &#8211;<\/span><b>Koncert fina\u0142owy VI Siemianowickich Warsztat\u00f3w Bluesowych.<\/b><span style=\"font-weight: 400;\"> Wyst\u0105pi znakomita bluesowo-soulowo- gospelowa wokalistka <\/span><b>Beata Bednarz.<\/b><span style=\"font-weight: 400;\"> Na scenie towarzyszy\u0107 jej b\u0119d\u0105 muzycy prowadz\u0105cy warsztaty. Zaprezentuj\u0105 si\u0119 r\u00f3wnie\u017c uczestnicy warsztat\u00f3w. Wst\u0119p wolny.<\/span><\/p>\n<p><span style=\"font-weight: 400;\">4 sierpnia (sobota) \u2013 SCK Zameczek- godz. 10.00 &#8211; <\/span><b>\u015aniadanie na trawie ze sztuk\u0105 w tle.<\/b><span style=\"font-weight: 400;\"> Wst\u0119p wolny.<\/span><\/p>\n<p><span style=\"font-weight: 400;\">5 sierpnia (niedziela) \u2013 Amfiteatr w Parku Miejskim &#8211; godz. 17.00 &#8211; <\/span><b>Teatralne Lato Pod Chmurk\u0105<\/b><span style=\"font-weight: 400;\">: \u201eMaszyna zmian\u201d &#8211; spektakl dla dzieci. Wst\u0119p wolny.<\/span><\/p>\n<p><span style=\"font-weight: 400;\">5 sierpnia (niedziela) \u2013 SCK Jarz\u0119bina \u2013 godz. 9.00 \u2013 <\/span><b>Wycieczka Rodzinna<\/b><span style=\"font-weight: 400;\"> do Jablonkowa, na Gorolskie \u015awi\u0119to. Koszt \u2013 50 z\u0142. od osoby. Wyjazd z ulicy Kasztanowej. Bilety wyprzedane.\u00a0<\/span><\/p>\n<p><span style=\"font-weight: 400;\">5 sierpnia (niedziela) \u2013 SCK Zameczek \u2013 godz. 16.30 \u2013 <\/span><b>Niedzielne popo\u0142udnie z muzyk\u0105<\/b><span style=\"font-weight: 400;\">. Koncert plenerowy na tarasie SCK Zameczek. Wst\u0119p wolny.<\/span><\/p>\n<p><span style=\"font-weight: 400;\">6 sierpnia (poniedzia\u0142ek) \u2013 godz. 10.00-12.00 \u2013 SCK Bytk\u00f3w \u2013 Akcja Lato: <\/span><b>zaj\u0119cia ceramiczne dla dzieci<\/b><span style=\"font-weight: 400;\">. Liczba miejsc ograniczona. Zaj\u0119cia dla dzieci od 6 roku \u017cycia. Obowi\u0105zuj\u0105 wcze\u015bniejsze zapisy telefoniczne pod numerem 032 2287 280.<\/span><\/p>\n<p><span style=\"font-weight: 400;\">6, 7, 8, 9, 10 sierpnia (poniedzia\u0142ek-pi\u0105tek) &#8211; godz. 12.00-18.00 &#8211; <\/span><b>Dmucha\u0144ce <\/b><span style=\"font-weight: 400;\">dla dzieci pod SCK Park Tradycji\u00a0<\/span><\/p>\n<p><span style=\"font-weight: 400;\">7 sierpnia (wtorek) \u2013 SCK Willa Fitznera \u2013 godz. 11.00 \u2013 Akcja Lato: Animacje dla dzieci. Gry i zabawy muzyczne i taneczne dla dzieci w wieku przedszkolnym oraz klas I-III. Wst\u0119p wolny.<\/span><\/p>\n<p><span style=\"font-weight: 400;\">7 sierpnia (wtorek) \u2013 SCK Bytk\u00f3w \u2013 godz. 10.00 \u2013 Akcja Lato: Warsztaty taneczne hip-hop dla dzieci.<\/span><\/p>\n<p><span style=\"font-weight: 400;\">7 sierpnia (wtorek) \u2013 SCK Park Tradycji \u2013 godz. 11.00 \u2013 Akcja Lato: Seans filmowy dla dzieci w kinie Maks. Wst\u0119p wolny.<\/span><\/p>\n<p><span style=\"font-weight: 400;\">8 sierpnia (\u015broda) \u2013 SCK Bytk\u00f3w \u2013 godz. 10.00 \u2013 Akcja Lato: Warsztaty taneczne hip-hop dla dzieci.<\/span><\/p>\n<p><span style=\"font-weight: 400;\">8 sierpnia (\u015broda) \u2013 SCK Park Tradycji \u2013 godz. 11.00 \u2013 Akcja Lato: <b>Seans filmowy<\/b> dla dzieci w kinie Maks. Wst\u0119p wolny.<\/span><\/p>\n<p><span style=\"font-weight: 400;\">9 sierpnia (czwartek) \u2013 SCK Bytk\u00f3w \u2013 godz. 10.00 \u2013 Akcja Lato: Warsztaty taneczne hip-hop dla dzieci.<\/span><\/p>\n<p><span style=\"font-weight: 400;\">9 sierpnia (czwartek) \u2013 SCK Park Tradycji \u2013 godz. 11.00 \u2013 Akcja Lato: Seans filmowy dla dzieci w kinie Maks. Wst\u0119p wolny.<\/span><\/p>\n<p><span style=\"font-weight: 400;\">10 sierpnia (pi\u0105tek) \u2013 SCK Park Tradycji \u2013 godz. 20.00 \u2013 Muzyczne Lato pod szybem Krystyn: <\/span><b>Joanna Niebroj z zespo\u0142em \u00a0<\/b><span style=\"font-weight: 400;\">&#8211; koncert. Wst\u0119p wolny. W razie niepogody koncert odb\u0119dzie si\u0119 w Parku Tradycji.\u00a0\u00a0<\/span><\/p>\n<p><span style=\"font-weight: 400;\">11 sierpnia (sobota) \u2013 Amfiteatr w Parku Miejskim &#8211; godz. 17.00 &#8211; Letni Koncert: <\/span><b>MIREK J\u0118DROWSKI Z ZESPO\u0141EM<\/b><span style=\"font-weight: 400;\">. Wst\u0119p wolny.<\/span><\/p>\n<p><span style=\"font-weight: 400;\">11 sierpnia (sobota) \u2013 SCK Park Tradycji \u2013 godzina 16.00- 17.00 \u2013 <\/span><b>Fitness pod szybem<\/b><span style=\"font-weight: 400;\">. Prowadzenie: Bartez Dance. Wst\u0119p wolny. W razie niepogody zaj\u0119cia nie odb\u0119d\u0105 si\u0119.\u00a0<\/span><\/p>\n<p><span style=\"font-weight: 400;\">12 sierpnia (niedziela) \u2013 Amfiteatr w Parku Miejskim &#8211; godz. 17.00 &#8211; <\/span><b>Teatralne Lato Pod Chmurk\u0105<\/b><span style=\"font-weight: 400;\">: \u201eObibok i Pestka na olimpiadzie\u201d &#8211; spektakl dla dzieci. Wst\u0119p wolny.<\/span><\/p>\n<p><span style=\"font-weight: 400;\">12 sierpnia (niedziela) \u2013 SCK Jarz\u0119bina \u2013 godz. 7.00 \u2013<\/span><b>Wycieczka Rodzinna<\/b><span style=\"font-weight: 400;\"> do w\u00f3d termalnych w Szaflarach i Zakopanego. Bilety wyprzedane.\u00a0<\/span><\/p>\n<p><span style=\"font-weight: 400;\">13 sierpnia (poniedzia\u0142ek) \u2013 godz. 10.00-12.00 \u2013 SCK Bytk\u00f3w \u2013 Akcja Lato: <\/span><b>zaj\u0119cia ceramiczne dla dzieci<\/b><span style=\"font-weight: 400;\">. Liczba miejsc ograniczona. Zaj\u0119cia dla dzieci od 6 roku \u017cycia. Obowi\u0105zuj\u0105 wcze\u015bniejsze zapisy telefoniczne pod numerem 032 2287 280.<\/span><\/p>\n<p><span style=\"font-weight: 400;\">13, 14, 15, 16, 17 sierpnia (poniedzia\u0142ek-pi\u0105tek) &#8211; godz. 12.00-18.00 &#8211; <\/span><b>Dmucha\u0144ce<\/b><span style=\"font-weight: 400;\"> dla dzieci pod SCK Park Tradycji\u00a0<\/span><\/p>\n<p><span style=\"font-weight: 400;\">14 sierpnia (wtorek) \u2013 SCK Park Tradycji \u2013 godz. 11.00 \u2013 Akcja Lato: Seans filmowy dla dzieci w kinie Maks. Wst\u0119p wolny.<\/span><\/p>\n<p><span style=\"font-weight: 400;\">16 sierpnia (czwartek) \u2013 SCK Park Tradycji \u2013 godz. 11.00 \u2013 Akcja Lato: Seans filmowy dla dzieci w kinie Maks. Wst\u0119p wolny.<\/span><\/p>\n<p><span style=\"font-weight: 400;\">17 sierpnia (pi\u0105tek) \u2013 SCK Park Tradycji \u2013 godz. 20.00 \u2013 Muzyczne Lato pod szybem Krystyn: <\/span><b>zesp\u00f3\u0142 Tukej<\/b><span style=\"font-weight: 400;\"> \u00a0&#8211; koncert. Wst\u0119p wolny. W razie niepogody koncert odb\u0119dzie si\u0119 w parku Tradycji.\u00a0<\/span><\/p>\n<p><span style=\"font-weight: 400;\">18 sierpnia (sobota) \u2013 Amfiteatr w Parku Miejskim &#8211; godz. 17.00 &#8211; Letni Koncert: <\/span><b>Grzegorz Poloczek i przyjaciele.<\/b><span style=\"font-weight: 400;\"> Wst\u0119p wolny.\u00a0<\/span><\/p>\n<p><span style=\"font-weight: 400;\">18 sierpnia (sobota) \u2013godz. 16.00- \u00a0<\/span><b>Pirackie Siemianowice 4.0 \u2013 Ostatni rejs<\/b><span style=\"font-weight: 400;\">: plenerowa zabawa dla dzieci. Wst\u0119p wolny.<\/span><\/p>\n<p><span style=\"font-weight: 400;\">19 sierpnia (niedziela) \u2013 SCK Zameczek \u2013 godz. 16.30 \u2013<\/span><b> Niedzielne popo\u0142udnie z muzyk\u0105<\/b><span style=\"font-weight: 400;\">. Koncert plenerowy na tarasie SCK Zameczek. Wst\u0119p wolny.<\/span><\/p>\n<p><span style=\"font-weight: 400;\">19 sierpnia (niedziela) \u2013 Amfiteatr w Parku Miejskim &#8211; godz. 17.00 &#8211; <\/span><b>Teatralne Lato Pod Chmurk\u0105<\/b><span style=\"font-weight: 400;\">: \u201ePan Twardowski\u201d &#8211; spektakl dla dzieci. Wst\u0119p wolny.<\/span><\/p>\n<p><span style=\"font-weight: 400;\">19 sierpnia (niedziela) \u2013 SCK Jarz\u0119bina \u2013 godz. 9.00- <\/span><b>Wycieczka Rodzinna:<\/b><span style=\"font-weight: 400;\"> Rejs statkiem po Odrze, po\u0142\u0105czony z biesiad\u0105. Koszt \u2013 85 z\u0142. od osoby. Wyjazd z ulicy Kasztanowej. Bilety do nabycia w kasach wszystkich obiekt\u00f3w SCK.<\/span><\/p>\n<p><span style=\"font-weight: 400;\">20, 21, 22, 23, 24 sierpnia (poniedzia\u0142ek-pi\u0105tek) &#8211; godz. 12.00-18.00 &#8211; Dmucha\u0144ce dla dzieci pod SCK Park Tradycji\u00a0<\/span><\/p>\n<p><span style=\"font-weight: 400;\">21 sierpnia (wtorek) \u2013 SCK Park Tradycji \u2013 godz. 11.00 \u2013 Akcja Lato: Seans filmowy dla dzieci w kinie Maks. Wst\u0119p wolny.<\/span><\/p>\n<p><span style=\"font-weight: 400;\">22 sierpnia (\u015broda) \u2013 SCK Park Tradycji \u2013 godz. 11.00 \u2013 Akcja Lato: <b>Seans filmowy<\/b> dla dzieci w kinie Maks. Wst\u0119p wolny.<\/span><\/p>\n<p><span style=\"font-weight: 400;\">23 sierpnia (czwartek) \u2013 SCK Park Tradycji \u2013 godz. 11.00 \u2013 Akcja Lato: Seans filmowy dla dzieci w kinie Maks. Wst\u0119p wolny.<\/span><\/p>\n<p><span style=\"font-weight: 400;\">24 sierpnia (pi\u0105tek) \u2013 SCK Park Tradycji \u2013 godz. 11.00 &#8211; Dzie\u0144 Bezpiecze\u0144stwa dla dzieci. Pokazy i prelekcje dla dzieci przygotowane przez s\u0142u\u017cby ratownictwa. Wst\u0119p wolny.<\/span><\/p>\n<p><span style=\"font-weight: 400;\">24 sierpnia (pi\u0105tek) &#8211; Park Miejski &#8211; godz. 20.00 &#8211; <\/span><b>Wewn\u0105trz\u00a0<\/b><b>Opowie\u015bci 2: Balladyna<\/b><span style=\"font-weight: 400;\"> &#8211; gra miejska. Bilety &#8211; 5 z\u0142otych od osoby. Impreza dla os\u00f3b powy\u017cej 13 roku \u017cycia.<\/span><\/p>\n<p><span style=\"font-weight: 400;\">25 sierpnia (sobota) &#8211; Amfiteatr w Parku Miejskim &#8211; godz. 17.00 &#8211; <\/span><b>Letnie \u015awi\u0119to Folkloru<\/b><span style=\"font-weight: 400;\">: Zesp\u00f3\u0142 Pie\u015bni i Ta\u0144ca \u201eSiemianowice\u201d, zagraniczny zesp\u00f3\u0142 folklorystyczny w ramach 30 Mi\u0119dzynarodowego Studenckiego Festiwalu Folklorystycznego oraz <\/span><b>KGB &#8211; Kabaretowa Grupa Biesiadna<\/b><span style=\"font-weight: 400;\">. Wst\u0119p wolny.<\/span><\/p>\n<p><span style=\"font-weight: 400;\">25 sierpnia (sobota) \u2013 SCK Park Tradycji \u2013 godzina 16.00-17.00 \u2013 <\/span><b>Fitness pod szybem<\/b><span style=\"font-weight: 400;\">. Prowadzenie: Bartez Dance. Wst\u0119p wolny. W razie niepogody zaj\u0119cia nie odb\u0119d\u0105 si\u0119.\u00a0<\/span><\/p>\n<p><span style=\"font-weight: 400;\">26 sierpnia (niedziela) \u2013 Teren przy SCK- Parku Tradycji \u2013 godz. 11.00- \u00a0<\/span><b>THE END OF SUMMER. <\/b><span style=\"font-weight: 400;\">Zlot samochod\u00f3w tuningowanych. Wst\u0119p wolny<\/span><\/p>\n<p><span style=\"font-weight: 400;\">26 sierpnia (niedziela)- Amfiteatr w Parku Miejskim &#8211; godz. 17.00 &#8211; <\/span><b>Teatralne Lato Pod Chmurk\u0105<\/b><span style=\"font-weight: 400;\">: \u201eZ \u017cycia smok\u00f3w\u201d &#8211; spektakl dla dzieci. Wst\u0119p wolny.<\/span><\/p>\n<p><span style=\"font-weight: 400;\">26 sierpnia (niedziela) \u2013 SCK Jarz\u0119bina \u2013 godz. 8.00- <\/span><b>Wycieczka Rodzinna<\/b><span style=\"font-weight: 400;\"> do Kopalni Soli Wieliczka. Koszt \u2013 95 z\u0142. doro\u015bli\/ 80 z\u0142. seniorzy i dzieci. Wyjazd z ulicy Kasztanowej. Bilety wyprzedane.\u00a0<\/span><\/p>\n<p><span style=\"font-weight: 400;\">27, 28, 29, 30, 31 sierpnia (poniedzia\u0142ek-pi\u0105tek) &#8211; godz. 12.00-18.00 &#8211; <\/span><b>Dmucha\u0144ce<\/b><span style=\"font-weight: 400;\"> dla dzieci pod SCK Park Tradycji\u00a0<\/span><\/p>\n<p><span style=\"font-weight: 400;\">27 sierpnia (poniedzia\u0142ek) \u2013 SCK Bytk\u00f3w \u2013 godz. 10.00 \u2013 Akcja Lato: Warsztaty teatralne \u201eCzas scenicznych kreacji\u201d: G\u0142os \u2013 czyli warsztaty mowy i tonacji. Dla dzieci od 5 roku \u017cycia.<\/span><\/p>\n<p><span style=\"font-weight: 400;\">28 sierpnia (wtorek) \u2013 SCK Bytk\u00f3w \u2013 godz. 10.00 \u2013 Akcja Lato: Warsztaty teatralne \u201eCzas scenicznych kreacji\u201d: Tworzenie postaci. Dla dzieci od 5 roku \u017cycia.<\/span><\/p>\n<p><span style=\"font-weight: 400;\">28 sierpnia (wtorek) \u2013 SCK Park Tradycji \u2013 godz. 11.00 \u2013 Akcja Lato: Seans filmowy dla dzieci w kinie Maks. Wst\u0119p wolny.<\/span><\/p>\n<p><span style=\"font-weight: 400;\">29 sierpnia (\u015broda) \u2013 SCK Bytk\u00f3w \u2013 godz. 10.00 \u2013 Akcja Lato: Warsztaty teatralne \u201eCzas scenicznych kreacji\u201d: Scenografia. Dla dzieci od 5 roku \u017cycia.<\/span><\/p>\n<p><span style=\"font-weight: 400;\">29 sierpnia (\u015broda) \u2013 SCK Park Tradycji \u2013 godz. 11.00 \u2013 Akcja Lato: <b>Seans filmowy<\/b> dla dzieci w kinie Maks. Wst\u0119p wolny.<\/span><\/p>\n<p><span style=\"font-weight: 400;\">30 sierpnia (czwartek) \u2013 SCK Bytk\u00f3w \u2013 godz. 10.00 \u2013 Akcja Lato: Warsztaty teatralne \u201eczas scenicznych kreacji\u201d: \u015awiat jest teatrem, czyli tworzymy spektakl. Dla dzieci od 5 roku \u017cycia.<\/span><\/p>\n<p><span style=\"font-weight: 400;\">30 sierpnia (czwartek) \u2013 SCK Park Tradycji \u2013 godz. 11.00 \u2013 Akcja Lato: Seans filmowy dla dzieci w kinie Maks. Wst\u0119p wolny.<\/span><\/p>\n<p><span style=\"font-weight: 400;\">31 sierpnia (pi\u0105tek) &#8211; przy Parku Tradycji &#8211; godz. 20.00 &#8211; <\/span><b>CHILL TIME:<\/b><span style=\"font-weight: 400;\"> klimatyczny koncert pod wie\u017c\u0105 szybu Krystyn. Wyst\u0105pi <\/span><b>Aleksandra Malik Band<\/b><span style=\"font-weight: 400;\">. Wst\u0119p wolny. W razie niepogody koncert odb\u0119dzie si\u0119 w Parku Tradycji.\u00a0<\/span><\/p>\n","protected":false},"excerpt":{"rendered":"<p>AKCJA LATO 2018 W SCK &nbsp; LIPIEC: 01 lipca (niedziela) \u2013 Amfiteatr w Parku Miejskim &#8211; godz. 17.00 &#8211; Teatralne Lato Pod Chmurk\u0105: \u201ePrzygody niesfornego Jasia\u201d &#8211; spektakl dla dzieci. Wst\u0119p wolny. 2,3,4,5,6 lipca (poniedzia\u0142ek-pi\u0105tek) \u2013 SCK Park Tradycji- \u00a0godz. 12.00-18.00 \u2013 Dmucha\u0144ce dla dzieci 3 lipca (wtorek) \u2013 SCK Willa Fitznera \u2013 godz. 11.00 [&hellip;]<\/p>\n","protected":false},"author":6,"featured_media":8854,"comment_status":"closed","ping_status":"open","sticky":false,"template":"","format":"standard","meta":[],"categories":[1],"tags":[],"_links":{"self":[{"href":"https:\/\/www.siemck.pl\/wp-json\/wp\/v2\/posts\/8853"}],"collection":[{"href":"https:\/\/www.siemck.pl\/wp-json\/wp\/v2\/posts"}],"about":[{"href":"https:\/\/www.siemck.pl\/wp-json\/wp\/v2\/types\/post"}],"author":[{"embeddable":true,"href":"https:\/\/www.siemck.pl\/wp-json\/wp\/v2\/users\/6"}],"replies":[{"embeddable":true,"href":"https:\/\/www.siemck.pl\/wp-json\/wp\/v2\/comments?post=8853"}],"version-history":[{"count":5,"href":"https:\/\/www.siemck.pl\/wp-json\/wp\/v2\/posts\/8853\/revisions"}],"predecessor-version":[{"id":8984,"href":"https:\/\/www.siemck.pl\/wp-json\/wp\/v2\/posts\/8853\/revisions\/8984"}],"wp:featuredmedia":[{"embeddable":true,"href":"https:\/\/www.siemck.pl\/wp-json\/wp\/v2\/media\/8854"}],"wp:attachment":[{"href":"https:\/\/www.siemck.pl\/wp-json\/wp\/v2\/media?parent=8853"}],"wp:term":[{"taxonomy":"category","embeddable":true,"href":"https:\/\/www.siemck.pl\/wp-json\/wp\/v2\/categories?post=8853"},{"taxonomy":"post_tag","embeddable":true,"href":"https:\/\/www.siemck.pl\/wp-json\/wp\/v2\/tags?post=8853"}],"curies":[{"name":"wp","href":"https:\/\/api.w.org\/{rel}","templated":true}]}}