{"id":8488,"date":"2018-05-25T23:09:49","date_gmt":"2018-05-25T21:09:49","guid":{"rendered":"https:\/\/siemck.pl\/?p=8488"},"modified":"2022-09-08T09:13:05","modified_gmt":"2022-09-08T07:13:05","slug":"przestrzegamy-zapisow-rodo","status":"publish","type":"post","link":"https:\/\/www.siemck.pl\/przestrzegamy-zapisow-rodo\/","title":{"rendered":"Przestrzegamy zapis\u00f3w RODO"},"content":{"rendered":"<p><strong>Szanowni Pa\u0144stwo,<\/strong><\/p>\n<p>W zwi\u0105zku z rozpocz\u0119ciem w dniu 25 maja 2018 obowi\u0105zywania przepis\u00f3w unijnego rozporz\u0105dzenia o ochronie danych osobowych (zwanych tak\u017ce <strong>RODO<\/strong>), jeste\u015bmy zobowi\u0105zani do przekazania Pa\u0144stwu informacji o przetwarzanych Pa\u0144stwa danych osobowych. Tre\u015b\u0107 informacji znajduje si\u0119 pod adresem: <a href=\"http:\/\/www.siemck.pl\/rodo\" target=\"_blank\" rel=\"noopener\">http:\/\/www.siemck.pl\/rodo<\/a><\/p>\n","protected":false},"excerpt":{"rendered":"<p>Szanowni Pa\u0144stwo, W zwi\u0105zku z rozpocz\u0119ciem w dniu 25 maja 2018 obowi\u0105zywania przepis\u00f3w unijnego rozporz\u0105dzenia o ochronie danych osobowych (zwanych tak\u017ce RODO), jeste\u015bmy zobowi\u0105zani do przekazania Pa\u0144stwu informacji o przetwarzanych Pa\u0144stwa danych osobowych. Tre\u015b\u0107 informacji znajduje si\u0119 pod adresem: http:\/\/www.siemck.pl\/rodo<\/p>\n","protected":false},"author":9,"featured_media":8489,"comment_status":"closed","ping_status":"open","sticky":false,"template":"","format":"standard","meta":[],"categories":[1],"tags":[],"_links":{"self":[{"href":"https:\/\/www.siemck.pl\/wp-json\/wp\/v2\/posts\/8488"}],"collection":[{"href":"https:\/\/www.siemck.pl\/wp-json\/wp\/v2\/posts"}],"about":[{"href":"https:\/\/www.siemck.pl\/wp-json\/wp\/v2\/types\/post"}],"author":[{"embeddable":true,"href":"https:\/\/www.siemck.pl\/wp-json\/wp\/v2\/users\/9"}],"replies":[{"embeddable":true,"href":"https:\/\/www.siemck.pl\/wp-json\/wp\/v2\/comments?post=8488"}],"version-history":[{"count":4,"href":"https:\/\/www.siemck.pl\/wp-json\/wp\/v2\/posts\/8488\/revisions"}],"predecessor-version":[{"id":8493,"href":"https:\/\/www.siemck.pl\/wp-json\/wp\/v2\/posts\/8488\/revisions\/8493"}],"wp:featuredmedia":[{"embeddable":true,"href":"https:\/\/www.siemck.pl\/wp-json\/wp\/v2\/media\/8489"}],"wp:attachment":[{"href":"https:\/\/www.siemck.pl\/wp-json\/wp\/v2\/media?parent=8488"}],"wp:term":[{"taxonomy":"category","embeddable":true,"href":"https:\/\/www.siemck.pl\/wp-json\/wp\/v2\/categories?post=8488"},{"taxonomy":"post_tag","embeddable":true,"href":"https:\/\/www.siemck.pl\/wp-json\/wp\/v2\/tags?post=8488"}],"curies":[{"name":"wp","href":"https:\/\/api.w.org\/{rel}","templated":true}]}}