{"id":8474,"date":"2018-06-04T14:23:22","date_gmt":"2018-06-04T12:23:22","guid":{"rendered":"https:\/\/siemck.pl\/?p=8474"},"modified":"2018-10-08T19:33:58","modified_gmt":"2018-10-08T17:33:58","slug":"oglaszamy-konkurs","status":"publish","type":"post","link":"https:\/\/www.siemck.pl\/oglaszamy-konkurs\/","title":{"rendered":"OG\u0141ASZAMY KONKURS!"},"content":{"rendered":"<p>wsp\u00f3\u0142 \/ kultura to projekt realizowany przez Siemianowickie Centrum Kultury w ramach programu Dom Kultury+ Inicjatywy Lokalne Narodowego Centrum Kultury w Warszawie.<\/p>\n<p>Pierwszy etap projektu polega\u0142 na przeprowadzeniu diagnozy w obr\u0119bie 3 wybranych grup docelowych.<\/p>\n<p>Badane by\u0142y mo\u017cliwo\u015bci wsp\u00f3\u0142dzia\u0142ania mieszka\u0144c\u00f3w z Siemianowickim Centrum Kultury oraz ich potencja\u0142 kulturotw\u00f3rczy. Badania w formie grup fokusowych przeprowadzili wsp\u00f3lnie: eksperci Regionalnego Instytutu Kultury w Katowicach, pracownicy SCK oraz przedstawiciele spo\u0142eczno\u015bci lokalnej.<\/p>\n<p>Wyniki bada\u0144 wraz z diagnoz\u0105 z nich wynikaj\u0105c\u0105 s\u0105 dost\u0119pne w formie elektronicznej:<\/p>\n<p><a href=\"https:\/\/siemck.pl\/wp-content\/uploads\/raport_diagnoza_wspolkultura.pdf\">raport_diagnoza_wspolkultura<\/a><\/p>\n<p>Drugi etap projektu to konkurs na inicjatywy lokalne. Regulamin konkursu i karta zg\u0142oszeniowa dost\u0119pne s\u0105 tutaj:<\/p>\n<p><a href=\"https:\/\/siemck.pl\/wp-content\/uploads\/wspolkultura_regulamin.pdf\">wspolkultura_regulamin<\/a><\/p>\n<p><a href=\"https:\/\/siemck.pl\/wp-content\/uploads\/wspolkultura_karta.doc\">wspolkultura_karta<\/a><\/p>\n<p>\u0141\u0105czna kwota \u015brodk\u00f3w na inicjatywy lokalne to 22000 z\u0142.<\/p>\n<p>Konkurs adresowany jest szczeg\u00f3lnie do diagnozowanych grup docelowych, a tak\u017ce do os\u00f3b, kt\u00f3re chcia\u0142yby zrealizowa\u0107 projekt na rzecz wymienionych w diagnozie grup docelowych.<\/p>\n<p>&nbsp;<\/p>\n<p>Kolejny etap projektu to wcielanie Waszych pomys\u0142\u00f3w w \u017cycie. Od lipca 2018 r. autorzy wy\u0142onionych w konkursie inicjatyw przyst\u0105pi\u0105 do realizacji swoich projekt\u00f3w przy wsparciu Siemianowickiego Centrum Kultury. Wydarzenia w ramach zwyci\u0119skich projekt\u00f3w mog\u0105 odbywa\u0107 si\u0119 ju\u017c od sierpnia 2018 r.<\/p>\n<p>&nbsp;<\/p>\n<p>Wszelkich informacji udziela Biuro Projektu:<\/p>\n<p>SCK \u2013 Bytk\u00f3w, ul. Niepodleg\u0142o\u015bci 45, Siemianowice \u015al\u0105skie<\/p>\n<p>(32) 228 72 80<\/p>\n<p>sekretariat@siemck.pl<\/p>\n","protected":false},"excerpt":{"rendered":"<p>wsp\u00f3\u0142 \/ kultura to projekt realizowany przez Siemianowickie Centrum Kultury w ramach programu Dom Kultury+ Inicjatywy Lokalne Narodowego Centrum Kultury w Warszawie. Pierwszy etap projektu polega\u0142 na przeprowadzeniu diagnozy w obr\u0119bie 3 wybranych grup docelowych. Badane by\u0142y mo\u017cliwo\u015bci wsp\u00f3\u0142dzia\u0142ania mieszka\u0144c\u00f3w z Siemianowickim Centrum Kultury oraz ich potencja\u0142 kulturotw\u00f3rczy. Badania w formie grup fokusowych przeprowadzili wsp\u00f3lnie: [&hellip;]<\/p>\n","protected":false},"author":5,"featured_media":9623,"comment_status":"closed","ping_status":"open","sticky":false,"template":"","format":"standard","meta":[],"categories":[1,93],"tags":[],"_links":{"self":[{"href":"https:\/\/www.siemck.pl\/wp-json\/wp\/v2\/posts\/8474"}],"collection":[{"href":"https:\/\/www.siemck.pl\/wp-json\/wp\/v2\/posts"}],"about":[{"href":"https:\/\/www.siemck.pl\/wp-json\/wp\/v2\/types\/post"}],"author":[{"embeddable":true,"href":"https:\/\/www.siemck.pl\/wp-json\/wp\/v2\/users\/5"}],"replies":[{"embeddable":true,"href":"https:\/\/www.siemck.pl\/wp-json\/wp\/v2\/comments?post=8474"}],"version-history":[{"count":1,"href":"https:\/\/www.siemck.pl\/wp-json\/wp\/v2\/posts\/8474\/revisions"}],"predecessor-version":[{"id":8478,"href":"https:\/\/www.siemck.pl\/wp-json\/wp\/v2\/posts\/8474\/revisions\/8478"}],"wp:featuredmedia":[{"embeddable":true,"href":"https:\/\/www.siemck.pl\/wp-json\/wp\/v2\/media\/9623"}],"wp:attachment":[{"href":"https:\/\/www.siemck.pl\/wp-json\/wp\/v2\/media?parent=8474"}],"wp:term":[{"taxonomy":"category","embeddable":true,"href":"https:\/\/www.siemck.pl\/wp-json\/wp\/v2\/categories?post=8474"},{"taxonomy":"post_tag","embeddable":true,"href":"https:\/\/www.siemck.pl\/wp-json\/wp\/v2\/tags?post=8474"}],"curies":[{"name":"wp","href":"https:\/\/api.w.org\/{rel}","templated":true}]}}