{"id":8410,"date":"2018-05-10T15:27:39","date_gmt":"2018-05-10T13:27:39","guid":{"rendered":"https:\/\/siemck.pl\/?p=8410"},"modified":"2018-05-10T15:37:35","modified_gmt":"2018-05-10T13:37:35","slug":"wyniki-przesluchan-wokalnych","status":"publish","type":"post","link":"https:\/\/www.siemck.pl\/wyniki-przesluchan-wokalnych\/","title":{"rendered":"Wyniki przes\u0142ucha\u0144 wokalnych"},"content":{"rendered":"<p>W dniach <strong>9-10 maja<\/strong> 2018r. odby\u0142y si\u0119 <strong>przes\u0142uchania do IV edycji Wojew\u00f3dzkiego Festiwalu Piosenki Dzieci\u0119cej i M\u0142odzie\u017cowej \u201eSiemianowice 2018\u201d.<\/strong> Po przes\u0142uchaniu ponad stu wokalist\u00f3w i zespo\u0142\u00f3w jury w sk\u0142adzie:<\/p>\n<p><strong>Marta Tadla<\/strong> \u2013 aktorka, wokalistka<br \/>\n<strong>Katarzyna Gojny<\/strong>&#8211; wokalistka, pedagog<br \/>\n<strong>Beata Ma\u0144kowska<\/strong> \u2013 wokalistka<\/p>\n<p>Postanowi\u0142o zakwalifikowa\u0107 do fina\u0142u, kt\u00f3ry odb\u0119dzie si\u0119 w <strong>czwartek 17 maja<\/strong>\u00a0<strong>o godzinie 17.00<\/strong> nast\u0119puj\u0105ce osoby:<\/p>\n<p>&nbsp;<\/p>\n<p><strong>W kategorii SOLI\u015aCI:<\/strong><\/p>\n<p><u>Wiek 4-6 lat<\/u><br \/>\n<strong>Antonina Pawlik<\/strong> z Przedszkola nr 27 w Jaworznie<br \/>\n<strong>Wiktoria \u015awito\u0144<\/strong> z Muzycznego przedszkola im. \u015aw. Teresy od Dzieci\u0105tka Jezus w Kosz\u0119cinie<br \/>\n<strong>Kostka Magdalena<\/strong> z Miejskiego O\u015brodka Kultury i Sportu w Pyskowicach<br \/>\n<strong>Oliwia Sieja<\/strong> z Przedszkola \u201eBystrzaki\u201d w Kaletach<br \/>\n<strong>Martyna Nowakowska<\/strong> z Chorzowskiego Centrum Kultury<\/p>\n<p>&nbsp;<\/p>\n<p><u>Wiek 7-9 lat:<\/u><br \/>\n<strong>Anna Laskowska<\/strong> ze Studia Artystycznego Maciej w Zabrzu<br \/>\n<strong>Amelia Bere\u017ca\u0144ska<\/strong> ze Studia Artystycznego Maciej w Zabrzu<br \/>\n<strong>Zofia Stacha<\/strong> ze Szko\u0142y Podstawowej nr 1 w Rydu\u0142towach<br \/>\n<strong>Aurelia Radecka<\/strong> z Chorzowskiego Centrum Kultury<br \/>\n<strong>Zofia Pawlik<\/strong> ze Szko\u0142y Podstawowej nr 15 w Jaworznie<br \/>\n<strong>Milena Sanitra<\/strong> z Niepublicznej Szko\u0142y Podstawowej nr 1 w Kaletach<\/p>\n<p>&nbsp;<\/p>\n<p><u>Wiek 10-14 lat:<\/u><br \/>\n<strong>Natalia Ochma\u0144ska<\/strong> z Akademii Talent\u00f3w MAMAMUSIC w Katowicach<br \/>\n<strong>Agata Szweter<\/strong> z Zespo\u0142u Szkolno- Przedszkolnego w Rybniku<br \/>\n<strong>Magdalena Szweter<\/strong> z Zespo\u0142u Szkolno- Przedszkolnego nr 9 w Rybniku<br \/>\n<strong>Zuzanna Okseniuk<\/strong> ze Stowarzyszenia Artystyczno-Muzycznego w Czerwionce- Leszczynach<br \/>\n<strong>Ewelina Kozub<\/strong> ze Studia Muzyki, Piosenki i Teatru ARS w Pietraszynie<br \/>\n<strong>Jagoda Rataj<\/strong> ze Spo\u0142ecznego Towarzystwa Edukacyjnego w Katowicach<br \/>\n<strong>Paulina Ro\u017cek<\/strong> z GOK Bobrowniki S\u0105cz\u00f3w<br \/>\n<strong>Karolina Dworowy<\/strong> ze Stowarzyszenia Artystyczno-Muzycznego w Czerwionce- Leszczynach<br \/>\n<strong>Oliwia Klinke<\/strong> z Chorzowskiego Centrum Kultury<\/p>\n<p><u>Wiek 15-19 lat:<\/u><br \/>\n<strong>Magdalena Zaj\u0105c<\/strong> z M\u0142odzie\u017cowego Domu Kultury w Raciborzu<br \/>\n<strong>Julia Sikora<\/strong> z Stowarzyszenia Artystyczno- Muzycznego w Czerwionce- Leszczynach<br \/>\n<strong>Natalia Tul<\/strong> z M\u0142odzie\u017cowego Domu Kultury w Raciborzu<br \/>\n<strong>Aleksandra Figurniak<\/strong> z M\u0142odzie\u017cowego Domu Kultury w Raciborzu<br \/>\n<strong>Agnieszka Pszonak<\/strong> ze Studia Artystycznego Maciej w Zabrzu<br \/>\n<strong>Micha\u0142 Stuch\u0142y<\/strong> z M\u0142odzie\u017cowego Domu Kultury w Raciborzu<br \/>\n<strong>Zuzanna Niewiadomska<\/strong> z MPDK w tarnowskich G\u00f3rach<br \/>\n<strong>Pawe\u0142 Wawrzeczny<\/strong> z JC Music w Wodzis\u0142awiu \u015al\u0105skim<br \/>\n<strong>Urszula Kozielska<\/strong> z Chorzowskiego Centrum Kultury<\/p>\n<p>&nbsp;<\/p>\n<p><strong>W kategorii ZESPO\u0141Y:<\/strong><\/p>\n<p><u>Wiek 7-9 lat:<\/u><br \/>\n<strong>Zesp\u00f3\u0142 Pauza<\/strong> ze Studia Artystycznego Maciej w Zabrzu<br \/>\n<strong>Zesp\u00f3\u0142 \u015awietlicowe Nutki<\/strong> z Szko\u0142y Podstawowej nr 1 w Chorzowie<br \/>\n<strong>Zesp\u00f3\u0142 Misiaki<\/strong>\u00a0 z Chorzowskiego Centrum Kultury<br \/>\n<strong>Trio Wokalne<\/strong> z ODKRSM Neptun w Rudzie \u015al\u0105skiej<\/p>\n<p>&nbsp;<\/p>\n<p><u>Wiek 10-14 lat:<\/u><br \/>\n<strong>Zesp\u00f3\u0142 wokalny LaLaLa<\/strong> z Miejskiego O\u015brodka Kultury i Sportu z Pyskowicach<br \/>\n<strong>Duet DuoForte<\/strong> ze Studia Artystycznego Maciej w Zabrzu<br \/>\n<strong>Studio Wokalne Pyskowice<\/strong> z Miejskiego O\u015brodku Kultury i Sportu w Pyskowicach<br \/>\n<strong>Zesp\u00f3\u0142 Gwar<\/strong> z Chorzowskiego Centrum Kultury<\/p>\n<p>&nbsp;<\/p>\n<p><u>Wiek 15-19 lat:<\/u><strong><br \/>\nZesp\u00f3\u0142 wokalny MIRA\u017b<\/strong> z M\u0142odzie\u017cowego Domu Kultury w Raciborzu<br \/>\n<strong>Zesp\u00f3\u0142 Ma\u0142e \u015awiat\u0142o<\/strong> z Miejskiego O\u015brodka Kultury w czerwionce \u2013 Leszczynach<\/p>\n<p>&nbsp;<\/p>\n<p>Nagrody specjalne od Katarzyny Gojny dla <strong>Marty S\u0142odczyk oraz Patrycji Sinickiej<\/strong><\/p>\n<p>&nbsp;<\/p>\n<p>Gratulujemy!!!<\/p>\n","protected":false},"excerpt":{"rendered":"<p>W dniach 9-10 maja 2018r. odby\u0142y si\u0119 przes\u0142uchania do IV edycji Wojew\u00f3dzkiego Festiwalu Piosenki Dzieci\u0119cej i M\u0142odzie\u017cowej \u201eSiemianowice 2018\u201d. Po przes\u0142uchaniu ponad stu wokalist\u00f3w i zespo\u0142\u00f3w jury w sk\u0142adzie: Marta Tadla \u2013 aktorka, wokalistka Katarzyna Gojny&#8211; wokalistka, pedagog Beata Ma\u0144kowska \u2013 wokalistka Postanowi\u0142o zakwalifikowa\u0107 do fina\u0142u, kt\u00f3ry odb\u0119dzie si\u0119 w czwartek 17 maja\u00a0o godzinie 17.00 [&hellip;]<\/p>\n","protected":false},"author":6,"featured_media":8411,"comment_status":"closed","ping_status":"open","sticky":false,"template":"","format":"standard","meta":[],"categories":[1],"tags":[],"_links":{"self":[{"href":"https:\/\/www.siemck.pl\/wp-json\/wp\/v2\/posts\/8410"}],"collection":[{"href":"https:\/\/www.siemck.pl\/wp-json\/wp\/v2\/posts"}],"about":[{"href":"https:\/\/www.siemck.pl\/wp-json\/wp\/v2\/types\/post"}],"author":[{"embeddable":true,"href":"https:\/\/www.siemck.pl\/wp-json\/wp\/v2\/users\/6"}],"replies":[{"embeddable":true,"href":"https:\/\/www.siemck.pl\/wp-json\/wp\/v2\/comments?post=8410"}],"version-history":[{"count":5,"href":"https:\/\/www.siemck.pl\/wp-json\/wp\/v2\/posts\/8410\/revisions"}],"predecessor-version":[{"id":8416,"href":"https:\/\/www.siemck.pl\/wp-json\/wp\/v2\/posts\/8410\/revisions\/8416"}],"wp:featuredmedia":[{"embeddable":true,"href":"https:\/\/www.siemck.pl\/wp-json\/wp\/v2\/media\/8411"}],"wp:attachment":[{"href":"https:\/\/www.siemck.pl\/wp-json\/wp\/v2\/media?parent=8410"}],"wp:term":[{"taxonomy":"category","embeddable":true,"href":"https:\/\/www.siemck.pl\/wp-json\/wp\/v2\/categories?post=8410"},{"taxonomy":"post_tag","embeddable":true,"href":"https:\/\/www.siemck.pl\/wp-json\/wp\/v2\/tags?post=8410"}],"curies":[{"name":"wp","href":"https:\/\/api.w.org\/{rel}","templated":true}]}}