{"id":8323,"date":"2018-04-17T10:06:06","date_gmt":"2018-04-17T08:06:06","guid":{"rendered":"https:\/\/siemck.pl\/?p=8323"},"modified":"2018-10-08T19:35:08","modified_gmt":"2018-10-08T17:35:08","slug":"wspolkultura-zostan-liderem-projektow-kulturalnych","status":"publish","type":"post","link":"https:\/\/www.siemck.pl\/wspolkultura-zostan-liderem-projektow-kulturalnych\/","title":{"rendered":"WSP\u00d3\u0141\/KULTURA \u2013 zosta\u0144 liderem projekt\u00f3w kulturalnych"},"content":{"rendered":"<p>Siemianowickie Centrum Kultury zaprasza mieszka\u0144c\u00f3w Siemianowic do udzia\u0142u w projekcie WSP\u00d3\u0141\/KULTURA. Sfinansujemy Wasze projekty inicjatyw kulturalnych, kt\u00f3re sami mo\u017cecie wymy\u015bli\u0107 i wsp\u00f3\u0142tworzy\u0107 przy pomocy Siemianowickiego Centrum Kultury.<\/p>\n<p>SCK jako jeden z 50 instytucji kultury w ca\u0142ej Polsce otrzyma\u0142 grant w ramach projektu DOM KULTURY + INICJATYWY LOKALNE organizowanego przez Narodowe Centrum Kultury.<br \/>\nPierwszy etap projektu polega na przeprowadzeniu diagnozy potrzeb kulturalnych i potencja\u0142u kulturotw\u00f3rczego mieszka\u0144c\u00f3w Siemianowic, ze szczeg\u00f3lnym uwzgl\u0119dnieniem nast\u0119puj\u0105cych grup:<br \/>\n&#8211; m\u0142odzie\u017cy (15 &#8211; 19 lat),<br \/>\n&#8211; os\u00f3b doros\u0142ych w wieku 20 &#8211; 45 lat,<br \/>\n&#8211; mieszka\u0144c\u00f3w dzielnic Hugo, Laura Huta, Nowy \u015awiat.<br \/>\nJe\u017celi macie pomys\u0142y na dzia\u0142ania kulturalnie &#8211;\u00a0ten projekt jest w\u0142a\u015bnie dla Was.<br \/>\nDo ko\u0144ca maja przeprowadzane b\u0119d\u0105 badania, kt\u00f3re przeprowadz\u0105 pracownicy Siemianowickiego Centrum Kultury wsp\u00f3lnie z ekspertami z Regionalnego Instytutu Kultury, przy wsparciu animatora z Narodowego Centrum Kultury.\u00a0Wyniki bada\u0144 wraz z diagnoz\u0105 z nich wynikaj\u0105c\u0105 zostan\u0105 opublikowane w formie elektronicznej. Zaraz potem og\u0142osimy konkurs na inicjatywy lokalne i do ko\u0144ca czerwca 2018 r. wybierzemy 3 \u2013 7 z Waszych pomys\u0142\u00f3w, na realizacj\u0119 kt\u00f3rych przyznamy \u015brodki. \u0141\u0105czna kwota \u015brodk\u00f3w na inicjatywy lokalne to 22.000 z\u0142.<br \/>\nDrugi etap projektu to realizacja Waszych projekt\u00f3w. Od lipca 2018 r. autorzy wy\u0142onionych w konkursie inicjatyw przyst\u0105pi\u0105 do realizacji swoich pomys\u0142\u00f3w przy wsparciu Siemianowickiego Centrum Kultury.<\/p>\n<p>Spotkania dla poszczeg\u00f3lnych grup docelowych:<br \/>\n&#8211; dla m\u0142odzie\u017cy (15 &#8211; 19 lat)<br \/>\n25.04.2018 godz. 18.00 \u2013 SCK \u2013 Park Tradycji, ul. E. Orzeszkowej 12<br \/>\n26.04.2018 godz. 18.00 \u2013 SCK \u2013 Park Tradycji, ul. E. Orzeszkowej 12<br \/>\n&#8211; dla os\u00f3b doros\u0142ych w wieku 20 &#8211; 45 lat<br \/>\n25.04.2018 godz. 18.00 \u2013 SCK \u2013 Bytk\u00f3w, ul Niepodleg\u0142o\u015bci 45<br \/>\n26.04.2018 godz. 18.00 \u2013 SCK \u2013 Park Tradycji, ul. E. Orzeszkowej 12<br \/>\n&#8211; dla mieszka\u0144c\u00f3w dzielnic Hugo, Laura Huta, Centrum,\u00a0 Nowy \u015awiat<br \/>\n18.04.2018 godz. 17.00\u00a0\u2013 SCK \u2013 Willa Fitznera, ul Fitzner\u00f3w 3<br \/>\n27.04.2018 godz. 17.00\u00a0\u2013 SCK \u2013 Plac\u00f3wka Wsparcia Dziennego dla Dzieci, ul. Matejki 4.<br \/>\nZg\u0142oszenia na badania fokusowe i informacje o projekcie:<br \/>\n(32) 228 72 80, +48 789 046 775 oraz\u00a0<a href=\"mailto:projekt@siemck.pl\">projekt@siemck.pl<\/a><\/p>\n<p>Projekt sfinansowany przez Narodowe Centrum Kultury w ramach programu Dom Kultury + Inicjatywy Lokalne.<\/p>\n","protected":false},"excerpt":{"rendered":"<p>Siemianowickie Centrum Kultury zaprasza mieszka\u0144c\u00f3w Siemianowic do udzia\u0142u w projekcie WSP\u00d3\u0141\/KULTURA. Sfinansujemy Wasze projekty inicjatyw kulturalnych, kt\u00f3re sami mo\u017cecie wymy\u015bli\u0107 i wsp\u00f3\u0142tworzy\u0107 przy pomocy Siemianowickiego Centrum Kultury. SCK jako jeden z 50 instytucji kultury w ca\u0142ej Polsce otrzyma\u0142 grant w ramach projektu DOM KULTURY + INICJATYWY LOKALNE organizowanego przez Narodowe Centrum Kultury. Pierwszy etap projektu [&hellip;]<\/p>\n","protected":false},"author":5,"featured_media":9621,"comment_status":"closed","ping_status":"open","sticky":false,"template":"","format":"standard","meta":[],"categories":[1,93],"tags":[],"_links":{"self":[{"href":"https:\/\/www.siemck.pl\/wp-json\/wp\/v2\/posts\/8323"}],"collection":[{"href":"https:\/\/www.siemck.pl\/wp-json\/wp\/v2\/posts"}],"about":[{"href":"https:\/\/www.siemck.pl\/wp-json\/wp\/v2\/types\/post"}],"author":[{"embeddable":true,"href":"https:\/\/www.siemck.pl\/wp-json\/wp\/v2\/users\/5"}],"replies":[{"embeddable":true,"href":"https:\/\/www.siemck.pl\/wp-json\/wp\/v2\/comments?post=8323"}],"version-history":[{"count":2,"href":"https:\/\/www.siemck.pl\/wp-json\/wp\/v2\/posts\/8323\/revisions"}],"predecessor-version":[{"id":8326,"href":"https:\/\/www.siemck.pl\/wp-json\/wp\/v2\/posts\/8323\/revisions\/8326"}],"wp:featuredmedia":[{"embeddable":true,"href":"https:\/\/www.siemck.pl\/wp-json\/wp\/v2\/media\/9621"}],"wp:attachment":[{"href":"https:\/\/www.siemck.pl\/wp-json\/wp\/v2\/media?parent=8323"}],"wp:term":[{"taxonomy":"category","embeddable":true,"href":"https:\/\/www.siemck.pl\/wp-json\/wp\/v2\/categories?post=8323"},{"taxonomy":"post_tag","embeddable":true,"href":"https:\/\/www.siemck.pl\/wp-json\/wp\/v2\/tags?post=8323"}],"curies":[{"name":"wp","href":"https:\/\/api.w.org\/{rel}","templated":true}]}}