{"id":8316,"date":"2018-09-17T19:58:46","date_gmt":"2018-09-17T17:58:46","guid":{"rendered":"https:\/\/siemck.pl\/?p=8316"},"modified":"2018-10-08T22:16:24","modified_gmt":"2018-10-08T20:16:24","slug":"trzy-kolory-wojewodzki-konkurs-plastyczny","status":"publish","type":"post","link":"https:\/\/www.siemck.pl\/trzy-kolory-wojewodzki-konkurs-plastyczny\/","title":{"rendered":"&#8222;Trzy kolory&#8221; &#8211; Wojew\u00f3dzki Konkurs Plastyczny &#8211; og\u0142aszamy wyniki!"},"content":{"rendered":"<p>Siemianowickie Centrum Kultury i Pracownia Plastyczna &#8222;Okienko&#8221; ma zaszczyt og\u0142osi\u0107 wyniki <strong>V edycji Wojew\u00f3dzkiego Konkursu Plastycznego &#8222;Trzy kolory&#8221;.<\/strong><\/p>\n<p>Jury <strong>V edycji Wojew\u00f3dzkiego Konkursu Plastycznego<\/strong> <strong>TRZY KOLORY- ZDROWO I RADO\u015aNIE<\/strong>\u00a0 w sk\u0142adzie:<\/p>\n<p>Jadwiga Korzeniowska \u2013Pracownia Artystyczna \u00a0ARTKO- Siemianowice \u015al\u0105skie<\/p>\n<p>Paulina Matysek \u2013Pracownia Plastyczna \u201eNA WINKLU\u201d SCK Siemianowice \u015al\u0105skie<\/p>\n<p>Filip Pawlak-Stowarzyszenie Integracji \u015arodowiska Artystycznego<\/p>\n<p>Dorota Micior-Gajewska \u2013Pracownia Plastyczna OKIENKO- SCK Siemianowie \u015al<\/p>\n<p>ocenia\u0142a <strong>220 prac<\/strong> jakie nap\u0142yn\u0119\u0142y na konkurs z <strong>18 plac\u00f3wek<\/strong>. Przyznano <strong>7 nagr\u00f3d r\u00f3wnorz\u0119dnych <\/strong><\/p>\n<p>i\u00a0<strong>9 wyr\u00f3\u017cnie\u0144<\/strong> w poszczeg\u00f3lnych kategoriach wiekowych , <strong>4 Nagrody Juror\u00f3w<\/strong> oraz <strong>65 prac<\/strong> wyr\u00f3\u017cniono kwalifikacj\u0105 do wystawy fina\u0142owej.<\/p>\n<p>&nbsp;<\/p>\n<p><strong>KATEGORIA WIEKOWA\u00a0 7-9 lat\u00a0 <\/strong><\/p>\n<p><strong>NAGRODY<\/strong> :Franek Jaksik \u2013 Pa\u0142ac M\u0142odzie\u017cy w Katowicach<\/p>\n<p>Pola Sk\u00f3rzak-Szko\u0142a Plastyczna \u201eStudio mARTa\u201d w Gliwicach<\/p>\n<p>Natalia Konarska \u2013Pracownia Plastyczna \u201e Kolorowe Pi\u0105tki\u201d \u2013 Szko\u0142a Podstawowa w Rogo\u017aniku<\/p>\n<p><strong>WYR\u00d3\u017bNIENIA<\/strong>: Magdalena Kubiaczyk \u2013MDK\u00a0 w Siemianowicach \u015al\u0105skich<\/p>\n<p>Hanna Hyska \u2013Szko\u0142a Podstawowa nr 37 w Gliwicach<\/p>\n<p>Julian Patrijas\u00a0 &#8211; MDK nr 1 w Tychach<\/p>\n<p>Mateusz G\u00f3rnikowski\u00a0 &#8211; Pa\u0142ac M\u0142odzie\u017cy w Katowicach<\/p>\n<p>&nbsp;<\/p>\n<p><strong>KATEGORIA WIEKOWA 10-13 lat <\/strong><\/p>\n<p><strong>NAGRODY: <\/strong>Anna Migdo\u0142 \u2013 Centrum Kultury \u015al\u0105skiej w \u015awi\u0119toch\u0142owicach<\/p>\n<p>Ma\u0142gorzata Cie\u015bla \u2013 MDK \u201eTysi\u0105clecie\u201d w Katowicach<\/p>\n<p>Maja Go\u0142\u0105b \u2013 Pracownia Plastyczna ACM w Gliwicach<\/p>\n<p><strong>WYR\u00d3\u017bNIENIA<\/strong>: Aleksandra Sierant \u2013MDK w Siemianowicach \u015al\u0105skich<\/p>\n<p>Zuzanna Szafraniec \u2013 \u015awietlica Szko\u0142y Podstawowej nr 20 w Siemianowicach \u015al\u0105skich<\/p>\n<p>Oliwia Czaja \u2013 GOK we Wr\u0119czycy Wielkiej<\/p>\n<p>Michalina Zaj\u0105c \u2013Szko\u0142a Podstawowa nr 9 w Gliwicach<\/p>\n<p>&nbsp;<\/p>\n<p><strong>KATEGORIA WIEKOWA 14-16 lat <\/strong><\/p>\n<p><strong>NAGRODA- <\/strong>Anna Karasi\u0144ska- Szk\u00f3\u0142ka Plastyczna \u201e Za Drzwiami\u201d w Gliwicach<\/p>\n<p><strong>WYR\u00d3\u017bNIENIE<\/strong>&#8211; Magdalena Kowalska \u2013 Centrum Kultury \u015al\u0105skiej w \u015awi\u0119toch\u0142owicach<\/p>\n<p>&nbsp;<\/p>\n<p><strong>NAGRODA Pracowni ARTKO<\/strong> \u2013 Agata Matuszczyk- GOK we Wr\u0119czycy Wielkiej<\/p>\n<p><strong>NAGRODA Pracowni \u201eNA WINKLU\u201d SCK<\/strong>&#8211; Marta Szudyga \u2013 Pracownia Plastyczna ACM <strong>\u00a0<\/strong>w Gliwicach<\/p>\n<p><strong>NAGRODA Pracowni\u00a0 \u201eOKIENKO\u201d SCK<\/strong>&#8211; Zofia Doma\u0144ska- Pracownia Plastyczna ACM <strong>\u00a0<\/strong>w Gliwicach<\/p>\n<p><strong>NAGRODA Stowarzyszenia Integracji \u015arodowiska Artystycznego<\/strong>&#8211; Jagoda Nowak\u00a0 Pracownia FORMART w Katowicach<\/p>\n<p>&nbsp;<\/p>\n<p>Uroczyste otwarcie wystawy fina\u0142owej, rozdanie nagr\u00f3d i wyr\u00f3\u017cnie\u0144 odb\u0119dzie si\u0119 <strong>w czwartek 27 wrze\u015bnia 2018<\/strong><\/p>\n<p><strong>o godz. 18.00 w\u00a0 Siemianowickim Centrum Kultury \u2013 ZAMECZEK\u00a0 ul. O\u015bwi\u0119cimska 1 .<\/strong><\/p>\n<p>&nbsp;<\/p>\n<p><strong>Udzia\u0142em w fina\u0142owej wystawie wyr\u00f3\u017cniono nast\u0119puj\u0105cych autor\u00f3w :\u00a0\u00a0\u00a0\u00a0\u00a0\u00a0\u00a0\u00a0\u00a0\u00a0\u00a0\u00a0\u00a0\u00a0\u00a0\u00a0\u00a0\u00a0\u00a0\u00a0 <\/strong><\/p>\n<p>\u0141ukasz Gryc \u2013 Szko\u0142a podstawowa nr 20\u00a0 w Siemianowicach \u015al.<\/p>\n<p>Oleksandra Vrobiova- Szko\u0142a Podstawowa nr 20\u00a0 w Siemianowicach \u015al.<\/p>\n<p>Kamil Pietraszewski- MDK im.H. Jordana\u00a0 w Siemianowicach \u015al.<\/p>\n<p>Natalia Arabas- MDK im.H. Jordana\u00a0 w Siemianowicach \u015al.<\/p>\n<p>Martyna Kusak- MDK im.H. Jordana\u00a0 w Siemianowicach \u015al.<\/p>\n<p>Maja Achtelik- MDK im.H. Jordana\u00a0 w Siemianowicach \u015al.<\/p>\n<p>Magdalena Konieczna- MDK im.H. Jordana\u00a0 w Siemianowicach \u015al.<\/p>\n<p>Martyna Bana\u015b- Starochorzowski Dom Kultury w Chorzowie<\/p>\n<p>Martyna Firla \u2013Centrum Kultury \u015al\u0105skiej w \u015awi\u0119toch\u0142owicach<\/p>\n<p>Nicola Firla &#8211; Centrum Kultury \u015al\u0105skiej w \u015awi\u0119toch\u0142owicach<\/p>\n<p>Oliwia Wolny- Centrum Kultury \u015al\u0105skiej w \u015awi\u0119toch\u0142owicach<\/p>\n<p>Katarzyna Migdo\u0142- Centrum Kultury \u015al\u0105skiej w \u015awi\u0119toch\u0142owicach<\/p>\n<p>Julia Pszcz\u00f3\u0142ka- Centrum Kultury \u015al\u0105skiej w \u015awi\u0119toch\u0142owicach<\/p>\n<p>Patryk Skwara- Centrum Kultury \u015al\u0105skiej w \u015awi\u0119toch\u0142owicach<\/p>\n<p>Martyna Tomaszczyk \u2013Szko\u0142a Podstawowa nr 37 w Tychach<\/p>\n<p>Oliwia So\u0142tyka \u2013Szko\u0142a Podstawowa nr 37 w Tychach<\/p>\n<p>Anna Rudolf \u2013 M\u0142odzie\u017cowy Dom Kultury nr 1 w Tychach<\/p>\n<p>Kamil Chronowski- M\u0142odzie\u017cowy Dom Kultury nr 1 w Tychach<\/p>\n<p>Alicja Samson &#8211; M\u0142odzie\u017cowy Dom Kultury nr 1 w Tychach<\/p>\n<p>Alicja Kubacka- M\u0142odzie\u017cowy Dom Kultury nr 1 w Tychach<\/p>\n<p>Emilia Liduk &#8211; M\u0142odzie\u017cowy Dom Kultury nr 1 w Tychach<\/p>\n<p>Emilia Rusinek &#8211; M\u0142odzie\u017cowy Dom Kultury nr 1 w Tychach<\/p>\n<p>Mi\u0142osz Kisielewski &#8211; M\u0142odzie\u017cowy Dom Kultury nr 1 w Tychach<\/p>\n<p>Zuzanna Lis &#8211; M\u0142odzie\u017cowy Dom Kultury nr 1 w Tychach<\/p>\n<p>Natalia Gw\u00f3\u017ad\u017a- M\u0142odzie\u017cowy Dom Kultury nr 1 w Tychach<\/p>\n<p>Wanessa Nogaj- M\u0142odzie\u017cowy Dom Kultury nr 1 w Tychach<\/p>\n<p>Klementyna Karlowska \u2013Powiatowy M\u0142odzie\u017cowy Dom Kultury w Tarnowskich G\u00f3rach<\/p>\n<p>Julia Humenny &#8211; Powiatowy M\u0142odzie\u017cowy Dom Kultury w Tarnowskich G\u00f3rach- Radzionk\u00f3w<\/p>\n<p>Hanna Hajda &#8211; Powiatowy M\u0142odzie\u017cowy Dom Kultury w Tarnowskich G\u00f3rach- Radzionk\u00f3w<\/p>\n<p>Olga Bartczak \u2013Dom Kultury w Potepie\/GOKSiR Krupski M\u0142yn\/<\/p>\n<p>Oliwia \u0141opata- Dom Kultury w Potepie\/GOKSiR Krupski M\u0142yn\/<\/p>\n<p>Katarzyna Pach-Gminny O\u015brodek Kultury we Wr\u0119czycy Wielkiej<\/p>\n<p>Hanna Kukla- Gminny O\u015brodek Kultury we Wr\u0119czycy Wielkiej<\/p>\n<p>Ma\u0142gorzata Kopyciok \u2013Pa\u0142ac M\u0142odzie\u017cy w Katowicach<\/p>\n<p>Alicja Fro\u0144ska &#8211; Pa\u0142ac M\u0142odzie\u017cy w Katowicach<\/p>\n<p>Marta Grabiwoda &#8211; Pa\u0142ac M\u0142odzie\u017cy w Katowicach<\/p>\n<p>Marta Naczy\u0144ska- Pa\u0142ac M\u0142odzie\u017cy w Katowicach<\/p>\n<p>Magdalena P\u0142owczuk &#8211; Pa\u0142ac M\u0142odzie\u017cy w Katowicach<\/p>\n<p>Kacper Bodys &#8211; Pa\u0142ac M\u0142odzie\u017cy w Katowicach<\/p>\n<p>Barbara Szygu\u0142a \u2013 M\u0142odzie\u017cowy Dom Kultury\u00a0 -Tysi\u0105clecie w Katowicach<\/p>\n<p>Agnieszka Staszewska &#8211; M\u0142odzie\u017cowy Dom Kultury -Tysi\u0105clecie\u00a0 w Katowicach<\/p>\n<p>Iga Piekarz \u2013 Pracownia Rysunku i Malarstwa FORMART w Katowicach<\/p>\n<p>Cezary Jarno- Pracownia Rysunku i Malarstwa FORMART w Katowicach<\/p>\n<p>Magdalena Szarejko- Pracownia Rysunku i Malarstwa FORMART w Katowicach<\/p>\n<p>Agata Borowczak &#8211; Pracownia Rysunku i Malarstwa FORMART w Katowicach<\/p>\n<p>Micha\u0142 Nowakowski\u00a0 &#8211; Pracownia Rysunku i Malarstwa FORMART w Katowicach<\/p>\n<p>Natalia Korga &#8211; Pracownia Rysunku i Malarstwa FORMART w Katowicach<\/p>\n<p>Ma\u0142gorzata Gaw\u0142owska &#8211; Pracownia Rysunku i Malarstwa FORMART w Katowicach<\/p>\n<p>Barbara Gaw\u0142owska &#8211; Pracownia Rysunku i Malarstwa FORMART w Katowicach<\/p>\n<p>Mirjam Cyrankiewicz \u2013Szko\u0142a plastyczna \u201e studio mARTa\u201d w Gliwicach<\/p>\n<p>Zofia Krupa &#8211; Szko\u0142a plastyczna \u201e studio mARTa\u201d w Gliwicach<\/p>\n<p>Hanna Maciejewska- Szko\u0142a plastyczna \u201e studio mARTa\u201d w Gliwicach<\/p>\n<p>B\u0142a\u017cej Kurowski &#8211; Szko\u0142a plastyczna \u201e studio mARTa\u201d w Gliwicach<\/p>\n<p>Julia Stachura &#8211; Szko\u0142a plastyczna \u201e studio mARTa\u201d w Gliwicach<\/p>\n<p>Nina Janik \u2013 Szko\u0142a Podstawowa nr 9 w Gliwicach<\/p>\n<p>Grzegorz Szejka \u2013Szk\u00f3\u0142ka Plastyczna i Galeria \u201e Za drzwiami\u201d w Gliwicach<\/p>\n<p>Hanna S\u0142abikowska- Szk\u00f3\u0142ka Plastyczna i Galeria \u201e Za drzwiami\u201d w Gliwicach<\/p>\n<p>Magdalena Duliban &#8211; Szk\u00f3\u0142ka Plastyczna i Galeria \u201e Za drzwiami\u201d w Gliwicach<\/p>\n<p>Elena Olczak- Pracownia plastyczna \u201estudio ACM\u201d w Gliwicach<\/p>\n<p>Hanna Ordy\u0144ska -Pracownia plastyczna \u201estudio ACM\u201d w Gliwicach<\/p>\n<p>Ma\u0142gorzata Sobczak &#8211; Pracownia plastyczna \u201estudio ACM\u201d w Gliwicach<\/p>\n<p>Agata Mucha &#8211; Pracownia plastyczna \u201estudio ACM\u201d w Gliwicach<\/p>\n<p>Hanna Olszewska- Pracownia plastyczna \u201estudio ACM\u201d w Gliwicach<\/p>\n<p>Zofia Czekan &#8211; Pracownia plastyczna \u201estudio ACM\u201d w Gliwicach<\/p>\n<p>Jagoda Liszka &#8211; Pracownia plastyczna \u201estudio ACM\u201d w Gliwicach<\/p>\n<p>&nbsp;<\/p>\n<p>&nbsp;<\/p>\n","protected":false},"excerpt":{"rendered":"<p>Siemianowickie Centrum Kultury i Pracownia Plastyczna &#8222;Okienko&#8221; ma zaszczyt og\u0142osi\u0107 wyniki V edycji Wojew\u00f3dzkiego Konkursu Plastycznego &#8222;Trzy kolory&#8221;. Jury V edycji Wojew\u00f3dzkiego Konkursu Plastycznego TRZY KOLORY- ZDROWO I RADO\u015aNIE\u00a0 w sk\u0142adzie: Jadwiga Korzeniowska \u2013Pracownia Artystyczna \u00a0ARTKO- Siemianowice \u015al\u0105skie Paulina Matysek \u2013Pracownia Plastyczna \u201eNA WINKLU\u201d SCK Siemianowice \u015al\u0105skie Filip Pawlak-Stowarzyszenie Integracji \u015arodowiska Artystycznego Dorota Micior-Gajewska \u2013Pracownia [&hellip;]<\/p>\n","protected":false},"author":6,"featured_media":4110,"comment_status":"closed","ping_status":"open","sticky":false,"template":"","format":"standard","meta":[],"categories":[1,88,79],"tags":[],"_links":{"self":[{"href":"https:\/\/www.siemck.pl\/wp-json\/wp\/v2\/posts\/8316"}],"collection":[{"href":"https:\/\/www.siemck.pl\/wp-json\/wp\/v2\/posts"}],"about":[{"href":"https:\/\/www.siemck.pl\/wp-json\/wp\/v2\/types\/post"}],"author":[{"embeddable":true,"href":"https:\/\/www.siemck.pl\/wp-json\/wp\/v2\/users\/6"}],"replies":[{"embeddable":true,"href":"https:\/\/www.siemck.pl\/wp-json\/wp\/v2\/comments?post=8316"}],"version-history":[{"count":3,"href":"https:\/\/www.siemck.pl\/wp-json\/wp\/v2\/posts\/8316\/revisions"}],"predecessor-version":[{"id":9144,"href":"https:\/\/www.siemck.pl\/wp-json\/wp\/v2\/posts\/8316\/revisions\/9144"}],"wp:featuredmedia":[{"embeddable":true,"href":"https:\/\/www.siemck.pl\/wp-json\/wp\/v2\/media\/4110"}],"wp:attachment":[{"href":"https:\/\/www.siemck.pl\/wp-json\/wp\/v2\/media?parent=8316"}],"wp:term":[{"taxonomy":"category","embeddable":true,"href":"https:\/\/www.siemck.pl\/wp-json\/wp\/v2\/categories?post=8316"},{"taxonomy":"post_tag","embeddable":true,"href":"https:\/\/www.siemck.pl\/wp-json\/wp\/v2\/tags?post=8316"}],"curies":[{"name":"wp","href":"https:\/\/api.w.org\/{rel}","templated":true}]}}