{"id":7997,"date":"2018-02-23T09:56:10","date_gmt":"2018-02-23T08:56:10","guid":{"rendered":"https:\/\/siemck.pl\/?p=7997"},"modified":"2018-02-23T09:56:36","modified_gmt":"2018-02-23T08:56:36","slug":"sck-zameczek-pieknieje","status":"publish","type":"post","link":"https:\/\/www.siemck.pl\/sck-zameczek-pieknieje\/","title":{"rendered":"SCK &#8211; Zameczek pi\u0119knieje"},"content":{"rendered":"<p>Pi\u0119kny, zabytkowy Pa\u0142ac Rheinbaben\u00f3w w Micha\u0142kowicach, oddzia\u0142 Siemianowickiego Centrum Kultury &#8211; Zameczek, przechodzi pierwszy etap rewitalizacji. Zako\u0144czenie prac planowane jest w pierwszej po\u0142owie 2018 roku.<\/p>\n","protected":false},"excerpt":{"rendered":"<p>Pi\u0119kny, zabytkowy Pa\u0142ac Rheinbaben\u00f3w w Micha\u0142kowicach, oddzia\u0142 Siemianowickiego Centrum Kultury &#8211; Zameczek, przechodzi pierwszy etap rewitalizacji. Zako\u0144czenie prac planowane jest w pierwszej po\u0142owie 2018 roku.<\/p>\n","protected":false},"author":5,"featured_media":7999,"comment_status":"closed","ping_status":"open","sticky":false,"template":"","format":"standard","meta":[],"categories":[1],"tags":[],"_links":{"self":[{"href":"https:\/\/www.siemck.pl\/wp-json\/wp\/v2\/posts\/7997"}],"collection":[{"href":"https:\/\/www.siemck.pl\/wp-json\/wp\/v2\/posts"}],"about":[{"href":"https:\/\/www.siemck.pl\/wp-json\/wp\/v2\/types\/post"}],"author":[{"embeddable":true,"href":"https:\/\/www.siemck.pl\/wp-json\/wp\/v2\/users\/5"}],"replies":[{"embeddable":true,"href":"https:\/\/www.siemck.pl\/wp-json\/wp\/v2\/comments?post=7997"}],"version-history":[{"count":3,"href":"https:\/\/www.siemck.pl\/wp-json\/wp\/v2\/posts\/7997\/revisions"}],"predecessor-version":[{"id":8002,"href":"https:\/\/www.siemck.pl\/wp-json\/wp\/v2\/posts\/7997\/revisions\/8002"}],"wp:featuredmedia":[{"embeddable":true,"href":"https:\/\/www.siemck.pl\/wp-json\/wp\/v2\/media\/7999"}],"wp:attachment":[{"href":"https:\/\/www.siemck.pl\/wp-json\/wp\/v2\/media?parent=7997"}],"wp:term":[{"taxonomy":"category","embeddable":true,"href":"https:\/\/www.siemck.pl\/wp-json\/wp\/v2\/categories?post=7997"},{"taxonomy":"post_tag","embeddable":true,"href":"https:\/\/www.siemck.pl\/wp-json\/wp\/v2\/tags?post=7997"}],"curies":[{"name":"wp","href":"https:\/\/api.w.org\/{rel}","templated":true}]}}