{"id":6837,"date":"2017-09-08T12:53:44","date_gmt":"2017-09-08T10:53:44","guid":{"rendered":"https:\/\/siemck.pl\/?p=6837"},"modified":"2017-09-08T12:53:44","modified_gmt":"2017-09-08T10:53:44","slug":"vii-edycja-programu-kinoszkola-rok-szkolny-20172018","status":"publish","type":"post","link":"https:\/\/www.siemck.pl\/vii-edycja-programu-kinoszkola-rok-szkolny-20172018\/","title":{"rendered":"VII edycja programu KinoSzko\u0142a &#8211; rok szkolny 2017\/2018"},"content":{"rendered":"<h3>Siemianowickie Centrum Kultury zaprasza do udzia\u0142u w VII edycji programu KinoSzko\u0142a.<\/h3>\n<p>Ju\u017c po raz drugi Siemianowickie Centrum Kultury zaprasza\u00a0na program edukacji filmowej &#8222;KinoSzko\u0142a&#8221;. W sezonie 2017\/2018 proponujemy nast\u0119puj\u0105ce cykle tematyczne:<\/p>\n<ul>\n<li><strong>KinoPrzedszkole<\/strong>\u00a0&#8211; zaj\u0119cia przeznaczone dla dzieci powy\u017cej 4. roku \u017cycia, prowadzone s\u0105 w formie zabawy edukacyjnej, kt\u00f3rej tematyka zwi\u0105zana jest z tre\u015bci\u0105 prezentowanych film\u00f3w. Czas trwania 60-75 min.<\/li>\n<li><strong>Cykl profilaktyczno-spo\u0142eczny &#8222;Filmowe drogowskazy&#8221;<\/strong>\u00a0&#8211; polecamy jako uzupe\u0142nienie godzin wychowawczych. Tematy prelekcji oraz dob\u00f3r film\u00f3w powsta\u0142 w oparciu o tre\u015bci podstaw programowych do nauczania przedmiot\u00f3w: etyka, edukacja spo\u0142eczna, wiedza o spo\u0142ecze\u0144stwie, wychowanie do \u017cycia w rodzinie, a tak\u017ce na podstawie autorskich projekt\u00f3w profilaktycznych. Czas trwania: oko\u0142o 30 minut prelekcji + czas trwania filmu.<\/li>\n<li><strong>Cykl przyrodniczy<\/strong>\u00a0&#8211; stanowi uzupe\u0142nienie edukacji przyrodniczej i ekologicznej w szko\u0142ach podstawowych. Cz\u0119\u015b\u0107 film\u00f3w prezentowana jest w technologii 3D. Czas trwania: oko\u0142o 30 minut prelekcji + czas trwania film\u00f3w.<\/li>\n<li><strong>Rekolekcje z filmem<\/strong>\u00a0&#8211; w czasie Wielkopostnym proponujemy spotkania z filmami, kt\u00f3re sk\u0142aniaj\u0105 do refleksji i pozwalaj\u0105 w niecodziennej formie prze\u017cy\u0107 rekolekcje szkolne. Cykl ten realizowany jest w miesi\u0105cu marcu i adresowany jest do uczni\u00f3w szk\u00f3\u0142 podstawowych, gimnazjalnych oraz ponadgimnazjalnych.<\/li>\n<li><strong>Warsztaty spo\u0142eczne<\/strong>\u00a0<strong>&#8222;Dbam o relacje&#8221;\u00a0<\/strong>&#8211; celem zaj\u0119\u0107 jest przygotowanie dzieci do bardziej \u015bwiadomego postrzegania siebie i swoich relacji z bliskimi. Cykl skierowany jest do uczni\u00f3w szk\u00f3\u0142 podstawowych i gimnazjalnych (grupy maksymalnie do 30 os\u00f3b, czas trwania zaj\u0119\u0107 ok. 90 minut, zaj\u0119cia te moga odbywa\u0107 si\u0119 w szkole &#8211; je\u015bli spe\u0142nia ona wymagania techniczne). Teamtyk zaj\u0119\u0107 warsztatowych jest zr\u00f3\u017cnicowane i odpowiednio dostosowane do wieku uczestnik\u00f3w.<\/li>\n<li><strong>Warsztaty medialne<\/strong>\u00a0&#8211;\u00a0 udzia\u0142 w zaj\u0119ciach ma na celu profesjonalne wprowadznie dzieci w \u015bwiat medi\u00f3w wizualnych, tak aby nauczy\u0142y si\u0119 si\u0119 rozpoznawa\u0107 podstawowe medie oraz pozna\u0142y korzy\u015bci i zagro\u017cenia wynikaj\u0105ce z korzystania z najnowszych technologii. Cykl adresowany jest do uczni\u00f3w szk\u00f3\u0142 podstawowych (grupy maksymalnie do 30 os\u00f3b, czas trwania zaj\u0119\u0107 ok. 90 minut, zaj\u0119cia te moga odbywa\u0107 si\u0119 w szkole &#8211; je\u015bli spe\u0142nia ona wymagania techniczne). Teamtyk zaj\u0119\u0107 warsztatowych jest zr\u00f3\u017cnicowane i odpowiednio dostosowane do wieku uczestnik\u00f3w.<\/li>\n<li><strong>Mini wyk\u0142ady z klasyki filmowej<\/strong>\u00a0&#8211; cykl przeznaczony dla szk\u00f3\u0142 ponadgimnazjalnych. Celem zaj\u0119\u0107 jest zapoznanie uczni\u00f3w z tw\u00f3rczo\u015bci\u0105 klasycznych re\u017cyser\u00f3w kinematografii polskiej i \u015bwiatowej. Poprzez analiz\u0119 fragment\u00f3w dzie\u0142 filmowych uczniowie poznaj\u0105 specyfik\u0119 tw\u00f3rczo\u015bci ka\u017cdego z autor\u00f3w, a tak\u017ce udoskonal\u0105 umiej\u0119tno\u015b\u0107 analizy dzie\u0142a audiowizualnego (grupy maksymalnie do 30 os\u00f3b, czas trwania zaj\u0119\u0107 ok. 90 minut, zaj\u0119cia te moga odbywa\u0107 si\u0119 w szkole &#8211; je\u015bli spe\u0142nia ona wymagania techniczne).<\/li>\n<li><strong>Zaj\u0119cia dla senior\u00f3w<\/strong>\u00a0&#8211; cykl comiesi\u0119cznych spotka\u0144 z dobrym kinem dla sienior\u00f3w i student\u00f3w UTW. Ka\u017cd\u0105 projekcj\u0119 filmow\u0105 otwiera ok. 30-minutowa prelekcja zwi\u0105zana z zagadnieniami psychologicznymi.<\/li>\n<\/ul>\n<p>Aktualny program z tematyk\u0105 zaj\u0119\u0107 filmowych oraz warsztat\u00f3w medialnych znajduje si\u0119 w\u00a0<a href=\"https:\/\/siemck.pl\/wp-content\/uploads\/Kino-Szkola-2017.pdf\">KATALOGU<\/a>.<\/p>\n<p><strong>Cennik:<\/strong><br \/>\n&#8211; cena pojedynczego spotkania: 9 z\u0142\/os.<br \/>\n&#8211; cena dla siemianowickich szk\u00f3\u0142: 7 z\u0142\/os (pod warunkiem, \u017ce szko\u0142a skorzysta z programu co najmniej w dw\u00f3ch wybranych miesi\u0105cach).<\/p>\n<p><strong>Kontakt:\u00a0<\/strong><br \/>\nAnna Kokot, tel.\u00a0797 856 886<br \/>\ne-mail: kinoszkola@siemck.pl<\/p>\n<p>Karta zg\u0142oszenia do programu:\u00a0 <a href=\"https:\/\/siemck.pl\/wp-content\/uploads\/kinoszkolakarta.pdf\">kinoszkolakarta<\/a><\/p>\n","protected":false},"excerpt":{"rendered":"<p>Siemianowickie Centrum Kultury zaprasza do udzia\u0142u w VII edycji programu KinoSzko\u0142a. Ju\u017c po raz drugi Siemianowickie Centrum Kultury zaprasza\u00a0na program edukacji filmowej &#8222;KinoSzko\u0142a&#8221;. W sezonie 2017\/2018 proponujemy nast\u0119puj\u0105ce cykle tematyczne: KinoPrzedszkole\u00a0&#8211; zaj\u0119cia przeznaczone dla dzieci powy\u017cej 4. roku \u017cycia, prowadzone s\u0105 w formie zabawy edukacyjnej, kt\u00f3rej tematyka zwi\u0105zana jest z tre\u015bci\u0105 prezentowanych film\u00f3w. Czas trwania [&hellip;]<\/p>\n","protected":false},"author":5,"featured_media":6839,"comment_status":"closed","ping_status":"open","sticky":false,"template":"","format":"standard","meta":[],"categories":[1],"tags":[],"_links":{"self":[{"href":"https:\/\/www.siemck.pl\/wp-json\/wp\/v2\/posts\/6837"}],"collection":[{"href":"https:\/\/www.siemck.pl\/wp-json\/wp\/v2\/posts"}],"about":[{"href":"https:\/\/www.siemck.pl\/wp-json\/wp\/v2\/types\/post"}],"author":[{"embeddable":true,"href":"https:\/\/www.siemck.pl\/wp-json\/wp\/v2\/users\/5"}],"replies":[{"embeddable":true,"href":"https:\/\/www.siemck.pl\/wp-json\/wp\/v2\/comments?post=6837"}],"version-history":[{"count":3,"href":"https:\/\/www.siemck.pl\/wp-json\/wp\/v2\/posts\/6837\/revisions"}],"predecessor-version":[{"id":6843,"href":"https:\/\/www.siemck.pl\/wp-json\/wp\/v2\/posts\/6837\/revisions\/6843"}],"wp:featuredmedia":[{"embeddable":true,"href":"https:\/\/www.siemck.pl\/wp-json\/wp\/v2\/media\/6839"}],"wp:attachment":[{"href":"https:\/\/www.siemck.pl\/wp-json\/wp\/v2\/media?parent=6837"}],"wp:term":[{"taxonomy":"category","embeddable":true,"href":"https:\/\/www.siemck.pl\/wp-json\/wp\/v2\/categories?post=6837"},{"taxonomy":"post_tag","embeddable":true,"href":"https:\/\/www.siemck.pl\/wp-json\/wp\/v2\/tags?post=6837"}],"curies":[{"name":"wp","href":"https:\/\/api.w.org\/{rel}","templated":true}]}}