{"id":6778,"date":"2017-09-04T13:37:29","date_gmt":"2017-09-04T11:37:29","guid":{"rendered":"https:\/\/siemck.pl\/?p=6778"},"modified":"2017-09-04T14:51:59","modified_gmt":"2017-09-04T12:51:59","slug":"konkurs-trzy-kolory-czerwony-zolty-niebieski-rozstrzygniety","status":"publish","type":"post","link":"https:\/\/www.siemck.pl\/konkurs-trzy-kolory-czerwony-zolty-niebieski-rozstrzygniety\/","title":{"rendered":"Konkurs TRZY KOLORY \u2013 CZERWONY \u017b\u00d3\u0141TY NIEBIESKI \u2013 rozstrzygni\u0119ty !!!"},"content":{"rendered":"<p>Do udzia\u0142u w IV edycji\u00a0 Wojew\u00f3dzkiego Konkursu Plastycznego <strong>TRZY<\/strong> <strong>KOLORY- ODCIENIE PRZYJA\u0179NI<\/strong> organizowanego przez Pracowni\u0119 Plastyczn\u0105 OKIENKO Siemianowickiego Centrum Kultury, nades\u0142ano 273 prace . Komisja w sk\u0142adzie <strong>: Milena Micha\u0142owska &#8211; ASP Katowice, Jadwiga Korzeniowska \u2013 Pracownia Tw\u00f3rcza ARTKO, Paulina Matysek \u2013 Pracownia Plastyczna NA WINKLU, Dorota Micior-Gajewska &#8211; Pracownia Plastyczna OKIENKO,<\/strong> przyzna\u0142a \u00a0<strong>8 r\u00f3wnorz\u0119dnych nagr\u00f3d i<\/strong> <strong>10 wyr\u00f3\u017cnie\u0144<\/strong>\u00a0w poszczeg\u00f3lnych kategoriach wiekowych, oraz <strong>4<\/strong> dodatkowe\u00a0 <strong>nagrody fundowane<\/strong> i <strong>1 nagrod\u0119<\/strong>\u00a0za prace nie spe\u0142niaj\u0105ca warunk\u00f3w regulaminu, ale posiadaj\u0105c\u0105 du\u017ce walory artystyczne. Ponadto <strong>wyr\u00f3\u017cniono <\/strong>udzia\u0142em w\u00a0 wystawie prace <strong>99<\/strong> autor\u00f3w.<\/p>\n<p>Wystawa pokonkursowa, rozdanie nagr\u00f3d i wyr\u00f3\u017cnie\u0144 odb\u0119dzie si\u0119 4 pa\u017adziernika 2017\/\u015broda\/ o g.18.00 w parku Tradycji SCK ul. E. Orzeszkowej 12.<\/p>\n<p>&nbsp;<\/p>\n<p>Pe\u0142na lista laureat\u00f3w konkursu dost\u0119pna w linku:\u00a0<a href=\"https:\/\/siemck.pl\/wp-content\/uploads\/Konkurs-TRZY-KOLORY-ODCIENIE-PRZYJAZNI-1.pdf\">wynikiTRZYkolory<\/a>.<\/p>\n","protected":false},"excerpt":{"rendered":"<p>Do udzia\u0142u w IV edycji\u00a0 Wojew\u00f3dzkiego Konkursu Plastycznego TRZY KOLORY- ODCIENIE PRZYJA\u0179NI organizowanego przez Pracowni\u0119 Plastyczn\u0105 OKIENKO Siemianowickiego Centrum Kultury, nades\u0142ano 273 prace . Komisja w sk\u0142adzie : Milena Micha\u0142owska &#8211; ASP Katowice, Jadwiga Korzeniowska \u2013 Pracownia Tw\u00f3rcza ARTKO, Paulina Matysek \u2013 Pracownia Plastyczna NA WINKLU, Dorota Micior-Gajewska &#8211; Pracownia Plastyczna OKIENKO, przyzna\u0142a \u00a08 r\u00f3wnorz\u0119dnych [&hellip;]<\/p>\n","protected":false},"author":5,"featured_media":6780,"comment_status":"closed","ping_status":"open","sticky":false,"template":"","format":"standard","meta":[],"categories":[1],"tags":[],"_links":{"self":[{"href":"https:\/\/www.siemck.pl\/wp-json\/wp\/v2\/posts\/6778"}],"collection":[{"href":"https:\/\/www.siemck.pl\/wp-json\/wp\/v2\/posts"}],"about":[{"href":"https:\/\/www.siemck.pl\/wp-json\/wp\/v2\/types\/post"}],"author":[{"embeddable":true,"href":"https:\/\/www.siemck.pl\/wp-json\/wp\/v2\/users\/5"}],"replies":[{"embeddable":true,"href":"https:\/\/www.siemck.pl\/wp-json\/wp\/v2\/comments?post=6778"}],"version-history":[{"count":5,"href":"https:\/\/www.siemck.pl\/wp-json\/wp\/v2\/posts\/6778\/revisions"}],"predecessor-version":[{"id":6786,"href":"https:\/\/www.siemck.pl\/wp-json\/wp\/v2\/posts\/6778\/revisions\/6786"}],"wp:featuredmedia":[{"embeddable":true,"href":"https:\/\/www.siemck.pl\/wp-json\/wp\/v2\/media\/6780"}],"wp:attachment":[{"href":"https:\/\/www.siemck.pl\/wp-json\/wp\/v2\/media?parent=6778"}],"wp:term":[{"taxonomy":"category","embeddable":true,"href":"https:\/\/www.siemck.pl\/wp-json\/wp\/v2\/categories?post=6778"},{"taxonomy":"post_tag","embeddable":true,"href":"https:\/\/www.siemck.pl\/wp-json\/wp\/v2\/tags?post=6778"}],"curies":[{"name":"wp","href":"https:\/\/api.w.org\/{rel}","templated":true}]}}