{"id":6770,"date":"2017-09-01T09:30:36","date_gmt":"2017-09-01T07:30:36","guid":{"rendered":"https:\/\/siemck.pl\/?p=6770"},"modified":"2017-09-08T11:17:11","modified_gmt":"2017-09-08T09:17:11","slug":"spotkania-organizacyjne-sekcji-i-zespolow-sck","status":"publish","type":"post","link":"https:\/\/www.siemck.pl\/spotkania-organizacyjne-sekcji-i-zespolow-sck\/","title":{"rendered":"Spotkania organizacyjne sekcji i zespo\u0142\u00f3w SCK"},"content":{"rendered":"<p style=\"text-align: center;\"><strong>Zapraszamy na spotkania organizacyjne sekcji artystycznych<\/strong><\/p>\n<p style=\"text-align: center;\"><strong>Siemianowickiego Centrum Kultury w roku szkolnym 2017\/2018<\/strong><\/p>\n<p><strong>\u00a0<\/strong><\/p>\n<p><strong>\u00a0<\/strong><\/p>\n<p><strong><u>Sekcje dzia\u0142aj\u0105ce w SCK BYTK\u00d3W, ul. Niepodleg\u0142o\u015bci 45:<\/u><\/strong><strong>\u00a0<\/strong><\/p>\n<ul>\n<li>Zespo\u0142y ENTLICZEK, GROSZKI, BIEDRONKI (dzieci w wieku 4 \u2013\u00a0 6 lat) \u2013 <strong>18.09.2017 r. godz.18.00 sala nr 1<\/strong><\/li>\n<li>SEKCJA BALETOWA ( dzieci w wieku 5-8 lat) \u2013 <strong>21.09.2017r. godz. 17.00 sala nr 1<\/strong><\/li>\n<li>RYTM I MELODIA (dzieci w wieku 2-4 lata) \u2013 <strong>20.09.2017 r. godz. 17.00 sala nr 1<\/strong><\/li>\n<li>ABSTRAKCJA ( dzieci w wieku 6-8 lat) \u2013 <strong>20.09.2017 r.\u00a0 godz. 18.00 sala nr 1<\/strong><\/li>\n<li>FLESZ JUNIOR\u00a0 (dzieci w wieku 7-8 lat) \u2013 <strong>22.09.2017 r. godz. 17.00 sala nr 1<\/strong><\/li>\n<li>FLESZ\u00a0 ( dzieci w wieku 9-10 lat) \u2013 <strong>22.09.2017 r. godz. 18.00 sala nr 1<\/strong><\/li>\n<li>EUFORIA ( dzieci w wieku 11-12 lat) \u2013 <strong>22.09.2017 r. godz. 18.00 sala nr 1<\/strong><\/li>\n<li>Pracownia Plastyczna OKIENKO (dzieci w wieku 5 \u2013 16 lat) \u2013 <strong>19.09.2017 r. godz. 17.00 sala widowiskowa<\/strong><\/li>\n<li>Pracownia Ceramiczna ( dzieci\u00a0 w wieku 8-14 lat) &#8211;\u00a0 <strong>19.09.2017\u00a0 godz. 18.00, pracownia ceramiczna<\/strong><\/li>\n<li>DZIECI\u0118CY ZESP\u00d3\u0141 PIE\u015aNI I TA\u0143CA SIEMIANOWICE (dzieci w wieku 4-6 lat)- <strong>18.09.2017r. godz. 17.00<\/strong>,<\/li>\n<li>DZIECI\u0118CY ZESP\u00d3\u0141 PIE\u015aNI I TA\u0143CA SIEMIANOWICE (dzieci w wieku 7-12 lat)- <strong>18.09.2017r. godz. 18.00<\/strong><\/li>\n<li>ZESP\u00d3\u0141 PIE\u015aNI I TA\u0143CA SIEMIANOWICE (m\u0142odzie\u017c od 13 roku \u017cycia)- <strong>20.09.2017r. godz. 19.00<\/strong><\/li>\n<li>TEATR DOMINO (dzieci, m\u0142odzie\u017c, doro\u015bli)- <strong>28.09.2017r. godz. 18.00<\/strong><\/li>\n<\/ul>\n<p><strong>\u00a0<\/strong><\/p>\n<p><strong>\u00a0<\/strong><\/p>\n<p><strong><u>Sekcje dzia\u0142aj\u0105ce w SCK ZAMECZEK ul. O\u015bwi\u0119cimska 1:<\/u><\/strong><\/p>\n<p>Z uwagi na remont obiektu zaj\u0119cia zostaj\u0105 przeniesione do SCK Parku Tradycji oraz Szko\u0142y Podstawowej nr 4<\/p>\n<p><strong>\u00a0<\/strong><\/p>\n<p><strong>Szko\u0142a Podstawowa Nr 4 ul. M. D\u0105browskiej 10 <\/strong>(zaj\u0119cia przeniesione na czas remontu SCK Zameczek)<\/p>\n<ul>\n<li>ZAJ\u0118CIA PLASTYCZNE- <strong>21.09.2017r. godz. 17.00 <\/strong>(dzieci w wieku 4-6 lat)<strong>, godz. 18.00 <\/strong>(dzieci w wieku 7-13 lat)<\/li>\n<li>ZAJ\u0118CIA TEATRALNE (dzieci od 7 roku \u017cycia)- <strong>22.09.2017r. godz. 17.00<\/strong><\/li>\n<li>J\u0118ZYK ANGIELSKI (dla m\u0142odzie\u017cy i doros\u0142ych) pierwsze, bezp\u0142atne zaj\u0119cia-\u00a0<strong>27.09.2017r. godz. 17.30<\/strong> (grupa pocz\u0105tkuj\u0105ca), <strong>godz.\u00a018.50<\/strong> (grupa \u015bredniozaawansowana)<\/li>\n<\/ul>\n<p>&nbsp;<\/p>\n<p><strong>SCK-Park Tradycji ul. Orzeszkowej 12 <\/strong>(zaj\u0119cia przeniesione na czas remontu SCK Zameczek)<\/p>\n<ul>\n<li>ZESP\u00d3\u0141 TANECZNY TIP-TOP (dzieci w wieku 4-6 lat)- <strong>19.09.2017r. godz. 17.00 <\/strong><\/li>\n<li>ZESPO\u0141Y TANECZNE LITTLE STARS, SEKRET, MAGIC DANCE (dzieci w wieku 7-13 lat)- <strong>19.09.2017r. godz. 18.00<\/strong><\/li>\n<li>CH\u00d3R DENUO (m\u0142odzie\u017c od 18 r.\u017c.)- otwarte zaj\u0119cia, przes\u0142uchania dla nowych cz\u0142onk\u00f3w- <strong>27.09.2017<br \/>\ni<\/strong> <strong>11.10.2017r. godz. 18.30<\/strong><\/li>\n<li>KLUB SENIORA SIEMIANOWICE 60+<strong>&#8211; informacje wkr\u00f3tce<\/strong><\/li>\n<li>ZESP\u00d3\u0141 WOKALNY FANTASY\u00a0(m\u0142odzie\u017c od 13 r.\u017c.) &#8211;\u00a0<strong>28.09 godz. 17.00<\/strong><\/li>\n<\/ul>\n<p><strong>\u00a0<\/strong><\/p>\n<p><strong><u>Osoby, kt\u00f3re w roku szkolnym 2016\/2017 nale\u017ca\u0142y do powy\u017cszych sekcji w SCK Zameczek i s\u0105 zainteresowane kontynuacj\u0105 udzia\u0142u w zaj\u0119ciach prosimy o potwierdzenie do 15.09.2017r.- kontakt pod numerem telefonu: (32)\u00a0204-11-27 lub mailowo: zameczek@siemck.pl<\/u><\/strong><\/p>\n<p>&nbsp;<\/p>\n","protected":false},"excerpt":{"rendered":"<p>Zapraszamy na spotkania organizacyjne sekcji artystycznych Siemianowickiego Centrum Kultury w roku szkolnym 2017\/2018 \u00a0 \u00a0 Sekcje dzia\u0142aj\u0105ce w SCK BYTK\u00d3W, ul. Niepodleg\u0142o\u015bci 45:\u00a0 Zespo\u0142y ENTLICZEK, GROSZKI, BIEDRONKI (dzieci w wieku 4 \u2013\u00a0 6 lat) \u2013 18.09.2017 r. godz.18.00 sala nr 1 SEKCJA BALETOWA ( dzieci w wieku 5-8 lat) \u2013 21.09.2017r. godz. 17.00 sala nr [&hellip;]<\/p>\n","protected":false},"author":6,"featured_media":6681,"comment_status":"closed","ping_status":"open","sticky":false,"template":"","format":"standard","meta":[],"categories":[1],"tags":[],"_links":{"self":[{"href":"https:\/\/www.siemck.pl\/wp-json\/wp\/v2\/posts\/6770"}],"collection":[{"href":"https:\/\/www.siemck.pl\/wp-json\/wp\/v2\/posts"}],"about":[{"href":"https:\/\/www.siemck.pl\/wp-json\/wp\/v2\/types\/post"}],"author":[{"embeddable":true,"href":"https:\/\/www.siemck.pl\/wp-json\/wp\/v2\/users\/6"}],"replies":[{"embeddable":true,"href":"https:\/\/www.siemck.pl\/wp-json\/wp\/v2\/comments?post=6770"}],"version-history":[{"count":2,"href":"https:\/\/www.siemck.pl\/wp-json\/wp\/v2\/posts\/6770\/revisions"}],"predecessor-version":[{"id":6836,"href":"https:\/\/www.siemck.pl\/wp-json\/wp\/v2\/posts\/6770\/revisions\/6836"}],"wp:featuredmedia":[{"embeddable":true,"href":"https:\/\/www.siemck.pl\/wp-json\/wp\/v2\/media\/6681"}],"wp:attachment":[{"href":"https:\/\/www.siemck.pl\/wp-json\/wp\/v2\/media?parent=6770"}],"wp:term":[{"taxonomy":"category","embeddable":true,"href":"https:\/\/www.siemck.pl\/wp-json\/wp\/v2\/categories?post=6770"},{"taxonomy":"post_tag","embeddable":true,"href":"https:\/\/www.siemck.pl\/wp-json\/wp\/v2\/tags?post=6770"}],"curies":[{"name":"wp","href":"https:\/\/api.w.org\/{rel}","templated":true}]}}