{"id":6044,"date":"2017-05-19T14:03:39","date_gmt":"2017-05-19T12:03:39","guid":{"rendered":"https:\/\/siemck.pl\/?p=6044"},"modified":"2017-07-24T11:25:58","modified_gmt":"2017-07-24T09:25:58","slug":"akcja-lato-w-siemianowickim-centrum-kultury","status":"publish","type":"post","link":"https:\/\/www.siemck.pl\/akcja-lato-w-siemianowickim-centrum-kultury\/","title":{"rendered":"AKCJA LATO W SIEMIANOWICKIM CENTRUM KULTURY"},"content":{"rendered":"<p>W tym roku Siemianowickie Centrum Kultury w ramach AKCJI LATO proponuje:<\/p>\n<p><strong>I. REGULARNE ZAJ\u0118CIA<\/strong><\/p>\n<p><strong><u>WTORKI \u2013 FILMOWE SPOTKANIA Z BAJK\u0104 W PARKU TRADYCJI<br \/>\n<\/u><\/strong><strong>\u00a0\u00a0\u00a0\u00a0\u00a0\u00a0\u00a0\u00a0\u00a0\u00a0\u00a0 godz. 10.00 \u00a0\u00a0\u00a0 <\/strong>\u2013 projekcje filmowe (bajki i filmy dla dzieci)<strong><br \/>\n<\/strong>\u2013 SCK \u2013\u00a0\u00a0 PARK TRADYCJI, ul. Orzeszkowej 12<\/p>\n<p><strong>godz. 12.00 \u00a0\u00a0\u00a0 <\/strong>\u2013 warsztaty matematyczne<strong><br \/>\n<\/strong>\u2013 SCK \u2013\u00a0\u00a0 WILLA FITZNERA, ul. 27 stycznia 3<\/p>\n<p><strong><u>\u015aRODY \u2013 \u0141AMIG\u0141\u00d3WKI M\u0104DREJ G\u0141\u00d3WKI\/ GIMNASTYKA M\u00d3ZGU<\/u><\/strong><\/p>\n<p><strong>godz. 10.00 \u2013 11.30\u00a0\u00a0 <\/strong>\u2013 gry planszowe dla dzieci<br \/>\n<strong>\u00a0\u00a0\u00a0\u00a0\u00a0\u00a0\u00a0\u00a0\u00a0\u00a0\u00a0\u00a0\u00a0\u00a0\u00a0\u00a0\u00a0\u00a0\u00a0\u00a0\u00a0\u00a0\u00a0\u00a0\u00a0\u00a0\u00a0\u00a0\u00a0\u00a0\u00a0\u00a0\u00a0\u00a0 \u00a0\u00a0\u00a0\u00a0\u00a0\u00a0\u00a0\u00a0\u00a0\u00a0\u00a0 <\/strong>\u2013 SCK \u2013\u00a0\u00a0 PARK TRADYCJI, ul. Orzeszkowej 12<\/p>\n<p><strong>godz. 12.00 \u2013 13.30<\/strong>\u00a0\u00a0\u00a0 \u2013 strefa tw\u00f3rczych warsztat\u00f3w<br \/>\n\u2013 SCK \u2013\u00a0\u00a0 WILLA FITZNERA, ul. 27 stycznia 3<\/p>\n<p>5.07.2017 &#8211;\u00a0 Warsztaty dziennikarskie<br \/>\n12.07.2017 &#8211; Warsztaty muzyczno- psychologiczne<br \/>\n19.07.2017 &#8211; spotkanie z muzyka i sztukami walki.<br \/>\n26.07.2017\u00a0 &#8211; \u015awiat wege, przygotowanie potraw i degustacja<br \/>\n2.08.2017\u00a0 &#8211; \u015awiat wege, przygotowanie potraw i degustacja<br \/>\n9.08.2017 &#8211; Spotkanie z muzyk\u0105 i sztukami walki.<br \/>\n16.08.2017 &#8211; Warsztaty dziennikarskie<br \/>\n23. 08.2017 Warsztaty muzyczno &#8211; psychologiczne<\/p>\n<p><strong><u>CZWARTKI \u2013 ZDROWO, TW\u00d3RCZO, KULINARNIE I KOLOROWO<\/u><\/strong><\/p>\n<p><strong>godz. 10.00 \u2013 11.00<\/strong>\u00a0\u00a0\u00a0 \u2013 warsztaty zdrowego \u017cywienia dla dzieci po\u0142\u0105czone z\u00a0 przygotowaniem zdrowych , prostych sa\u0142atek, napoj\u00f3w\u00a0 i przek\u0105sek<br \/>\n<strong>\u00a0\u00a0\u00a0\u00a0\u00a0\u00a0\u00a0\u00a0\u00a0\u00a0\u00a0 <\/strong>\u2013 SCK \u2013\u00a0\u00a0 PARK TRADYCJI, ul. Orzeszkowej 12<\/p>\n<p><strong>godz. 17.00<\/strong>\u00a0\u00a0\u00a0\u00a0\u00a0\u00a0\u00a0\u00a0\u00a0\u00a0\u00a0\u00a0\u00a0\u00a0\u00a0\u00a0 Klub Gier Planszowych ( dla rodzin z dzie\u0107mi, dzieci pod opiek\u0105 doros\u0142ych, dla doros\u0142ych)<br \/>\n<strong>\u00a0\u00a0\u00a0\u00a0\u00a0\u00a0\u00a0\u00a0\u00a0\u00a0\u00a0 <\/strong>\u2013 SCK \u2013\u00a0\u00a0 PARK TRADYCJI, ul. Orzeszkowej 12<\/p>\n<p><strong><u>PI\u0104TKI \u2013 STREFA REKREACJI <\/u><\/strong><\/p>\n<p><strong>godz. 10.00 \u2013 14.00<\/strong>\u00a0\u00a0 \u2013 dmucha\u0144ce<br \/>\n\u2013 SCK \u2013\u00a0\u00a0 PARK TRADYCJI, ul. Orzeszkowej 12<br \/>\n<strong><u>\u00a0<\/u><\/strong><\/p>\n<p><strong><u>SOBOTY \u2013 PIKNIK ENERGO-AKTYWNY<\/u><\/strong><\/p>\n<p><strong>\u00a0godz. 11.00 \u2013 13.00<\/strong>\u00a0\u00a0 \u00a0 \u2013\u00a0 warsztaty taneczne dla dzieci, m\u0142odzie\u017cy i rodzic\u00f3w<br \/>\n\u2013 sportowe wyzwania<br \/>\n\u2013 piknik (strefa relaksu \u2013 le\u017caki, koce, muzyka \u2013 zapraszamy do<br \/>\nprzynoszenia koszy piknikowych i\u00a0 wsp\u00f3lnego odpoczynku<br \/>\npod SCK &#8211; Parkiem Tradycji)<br \/>\n\u2013 SCK \u2013\u00a0\u00a0 PARK TRADYCJI, ul. Orzeszkowej 12<\/p>\n<p><strong><u>NIEDZIELE \u2013 RODZINNE WYCIECZKI Z JARZ\u0118BIN\u0104 &#8211;<br \/>\n<\/u><\/strong>\u2013 SCK \u2013\u00a0\u00a0 JARZ\u0118BINA \u2013 UL WIERZBOWA 3<\/p>\n<p>2 lipca \u2013 <strong>Brenna<\/strong> \u2013 wyjazd o godz. 8.00. Koszt &#8211; 35 z\u0142\/ os<br \/>\n9 lipca \u2013 <strong>Orawica\/S\u0142owacja wody termalne<\/strong> \u2013 wyjazd o godz. 7.00. Koszt &#8211; 50 z\u0142\/os<br \/>\n16 lipca \u2013 <strong>Ustro\u0144<\/strong> \u2013 wyjazd o godz. 8.00. Koszt &#8211; 35 z\u0142\/ os<br \/>\n23 lipca \u2013\u00a0<strong>Turawa zalew<\/strong> \u2013 wyjazd o godz. 8.00. Koszt &#8211; 40 z\u0142.\/os<br \/>\n30 lipca \u2013 <strong>Rejs statkiem po Odrze<\/strong> \u2013 wyjazd o godz. 9.00. Koszt &#8211; 85 z\u0142.\/os<br \/>\n6 sierpnia \u2013 <strong>Jab\u0142onk\u00f3w\/Czechy Gorolskie \u015awi\u0119to<\/strong> \u2013 wyjazd o godz. 8.00. Koszt &#8211; 50 z\u0142.\/os<br \/>\n13 sierpnia \u2013 <strong>Kryspin\u00f3w\/Krak\u00f3w<\/strong> \u2013 wyjazd o godz. 8.00. Koszt &#8211; 35 z\u0142.\/os<br \/>\n20 sierpnia \u2013 <strong>Besenowa- wody termalne<\/strong> \u2013 wyjazd o godz. 7.00. Koszt &#8211; 60 z\u0142. \/os<br \/>\n27 sierpnia \u2013 <strong>Wis\u0142a<\/strong> \u2013 wyjazd o godz. 8.00. Koszt &#8211; 35 z\u0142\/os<\/p>\n<p>&nbsp;<\/p>\n<p>NIEDZIELE\u2013 <strong>TEATRALNE LATO POD CHMURK\u0104\u00a0<\/strong> &#8211; wszystkie niedziele lipca<\/p>\n<p>2 lipca, godz. 17.00 Teatr TRIP &#8211; animacje dla dzieci pt. \u00a0<strong>\u201eZamieszanie w\u00a0 \u015bwiecie ba\u015bni\u201d<\/strong><\/p>\n<p>9 lipca, godz. 17.00 Teatr DUET &#8211; spektakl pt. <strong>&#8222;Przygody misia podr\u00f3\u017cnika&#8221;<\/strong><\/p>\n<p>16 lipca, godz. 17.00 Teatr TRIP &#8211; spektakl pt. <strong>\u201eBabroszki\u00a0 lec\u0105 w kosmos\u201d<\/strong><\/p>\n<p>23 lipca, godz. 17.00 Teatr Urwis &#8211; spektakl pt. <strong>\u201ePipi W\u0119drowniczka\u201d<\/strong><\/p>\n<p>30 lipca, godz. 17.00 Teatr Duet &#8211; spektakl pt. <strong>&#8222;Doktor Dzi\u0119cio\u0142&#8221;\u00a0<\/strong><\/p>\n<p>\u2013 SCK \u2013\u00a0\u00a0 AMFITEATR<\/p>\n<p>&nbsp;<\/p>\n<p><strong>II. PROJEKTY KULTURALNE<\/strong><\/p>\n<p><strong><u>1.07\u00a0 \/ 29.07 \/26.08\u00a0 &#8211; \u015aNIADANIE NA TRAWIE ZE SZTUK\u0104 W TLE<\/u><\/strong><strong><br \/>\n<\/strong>\u00a0\u00a0\u00a0\u00a0\u00a0\u00a0\u00a0\u00a0\u00a0\u00a0\u00a0 1.07 godz. 10.00 \u2013 13.00\u00a0 \u2013\u00a0 \u015aNIADANIE NA TRAWIE ZE SZTUK\u0104 W TLE \u00a0&#8211; PICASSO<br \/>\n\u2013 SCK \u2013\u00a0\u00a0 BYTK\u00d3W<br \/>\n29.07 godz. 10.00 \u2013 13.00\u00a0 \u00a0\u00a0\u2013\u00a0 \u015aNIADANIE NA TRAWIE ZE SZTUK\u0104 W TLE \u2013\u00a0CEZANNE<br \/>\n\u2013 SCK \u2013 \u00a0\u00a0PARK TRADYCJI<\/p>\n<p>26.08 godz. 10.00 \u2013 13.00\u00a0\u00a0\u00a0 00\u00a0\u00a0\u00a0 \u2013\u00a0 \u015aNIADANIE NA TRAWIE ZE SZTUK\u0104\u00a0W TLE \u2013 MARC CHAGALL<br \/>\n\u2013 SCK \u2013 \u00a0\u00a0BYTK\u00d3W<\/p>\n<p>&nbsp;<\/p>\n<p><strong><u>10\u00a0 &#8211; 13 LIPCA,\u00a0 \u201eAKCJA KRASNOLUDKI\u201d\u00a0 &#8211;\u00a0 ZABAWY, GRY, KONKURSY<\/u><\/strong><\/p>\n<p>10 lipca, poniedzia\u0142ek, godz. 10.00 \u2013 12.00<br \/>\nKrasnoludki w \u00a0opowie\u015bciach &#8211; Bajki, ba\u015bnie, \u00a0podania \u2013 czytanie, opowiadanie,<br \/>\nogl\u0105danie bajek.<\/p>\n<p>11 lipca, wtorek,\u00a0 godz. 10.00 \u2013 12.00<br \/>\n\u201eWielki Test Wiedzy o Krasnoludkach\u201d \u2013 rebusy, \u00a0konkursy, zgadywanki<\/p>\n<p>12 lipca, \u015broda, godz. 10.00 \u2013 12.00<br \/>\nKrasnoludki ta\u0144cz\u0105\u00a0 \u2013 warsztaty taneczne z nauk\u0105 i \u00a0prezentacj\u0105<br \/>\nkrasnoludkowych pl\u0105s\u00f3w\u00a0 oraz krasnoludkowy bal<\/p>\n<p>13 lipca, czwartek godz. 10.00 \u2013 13.00<br \/>\nWarsztaty z krasnoludkami &#8211; zaj\u0119cia plastyczne dla dzieci,<br \/>\nlepienie z gliny, malowanie origami, piknik<\/p>\n<p>&nbsp;<\/p>\n<p>&nbsp;<\/p>\n<p><strong><u>17-21.07.2017 \u2013 \u201e\u015aLADAMI WIELKICH MISTRZ\u00d3W\u201d \u2013 ZAJ\u0118CIA PLASTYCZNE<\/u><\/strong><\/p>\n<p>Godz. 10.00 \u2013 dzieci w wieku 5-8 lat<\/p>\n<p>Godz. 12.00 \u2013 m\u0142odzie\u017c w wieku 9-16 lat<\/p>\n<p>SCK \u2013 ZAMECZEK, ul O\u015bwi\u0119cimska 1<\/p>\n<p>&nbsp;<\/p>\n<p><strong><u>22 07.2017, <\/u><\/strong>g. 11.00 <strong><u>\u015aWI\u0118TO CZEKOLADY &#8211; RYNEK MIEJSKI<\/u><\/strong><\/p>\n<p>Zabaw\u0119 poprowadzi Tadeusz Zdechlikiewicz<\/p>\n<p>&nbsp;<\/p>\n<p><strong><u>25\u00a0 \u2013 28 lipca, KOLOROWE LATO W OKIENKU<br \/>\n<\/u><\/strong><strong>\u00a0\u00a0\u00a0\u00a0\u00a0\u00a0\u00a0\u00a0\u00a0\u00a0\u00a0 <\/strong>25 lipca, wtorek,<br \/>\ngodz. 10.00 dzieci m\u0142odsze,<br \/>\ngodz. 12.00 dzieci starsze<\/p>\n<p>26 lipca, \u015broda,<br \/>\ngodz. 10.00 dzieci m\u0142odsze ,<br \/>\ngodz. 12.00 dzieci starsze<\/p>\n<p>27 lipca, czwartek,<br \/>\ngodz. 10.00 dzieci m\u0142odsze,<br \/>\ngodz. 12.00 dzieci starsze<\/p>\n<p>28 lipca, pi\u0105tek,<br \/>\ngodz. 10.00 dzieci m\u0142odsze,<br \/>\ngodz. 12.00 dzieci starsze<\/p>\n<p><strong>Z powodu ograniczonej liczby miejsc w pracowni zaj\u0119cia nie s\u0105 przeznaczone dla grup zorganizowanych z przedszkoli czy p\u00f3\u0142kolonii. <\/strong><\/p>\n<p>\u2013 SCK \u2013\u00a0\u00a0 BYTKOW, ul. Niepodleg\u0142o\u015bci 45<\/p>\n<p>&nbsp;<\/p>\n<p><strong><u>7-11.08.2017, godz. 10.00 \u00a0\u2013 WARSZTATY TEATRALNE DLA DZIECI W WIEKU 7-13 LAT<\/u><\/strong><\/p>\n<p>SCK \u2013 ZAMECZEK, ul O\u015bwi\u0119cimska 1<\/p>\n<p>&nbsp;<\/p>\n<p><strong><u>7 SIERPNIA I 21 SIERPNIA SPOTKANIA Z CERAMIK\u0104<\/u><\/strong><\/p>\n<p>7 sierpnia, poniedzia\u0142ek,<br \/>\ngodz. 10.00 warsztaty ceramiczne, cz\u0119\u015b\u0107 I,<br \/>\n(ilo\u015b\u0107 miejsc ograniczona, \u00a0 zapisy pod numerem telefonu 032 2287 280)<br \/>\n21 sierpnia, poniedzia\u0142ek, godz. 10.00 warsztaty ceramiczne, cz\u0119\u015b\u0107 II<\/p>\n<p>\u2013 SCK \u2013\u00a0\u00a0 BYTKOW, ul. Niepodleg\u0142o\u015bci 45<\/p>\n<p><strong><u>28 \u2013 30 SIERPNIA, BYTKOLANDIA\u00a0 &#8211; KRAINA TEATRU I MAGII<\/u><\/strong><\/p>\n<p>28 sierpnia, poniedzia\u0142ek,<br \/>\ngodz. 10.00 warsztaty teatralne: tworzenie postaci,<\/p>\n<p>29 sierpnia, wtorek, godz. 10.00 warsztaty teatralne:\u00a0 rola scenografii, ruchu i \u015bwiat\u0142a<\/p>\n<p>30 sierpnia, \u015broda godz. 10.00 warsztaty teatralne: pr\u00f3ba tworzenia spektaklu<br \/>\n\u2013 SCK \u2013\u00a0\u00a0 BYTKOW, plener<\/p>\n<p><strong><u>III\u00a0 REGULARNE ZAJ\u0118CIA DLA DZIECI<\/u><\/strong><\/p>\n<p><strong><u>\u2013 warsztaty, gry i zabawy<\/u><\/strong><\/p>\n<p>10-21 lipca 2017, godz. 11.00 \u2013 14.00<\/p>\n<p>7-11\u00a0 sierpnia 2017, godz. 11.00 \u2013 14.00<\/p>\n<p>\u2013 SCK \u2013\u00a0\u00a0 JARZ\u0118BINA \u2013 UL WIERZBOWA 3<\/p>\n<p><strong><u>&#8211; dmucha\u0144ce w Jarz\u0119binie<\/u><\/strong><\/p>\n<p>21 lipca 2017, godz. 11.00 &#8211; 14.00<\/p>\n<p>11 sierpnia 2017, godz. 11.00 &#8211; 14.00<\/p>\n<p>\u2013 SCK \u2013\u00a0\u00a0 JARZ\u0118BINA \u2013 UL WIERZBOWA 3<\/p>\n","protected":false},"excerpt":{"rendered":"<p>W tym roku Siemianowickie Centrum Kultury w ramach AKCJI LATO proponuje: I. REGULARNE ZAJ\u0118CIA WTORKI \u2013 FILMOWE SPOTKANIA Z BAJK\u0104 W PARKU TRADYCJI \u00a0\u00a0\u00a0\u00a0\u00a0\u00a0\u00a0\u00a0\u00a0\u00a0\u00a0 godz. 10.00 \u00a0\u00a0\u00a0 \u2013 projekcje filmowe (bajki i filmy dla dzieci) \u2013 SCK \u2013\u00a0\u00a0 PARK TRADYCJI, ul. Orzeszkowej 12 godz. 12.00 \u00a0\u00a0\u00a0 \u2013 warsztaty matematyczne \u2013 SCK \u2013\u00a0\u00a0 WILLA FITZNERA, ul. [&hellip;]<\/p>\n","protected":false},"author":5,"featured_media":4668,"comment_status":"closed","ping_status":"open","sticky":false,"template":"","format":"standard","meta":[],"categories":[1],"tags":[],"_links":{"self":[{"href":"https:\/\/www.siemck.pl\/wp-json\/wp\/v2\/posts\/6044"}],"collection":[{"href":"https:\/\/www.siemck.pl\/wp-json\/wp\/v2\/posts"}],"about":[{"href":"https:\/\/www.siemck.pl\/wp-json\/wp\/v2\/types\/post"}],"author":[{"embeddable":true,"href":"https:\/\/www.siemck.pl\/wp-json\/wp\/v2\/users\/5"}],"replies":[{"embeddable":true,"href":"https:\/\/www.siemck.pl\/wp-json\/wp\/v2\/comments?post=6044"}],"version-history":[{"count":7,"href":"https:\/\/www.siemck.pl\/wp-json\/wp\/v2\/posts\/6044\/revisions"}],"predecessor-version":[{"id":6635,"href":"https:\/\/www.siemck.pl\/wp-json\/wp\/v2\/posts\/6044\/revisions\/6635"}],"wp:featuredmedia":[{"embeddable":true,"href":"https:\/\/www.siemck.pl\/wp-json\/wp\/v2\/media\/4668"}],"wp:attachment":[{"href":"https:\/\/www.siemck.pl\/wp-json\/wp\/v2\/media?parent=6044"}],"wp:term":[{"taxonomy":"category","embeddable":true,"href":"https:\/\/www.siemck.pl\/wp-json\/wp\/v2\/categories?post=6044"},{"taxonomy":"post_tag","embeddable":true,"href":"https:\/\/www.siemck.pl\/wp-json\/wp\/v2\/tags?post=6044"}],"curies":[{"name":"wp","href":"https:\/\/api.w.org\/{rel}","templated":true}]}}