{"id":5486,"date":"2017-04-10T14:00:02","date_gmt":"2017-04-10T12:00:02","guid":{"rendered":"http:\/\/siemck.pl\/?p=5486"},"modified":"2017-04-10T14:11:41","modified_gmt":"2017-04-10T12:11:41","slug":"wojewodzki-konkurs-plastyczny-trzy-kolory-serdecznie-zapraszamy","status":"publish","type":"post","link":"https:\/\/www.siemck.pl\/wojewodzki-konkurs-plastyczny-trzy-kolory-serdecznie-zapraszamy\/","title":{"rendered":"Wojew\u00f3dzki Konkurs Plastyczny &#8222;Trzy kolory&#8221; &#8211; Serdecznie zapraszamy"},"content":{"rendered":"<p>Serdecznie zapraszamy do wzi\u0119cia udzia\u0142u w IV edycji Wojew\u00f3dzkiego Konkursu Plastycznego &#8222;TRZY KOLORY: CZERWONY \u017b\u00d3\u0141TY NIEBIESKI&#8221;, organizowanego przez Pracowni\u0119 Plastyczn\u0105 &#8222;Okienko&#8221;, dzia\u0142aj\u0105c\u0105 w Siemianowickim Centrum Kultury.<\/p>\n<p>Tytu\u0142 IV edycji konkursu to KOLORY PRZYJA\u0179NI. Opowiedzcie wiec nam czym jest przyja\u017a\u0144 i czy mo\u017ce by\u0107 kolorowa? Rodzice, rodze\u0144stwo, dziadkowie, koledzy z klasy czy podw\u00f3rka, znajomi o innym kolorze sk\u00f3ry czy innego kraju. A mo\u017ce zwierz\u0105tko domowe, przytulanka zabawka? Z kim mo\u017cna si\u0119 tak naprawd\u0119 zaprzyja\u017ani\u0107? W jakich kolorach mo\u017ce by\u0107 przyja\u017a\u0144 \/ czy posiada r\u00f3\u017cne odcienie?<\/p>\n<p>Na prace czekamy do ko\u0144ca czerwca 2017 roku w Pracowni Plastycznej &#8222;OKIENKO&#8221; przy Siemianowickim Centrum Kultury\u00a0 ul. Niepodleg\u0142o\u015bci 45 w Siemianowicach \u015al\u0105skich.<\/p>\n<p><a href=\"http:\/\/siemck.pl\/wp-content\/uploads\/ulotka_trzy_kolory_2017.pdf\" target=\"_blank\">Regulamin konkursu do pobrania (PDF)<\/a><\/p>\n","protected":false},"excerpt":{"rendered":"<p>Serdecznie zapraszamy do wzi\u0119cia udzia\u0142u w IV edycji Wojew\u00f3dzkiego Konkursu Plastycznego &#8222;TRZY KOLORY: CZERWONY \u017b\u00d3\u0141TY NIEBIESKI&#8221;, organizowanego przez Pracowni\u0119 Plastyczn\u0105 &#8222;Okienko&#8221;, dzia\u0142aj\u0105c\u0105 w Siemianowickim Centrum Kultury. Tytu\u0142 IV edycji konkursu to KOLORY PRZYJA\u0179NI. Opowiedzcie wiec nam czym jest przyja\u017a\u0144 i czy mo\u017ce by\u0107 kolorowa? Rodzice, rodze\u0144stwo, dziadkowie, koledzy z klasy czy podw\u00f3rka, znajomi o innym [&hellip;]<\/p>\n","protected":false},"author":1,"featured_media":5490,"comment_status":"closed","ping_status":"open","sticky":false,"template":"","format":"standard","meta":[],"categories":[1],"tags":[],"_links":{"self":[{"href":"https:\/\/www.siemck.pl\/wp-json\/wp\/v2\/posts\/5486"}],"collection":[{"href":"https:\/\/www.siemck.pl\/wp-json\/wp\/v2\/posts"}],"about":[{"href":"https:\/\/www.siemck.pl\/wp-json\/wp\/v2\/types\/post"}],"author":[{"embeddable":true,"href":"https:\/\/www.siemck.pl\/wp-json\/wp\/v2\/users\/1"}],"replies":[{"embeddable":true,"href":"https:\/\/www.siemck.pl\/wp-json\/wp\/v2\/comments?post=5486"}],"version-history":[{"count":3,"href":"https:\/\/www.siemck.pl\/wp-json\/wp\/v2\/posts\/5486\/revisions"}],"predecessor-version":[{"id":5492,"href":"https:\/\/www.siemck.pl\/wp-json\/wp\/v2\/posts\/5486\/revisions\/5492"}],"wp:featuredmedia":[{"embeddable":true,"href":"https:\/\/www.siemck.pl\/wp-json\/wp\/v2\/media\/5490"}],"wp:attachment":[{"href":"https:\/\/www.siemck.pl\/wp-json\/wp\/v2\/media?parent=5486"}],"wp:term":[{"taxonomy":"category","embeddable":true,"href":"https:\/\/www.siemck.pl\/wp-json\/wp\/v2\/categories?post=5486"},{"taxonomy":"post_tag","embeddable":true,"href":"https:\/\/www.siemck.pl\/wp-json\/wp\/v2\/tags?post=5486"}],"curies":[{"name":"wp","href":"https:\/\/api.w.org\/{rel}","templated":true}]}}