{"id":4189,"date":"2017-04-06T06:31:44","date_gmt":"2017-04-06T04:31:44","guid":{"rendered":"http:\/\/new.siemck.pl\/?p=4189"},"modified":"2017-04-06T12:46:12","modified_gmt":"2017-04-06T10:46:12","slug":"sck-podsumowanie-roku-2016","status":"publish","type":"post","link":"https:\/\/www.siemck.pl\/sck-podsumowanie-roku-2016\/","title":{"rendered":"SCK &#8211; Podsumowanie roku 2016"},"content":{"rendered":"<p>Podsumowanie roku 2016 w Siemianowickim Centrum Kultury. Film proponujemy ogl\u0105da\u0107 na pe\u0142nym ekranie, w tym celu wystarczy klikn\u0105\u0107 ikonk\u0119 prostok\u0105ta w prawym dolnym rogu filmu. Chc\u0105c wr\u00f3ci\u0107 z widoku pe\u0142nego ekranu, wystarczy wcisn\u0105\u0107 Escape na klawiaturze.<\/p>\n<p><iframe loading=\"lazy\" src=\"https:\/\/www.youtube.com\/embed\/U88hEj9-FPA?rel=0&amp;showinfo=0\" width=\"510\" height=\"287\" frameborder=\"0\" allowfullscreen=\"allowfullscreen\"><\/iframe><\/p>\n<p>Zapraszamy do\u00a0cz\u0119stego odwiedzania naszej strony internetowej, na nasz kana\u0142 na YouTube i\u00a0naszego Facebooka!\u00a0Dzi\u0119kujemy, \u017ce jeste\u015bcie z nami!<\/p>\n","protected":false},"excerpt":{"rendered":"<p>Podsumowanie roku 2016 w Siemianowickim Centrum Kultury. Film proponujemy ogl\u0105da\u0107 na pe\u0142nym ekranie, w tym celu wystarczy klikn\u0105\u0107 ikonk\u0119 prostok\u0105ta w prawym dolnym rogu filmu. Chc\u0105c wr\u00f3ci\u0107 z widoku pe\u0142nego ekranu, wystarczy wcisn\u0105\u0107 Escape na klawiaturze. Zapraszamy do\u00a0cz\u0119stego odwiedzania naszej strony internetowej, na nasz kana\u0142 na YouTube i\u00a0naszego Facebooka!\u00a0Dzi\u0119kujemy, \u017ce jeste\u015bcie z nami!<\/p>\n","protected":false},"author":1,"featured_media":4201,"comment_status":"closed","ping_status":"open","sticky":false,"template":"","format":"standard","meta":[],"categories":[1],"tags":[],"_links":{"self":[{"href":"https:\/\/www.siemck.pl\/wp-json\/wp\/v2\/posts\/4189"}],"collection":[{"href":"https:\/\/www.siemck.pl\/wp-json\/wp\/v2\/posts"}],"about":[{"href":"https:\/\/www.siemck.pl\/wp-json\/wp\/v2\/types\/post"}],"author":[{"embeddable":true,"href":"https:\/\/www.siemck.pl\/wp-json\/wp\/v2\/users\/1"}],"replies":[{"embeddable":true,"href":"https:\/\/www.siemck.pl\/wp-json\/wp\/v2\/comments?post=4189"}],"version-history":[{"count":12,"href":"https:\/\/www.siemck.pl\/wp-json\/wp\/v2\/posts\/4189\/revisions"}],"predecessor-version":[{"id":4297,"href":"https:\/\/www.siemck.pl\/wp-json\/wp\/v2\/posts\/4189\/revisions\/4297"}],"wp:featuredmedia":[{"embeddable":true,"href":"https:\/\/www.siemck.pl\/wp-json\/wp\/v2\/media\/4201"}],"wp:attachment":[{"href":"https:\/\/www.siemck.pl\/wp-json\/wp\/v2\/media?parent=4189"}],"wp:term":[{"taxonomy":"category","embeddable":true,"href":"https:\/\/www.siemck.pl\/wp-json\/wp\/v2\/categories?post=4189"},{"taxonomy":"post_tag","embeddable":true,"href":"https:\/\/www.siemck.pl\/wp-json\/wp\/v2\/tags?post=4189"}],"curies":[{"name":"wp","href":"https:\/\/api.w.org\/{rel}","templated":true}]}}