{"id":30274,"date":"2026-03-03T14:31:57","date_gmt":"2026-03-03T13:31:57","guid":{"rendered":"https:\/\/www.siemck.pl\/?p=30274"},"modified":"2026-03-03T14:44:50","modified_gmt":"2026-03-03T13:44:50","slug":"kasa-glowna-w-marcu","status":"publish","type":"post","link":"https:\/\/www.siemck.pl\/kasa-glowna-w-marcu\/","title":{"rendered":"Kasa g\u0142\u00f3wna w marcu"},"content":{"rendered":"<p><strong>W marcu sprzeda\u017c bilet\u00f3w w kasie SCK- Bytk\u00f3w odbywa\u0107 si\u0119 b\u0119dzie w nast\u0119puj\u0105cych godzinach : <\/strong><\/p>\n<p><strong>&#8211; poniedzia\u0142ek i wtorek \u00a0w godzinach 11.30-18.30<\/strong><\/p>\n<p><strong>&#8211; \u015broda w godzinach 9.30-14.30<\/strong><\/p>\n<p><strong>&#8211; \u00a0czwartek i pi\u0105tek w godzinach 9.30-16.30<\/strong><\/p>\n<p>&nbsp;<\/p>\n<p><strong>Dodatkowo: <\/strong><\/p>\n<p><strong>14.03 (sobota) godz. 17.00-19.30 &#8211; koncert EWY BEM <\/strong><\/p>\n<p><strong>21.03 (sobota) godz. 16.00-18.30 &#8211; operetka WESO\u0141A WD\u00d3WKA<\/strong><\/p>\n<p><strong>Bilety dost\u0119pne s\u0105 te\u017c on-line:\u00a0 <\/strong><a href=\"http:\/\/www.bilety.siemck.pl\/\"><strong>www.bilety.siemck.pl<\/strong><\/a><\/p>\n","protected":false},"excerpt":{"rendered":"<p>W marcu sprzeda\u017c bilet\u00f3w w kasie SCK- Bytk\u00f3w odbywa\u0107 si\u0119 b\u0119dzie w nast\u0119puj\u0105cych godzinach : &#8211; poniedzia\u0142ek i wtorek \u00a0w godzinach 11.30-18.30 &#8211; \u015broda w godzinach 9.30-14.30 &#8211; \u00a0czwartek i pi\u0105tek w godzinach 9.30-16.30 &nbsp; Dodatkowo: 14.03 (sobota) godz. 17.00-19.30 &#8211; koncert EWY BEM 21.03 (sobota) godz. 16.00-18.30 &#8211; operetka WESO\u0141A WD\u00d3WKA Bilety dost\u0119pne s\u0105 [&hellip;]<\/p>\n","protected":false},"author":6,"featured_media":29012,"comment_status":"closed","ping_status":"open","sticky":false,"template":"","format":"standard","meta":[],"categories":[1],"tags":[],"_links":{"self":[{"href":"https:\/\/www.siemck.pl\/wp-json\/wp\/v2\/posts\/30274"}],"collection":[{"href":"https:\/\/www.siemck.pl\/wp-json\/wp\/v2\/posts"}],"about":[{"href":"https:\/\/www.siemck.pl\/wp-json\/wp\/v2\/types\/post"}],"author":[{"embeddable":true,"href":"https:\/\/www.siemck.pl\/wp-json\/wp\/v2\/users\/6"}],"replies":[{"embeddable":true,"href":"https:\/\/www.siemck.pl\/wp-json\/wp\/v2\/comments?post=30274"}],"version-history":[{"count":1,"href":"https:\/\/www.siemck.pl\/wp-json\/wp\/v2\/posts\/30274\/revisions"}],"predecessor-version":[{"id":30275,"href":"https:\/\/www.siemck.pl\/wp-json\/wp\/v2\/posts\/30274\/revisions\/30275"}],"wp:featuredmedia":[{"embeddable":true,"href":"https:\/\/www.siemck.pl\/wp-json\/wp\/v2\/media\/29012"}],"wp:attachment":[{"href":"https:\/\/www.siemck.pl\/wp-json\/wp\/v2\/media?parent=30274"}],"wp:term":[{"taxonomy":"category","embeddable":true,"href":"https:\/\/www.siemck.pl\/wp-json\/wp\/v2\/categories?post=30274"},{"taxonomy":"post_tag","embeddable":true,"href":"https:\/\/www.siemck.pl\/wp-json\/wp\/v2\/tags?post=30274"}],"curies":[{"name":"wp","href":"https:\/\/api.w.org\/{rel}","templated":true}]}}