{"id":30221,"date":"2026-02-12T13:15:47","date_gmt":"2026-02-12T12:15:47","guid":{"rendered":"https:\/\/www.siemck.pl\/?p=30221"},"modified":"2026-02-12T13:15:47","modified_gmt":"2026-02-12T12:15:47","slug":"ferie-z-sck-akcja-zima","status":"publish","type":"post","link":"https:\/\/www.siemck.pl\/ferie-z-sck-akcja-zima\/","title":{"rendered":"Ferie z SCK &#8211; Akcja Zima"},"content":{"rendered":"<p data-start=\"45\" data-end=\"308\">Tegoroczne ferie zimowe w Siemianowickim Centrum Kultury zapowiadaj\u0105 si\u0119 ciekawie! Przygotowali\u015bmy dla najm\u0142odszych mieszka\u0144c\u00f3w miasta program pe\u0142en filmowych emocji i kreatywnych warsztat\u00f3w. Sprawd\u017acie, co czeka na dzieci podczas <strong data-start=\"293\" data-end=\"307\">AKCJI ZIMA<\/strong>!<\/p>\n<hr data-start=\"310\" data-end=\"313\" \/>\n<h3 data-start=\"315\" data-end=\"356\">&#x1f3ac; Zima w Mie\u015bcie \u2013 Kino dla Dzieci<\/h3>\n<p data-start=\"357\" data-end=\"531\">&#x1f4cd; <strong data-start=\"360\" data-end=\"381\">SCK Park Tradycji<\/strong><br data-start=\"381\" data-end=\"384\" \/>&#x1f5d3; <strong data-start=\"387\" data-end=\"425\">16\u201320 lutego (poniedzia\u0142ek\u2013pi\u0105tek)<\/strong><br data-start=\"425\" data-end=\"428\" \/>&#x1f5d3; <strong data-start=\"431\" data-end=\"469\">23\u201327 lutego (poniedzia\u0142ek\u2013pi\u0105tek)<\/strong><br data-start=\"469\" data-end=\"472\" \/>&#x1f55a; godz. 11.00<br data-start=\"486\" data-end=\"489\" \/>&#x1f39f; Wst\u0119p wolny (liczba miejsc ograniczona)<\/p>\n<p data-start=\"533\" data-end=\"819\">Zapraszamy na codzienne seanse filmowe dla dzieci w ramach \u201eZimy w Mie\u015bcie\u201d. To doskona\u0142a okazja, by sp\u0119dzi\u0107 ferie w kinowej atmosferze \u2013 z ciekawymi historiami, warto\u015bciowymi bohaterami i du\u017c\u0105 dawk\u0105 dobrej zabawy. Wst\u0119p jest bezp\u0142atny, jednak liczba miejsc na widowni jest ograniczona.<\/p>\n<p data-start=\"533\" data-end=\"819\">Tytu\u0142u film\u00f3w dost\u0119pne w SCK Parku Tradycji lub pod nr telefonu: <a title=\"32 765 27 40  Link otworzy si\u0119 w nowym oknie\" href=\"tel:327652740\" target=\"_blank\" rel=\"noopener\">32 765 27 40<\/a><\/p>\n<hr data-start=\"821\" data-end=\"824\" \/>\n<h3 data-start=\"826\" data-end=\"868\">&#x1f3a8; AKCJA ZIMA \u2013 Warsztaty plastyczne<\/h3>\n<p data-start=\"869\" data-end=\"1061\">&#x1f4cd; <strong data-start=\"872\" data-end=\"888\">SCK Zameczek<\/strong><br data-start=\"888\" data-end=\"891\" \/>&#x1f5d3; <strong data-start=\"894\" data-end=\"934\">16 i 17 lutego (poniedzia\u0142ek\u2013wtorek)<\/strong><br data-start=\"934\" data-end=\"937\" \/>&#x1f55b; godz. 12.00<br data-start=\"951\" data-end=\"954\" \/>&#x1f467;&#x1f466; dla dzieci w wieku 7\u201310 lat<br data-start=\"986\" data-end=\"989\" \/>&#x1f39f; Wst\u0119p wolny \u2013 bezp\u0142atne wej\u015bci\u00f3wki do odbioru od <strong data-start=\"1041\" data-end=\"1061\">2 lutego 2026 r.<\/strong><\/p>\n<p data-start=\"1063\" data-end=\"1323\">Dla m\u0142odych mi\u0142o\u015bnik\u00f3w tw\u00f3rczych dzia\u0142a\u0144 przygotowali\u015bmy warsztaty plastyczne, podczas kt\u00f3rych dzieci b\u0119d\u0105 mog\u0142y rozwija\u0107 wyobra\u017ani\u0119, zdolno\u015bci manualne i artystyczn\u0105 kreatywno\u015b\u0107. Liczba miejsc jest ograniczona \u2013 zach\u0119camy do wcze\u015bniejszego odbioru wej\u015bci\u00f3wek.<\/p>\n<hr data-start=\"1325\" data-end=\"1328\" \/>\n<h3 data-start=\"1330\" data-end=\"1385\">&#x2744; Zima w \u201eOkienku\u201d \u2013 bezp\u0142atne zaj\u0119cia plastyczne<\/h3>\n<p data-start=\"1386\" data-end=\"1667\">&#x1f4cd; <strong data-start=\"1389\" data-end=\"1434\">Pracownia Plastyczna OKIENKO (SCK-Bytk\u00f3w)<\/strong><br data-start=\"1434\" data-end=\"1437\" \/>&#x1f5d3; <strong data-start=\"1440\" data-end=\"1481\">17 lutego (wtorek), godz. 10.00\u201312.00<\/strong><br data-start=\"1481\" data-end=\"1484\" \/>&#x1f5d3; <strong data-start=\"1487\" data-end=\"1528\">24 lutego (wtorek), godz. 10.00\u201312.00<\/strong><br data-start=\"1528\" data-end=\"1531\" \/>&#x1f467;&#x1f466; dla dzieci w wieku 7\u201312 lat<br data-start=\"1563\" data-end=\"1566\" \/>&#x1f39f; Bezp\u0142atne wej\u015bci\u00f3wki dost\u0119pne od <strong data-start=\"1602\" data-end=\"1614\">2 lutego<\/strong> na portierni SCK-Bytk\u00f3w<br data-start=\"1638\" data-end=\"1641\" \/>&#x2139; Ilo\u015b\u0107 miejsc ograniczona<\/p>\n<p data-start=\"1669\" data-end=\"1880\">\u201eZima w Okienku\u201d to tw\u00f3rcze spotkania dla dzieci, kt\u00f3re lubi\u0105 eksperymentowa\u0107 z kolorem, form\u0105 i r\u00f3\u017cnorodnymi technikami plastycznymi. To \u015bwietna propozycja na aktywne i inspiruj\u0105ce przedpo\u0142udnie w czasie ferii.<\/p>\n<hr data-start=\"1882\" data-end=\"1885\" \/>\n<p data-start=\"1887\" data-end=\"2108\">Ferie zimowe to idealny moment na rozwijanie pasji, odkrywanie nowych zainteresowa\u0144 i wsp\u00f3lne sp\u0119dzanie czasu. Zapraszamy do udzia\u0142u w <strong data-start=\"2022\" data-end=\"2047\">AKCJI ZIMA 2026 w SCK<\/strong> \u2013 gwarantujemy tw\u00f3rcz\u0105 atmosfer\u0119 i mn\u00f3stwo dobrej energii!<\/p>\n<p data-start=\"2110\" data-end=\"2127\" data-is-last-node=\"\" data-is-only-node=\"\">Do zobaczenia! &#x2744;&#x2728;<\/p>\n","protected":false},"excerpt":{"rendered":"<p>Tegoroczne ferie zimowe w Siemianowickim Centrum Kultury zapowiadaj\u0105 si\u0119 ciekawie! Przygotowali\u015bmy dla najm\u0142odszych mieszka\u0144c\u00f3w miasta program pe\u0142en filmowych emocji i kreatywnych warsztat\u00f3w. Sprawd\u017acie, co czeka na dzieci podczas AKCJI ZIMA! &#x1f3ac; Zima w Mie\u015bcie \u2013 Kino dla Dzieci &#x1f4cd; SCK Park Tradycji&#x1f5d3; 16\u201320 lutego (poniedzia\u0142ek\u2013pi\u0105tek)&#x1f5d3; 23\u201327 lutego (poniedzia\u0142ek\u2013pi\u0105tek)&#x1f55a; godz. 11.00&#x1f39f; Wst\u0119p wolny (liczba miejsc ograniczona) [&hellip;]<\/p>\n","protected":false},"author":12,"featured_media":30222,"comment_status":"closed","ping_status":"open","sticky":false,"template":"","format":"standard","meta":[],"categories":[1,88],"tags":[],"_links":{"self":[{"href":"https:\/\/www.siemck.pl\/wp-json\/wp\/v2\/posts\/30221"}],"collection":[{"href":"https:\/\/www.siemck.pl\/wp-json\/wp\/v2\/posts"}],"about":[{"href":"https:\/\/www.siemck.pl\/wp-json\/wp\/v2\/types\/post"}],"author":[{"embeddable":true,"href":"https:\/\/www.siemck.pl\/wp-json\/wp\/v2\/users\/12"}],"replies":[{"embeddable":true,"href":"https:\/\/www.siemck.pl\/wp-json\/wp\/v2\/comments?post=30221"}],"version-history":[{"count":1,"href":"https:\/\/www.siemck.pl\/wp-json\/wp\/v2\/posts\/30221\/revisions"}],"predecessor-version":[{"id":30223,"href":"https:\/\/www.siemck.pl\/wp-json\/wp\/v2\/posts\/30221\/revisions\/30223"}],"wp:featuredmedia":[{"embeddable":true,"href":"https:\/\/www.siemck.pl\/wp-json\/wp\/v2\/media\/30222"}],"wp:attachment":[{"href":"https:\/\/www.siemck.pl\/wp-json\/wp\/v2\/media?parent=30221"}],"wp:term":[{"taxonomy":"category","embeddable":true,"href":"https:\/\/www.siemck.pl\/wp-json\/wp\/v2\/categories?post=30221"},{"taxonomy":"post_tag","embeddable":true,"href":"https:\/\/www.siemck.pl\/wp-json\/wp\/v2\/tags?post=30221"}],"curies":[{"name":"wp","href":"https:\/\/api.w.org\/{rel}","templated":true}]}}