{"id":30074,"date":"2026-01-12T12:31:46","date_gmt":"2026-01-12T11:31:46","guid":{"rendered":"https:\/\/www.siemck.pl\/?p=30074"},"modified":"2026-01-12T12:31:46","modified_gmt":"2026-01-12T11:31:46","slug":"konkurs-koled-dla-dzieci-2","status":"publish","type":"post","link":"https:\/\/www.siemck.pl\/konkurs-koled-dla-dzieci-2\/","title":{"rendered":"Konkurs kol\u0119d dla dzieci"},"content":{"rendered":"<p><strong>Zapraszamy dzieci w wieku 3-16 lat do udzia\u0142u w konkursie kol\u0119d, kt\u00f3ry odb\u0119dzie si\u0119 w SCK- Bytk\u00f3w 26 stycznia o godzinie 10.00<\/strong><\/p>\n<p><strong>Zg\u0142oszenia zawieraj\u0105ce formularz zg\u0142oszeniowy oraz o\u015bwiadczenia nale\u017cy z\u0142o\u017cy\u0107 w SCK- Bytk\u00f3w do 19 stycznia.\u00a0<\/strong><\/p>\n<p>&nbsp;<\/p>\n<p>Poni\u017cej do pobrania dokumenty:<\/p>\n<p><a role=\"link\" href=\"https:\/\/www.siemck.pl\/wp-content\/uploads\/regulamin-3.pdf\">regulamin<\/a><\/p>\n<p><a role=\"link\" href=\"https:\/\/www.siemck.pl\/wp-content\/uploads\/karta-zgloszenia-1.doc\">karta zg\u0142oszenia<\/a><\/p>\n<p><a role=\"link\" href=\"https:\/\/www.siemck.pl\/wp-content\/uploads\/oswiadczenie.docx\">o\u015bwiadczenie<\/a><\/p>\n","protected":false},"excerpt":{"rendered":"<p>Zapraszamy dzieci w wieku 3-16 lat do udzia\u0142u w konkursie kol\u0119d, kt\u00f3ry odb\u0119dzie si\u0119 w SCK- Bytk\u00f3w 26 stycznia o godzinie 10.00 Zg\u0142oszenia zawieraj\u0105ce formularz zg\u0142oszeniowy oraz o\u015bwiadczenia nale\u017cy z\u0142o\u017cy\u0107 w SCK- Bytk\u00f3w do 19 stycznia.\u00a0 &nbsp; Poni\u017cej do pobrania dokumenty: regulamin karta zg\u0142oszenia o\u015bwiadczenie<\/p>\n","protected":false},"author":12,"featured_media":29847,"comment_status":"closed","ping_status":"open","sticky":false,"template":"","format":"standard","meta":[],"categories":[1],"tags":[],"_links":{"self":[{"href":"https:\/\/www.siemck.pl\/wp-json\/wp\/v2\/posts\/30074"}],"collection":[{"href":"https:\/\/www.siemck.pl\/wp-json\/wp\/v2\/posts"}],"about":[{"href":"https:\/\/www.siemck.pl\/wp-json\/wp\/v2\/types\/post"}],"author":[{"embeddable":true,"href":"https:\/\/www.siemck.pl\/wp-json\/wp\/v2\/users\/12"}],"replies":[{"embeddable":true,"href":"https:\/\/www.siemck.pl\/wp-json\/wp\/v2\/comments?post=30074"}],"version-history":[{"count":1,"href":"https:\/\/www.siemck.pl\/wp-json\/wp\/v2\/posts\/30074\/revisions"}],"predecessor-version":[{"id":30075,"href":"https:\/\/www.siemck.pl\/wp-json\/wp\/v2\/posts\/30074\/revisions\/30075"}],"wp:featuredmedia":[{"embeddable":true,"href":"https:\/\/www.siemck.pl\/wp-json\/wp\/v2\/media\/29847"}],"wp:attachment":[{"href":"https:\/\/www.siemck.pl\/wp-json\/wp\/v2\/media?parent=30074"}],"wp:term":[{"taxonomy":"category","embeddable":true,"href":"https:\/\/www.siemck.pl\/wp-json\/wp\/v2\/categories?post=30074"},{"taxonomy":"post_tag","embeddable":true,"href":"https:\/\/www.siemck.pl\/wp-json\/wp\/v2\/tags?post=30074"}],"curies":[{"name":"wp","href":"https:\/\/api.w.org\/{rel}","templated":true}]}}