{"id":29842,"date":"2025-11-30T10:24:58","date_gmt":"2025-11-30T09:24:58","guid":{"rendered":"https:\/\/www.siemck.pl\/?p=29842"},"modified":"2025-12-22T08:44:53","modified_gmt":"2025-12-22T07:44:53","slug":"spektakl-muzyczny-pt-frycek-i-czerwone-serduszko","status":"publish","type":"post","link":"https:\/\/www.siemck.pl\/spektakl-muzyczny-pt-frycek-i-czerwone-serduszko\/","title":{"rendered":"Spektakl muzyczny pt. \u201eFrycek i czerwone serduszko\u201d"},"content":{"rendered":"<p>Siemianowickie Centrum Kultury- Bytk\u00f3w wraz z Narodowym Instytutem Fryderyka Chopina zapraszaj\u0105 najm\u0142odszych meloman\u00f3w na spotkanie z tw\u00f3rczo\u015bci\u0105 Fryderyka Chopina w ramach cyklu\u00a0<strong>\u201eEfekt Chopina\u201d.<\/strong><\/p>\n<p>W sobot\u0119\u00a0<strong>20 grudnia o godzinie 11.00<\/strong>\u00a0zapraszamy na rodzinny\u00a0<strong>spektakl muzyczny pt. \u201eFrycek i czerwone serduszko\u201d<\/strong>\u00a0w wykonaniu Teatru Muzycznego Syrenka.<\/p>\n<p>\u201eFrycek i czerwone serduszko\u201d to muzyczny spektakl dla dzieci i m\u0142odzie\u017cy, w kt\u00f3rym zabawa spotyka si\u0119 z histori\u0105. Laura i Julek, niech\u0119tni do przygotowania szkolnej prezentacji o Fryderyku Chopinie, trafiaj\u0105 w bibliotece na tajemniczy przedmiot. Dzi\u0119ki niemu rozpoczyna si\u0119 niezwyk\u0142a podr\u00f3\u017c w czasie, kt\u00f3ra prowadzi ich prosto do dzieci\u0144stwa s\u0142ynnego kompozytora. Spotkanie z jedenastoletnim Fryckiem odmieni ich spojrzenie na muzyk\u0119, pokazuj\u0105c czy w\u0142a\u015bciwie jest muzyka klasyczna.<\/p>\n<p>Spektakl opowiada o przyja\u017ani mimo r\u00f3\u017cnic, o wra\u017cliwo\u015bci i wyobra\u017ani, kt\u00f3re pozwalaj\u0105 odkrywa\u0107 samego siebie. To tak\u017ce okazja do tego, by w przyst\u0119pnej, anga\u017cuj\u0105cej formie przybli\u017cy\u0107 m\u0142odym widzom \u015bwiat muzyki klasycznej i zach\u0119ci\u0107 ich do odkrywania jej pi\u0119kna.<\/p>\n<p>Scenariusz i re\u017cyseria: Maria Holka<br \/>\nMuzyka: Fryderyk Chopin, Maria Holka<br \/>\nChoreografia: Klaudia Optu\u0142owicz<br \/>\nScenografia: Klaudyna Sadolewska- Moskal<br \/>\nKostiumy: Karolina Glegu\u0142a<br \/>\nRealizacja d\u017awi\u0119ku i \u015bwiat\u0142a: TM Syrenka<br \/>\nProdukcja: NIFC\/ TM Syrenka<\/p>\n<p>&nbsp;<\/p>\n<p><strong>Spektakl dedykowany dla dzieci od 5 lat oraz uczni\u00f3w szk\u00f3\u0142 podstawowych<\/strong><\/p>\n<p><strong>Czas trwania: 55 minut\u00a0<\/strong><\/p>\n","protected":false},"excerpt":{"rendered":"<p>Siemianowickie Centrum Kultury- Bytk\u00f3w wraz z Narodowym Instytutem Fryderyka Chopina zapraszaj\u0105 najm\u0142odszych meloman\u00f3w na spotkanie z tw\u00f3rczo\u015bci\u0105 Fryderyka Chopina w ramach cyklu\u00a0\u201eEfekt Chopina\u201d. W sobot\u0119\u00a020 grudnia o godzinie 11.00\u00a0zapraszamy na rodzinny\u00a0spektakl muzyczny pt. \u201eFrycek i czerwone serduszko\u201d\u00a0w wykonaniu Teatru Muzycznego Syrenka. \u201eFrycek i czerwone serduszko\u201d to muzyczny spektakl dla dzieci i m\u0142odzie\u017cy, w kt\u00f3rym zabawa [&hellip;]<\/p>\n","protected":false},"author":12,"featured_media":29562,"comment_status":"closed","ping_status":"open","sticky":false,"template":"","format":"standard","meta":[],"categories":[1],"tags":[],"_links":{"self":[{"href":"https:\/\/www.siemck.pl\/wp-json\/wp\/v2\/posts\/29842"}],"collection":[{"href":"https:\/\/www.siemck.pl\/wp-json\/wp\/v2\/posts"}],"about":[{"href":"https:\/\/www.siemck.pl\/wp-json\/wp\/v2\/types\/post"}],"author":[{"embeddable":true,"href":"https:\/\/www.siemck.pl\/wp-json\/wp\/v2\/users\/12"}],"replies":[{"embeddable":true,"href":"https:\/\/www.siemck.pl\/wp-json\/wp\/v2\/comments?post=29842"}],"version-history":[{"count":1,"href":"https:\/\/www.siemck.pl\/wp-json\/wp\/v2\/posts\/29842\/revisions"}],"predecessor-version":[{"id":29843,"href":"https:\/\/www.siemck.pl\/wp-json\/wp\/v2\/posts\/29842\/revisions\/29843"}],"wp:featuredmedia":[{"embeddable":true,"href":"https:\/\/www.siemck.pl\/wp-json\/wp\/v2\/media\/29562"}],"wp:attachment":[{"href":"https:\/\/www.siemck.pl\/wp-json\/wp\/v2\/media?parent=29842"}],"wp:term":[{"taxonomy":"category","embeddable":true,"href":"https:\/\/www.siemck.pl\/wp-json\/wp\/v2\/categories?post=29842"},{"taxonomy":"post_tag","embeddable":true,"href":"https:\/\/www.siemck.pl\/wp-json\/wp\/v2\/tags?post=29842"}],"curies":[{"name":"wp","href":"https:\/\/api.w.org\/{rel}","templated":true}]}}