{"id":29452,"date":"2025-10-02T12:05:41","date_gmt":"2025-10-02T10:05:41","guid":{"rendered":"https:\/\/www.siemck.pl\/?p=29452"},"modified":"2025-10-08T10:28:18","modified_gmt":"2025-10-08T08:28:18","slug":"zimowy-kiermasz-rekodziela-zapisy","status":"publish","type":"post","link":"https:\/\/www.siemck.pl\/zimowy-kiermasz-rekodziela-zapisy\/","title":{"rendered":"Zimowy Kiermasz R\u0119kodzie\u0142a &#8211; zapisy"},"content":{"rendered":"<p data-start=\"226\" data-end=\"546\">Zapraszamy na tegoroczny <strong data-start=\"251\" data-end=\"281\">Zimowy Kiermasz R\u0119kodzie\u0142a<\/strong>, kt\u00f3ry jak zawsze wprowadzi nas w \u015bwi\u0105teczny nastr\u00f3j. To wyj\u0105tkowa okazja, aby znale\u017a\u0107 unikalne dekoracje, r\u0119cznie wykonane ozdoby i oryginalne prezenty dla najbli\u017cszych. W\u015br\u00f3d stoisk nie zabraknie r\u00f3wnie\u017c domowych wypiek\u00f3w i s\u0142odko\u015bci, kt\u00f3re dope\u0142ni\u0105 atmosfery.<\/p>\n<p data-start=\"548\" data-end=\"751\">Tradycyjnie wydarzeniu towarzyszy\u0107 b\u0119d\u0105 pokazy sekcji artystycznych dzia\u0142aj\u0105cych przy SCK, kt\u00f3re sprawi\u0105, \u017ce kiermasz stanie si\u0119 jeszcze bardziej wyj\u0105tkowym spotkaniem pe\u0142nym kreatywno\u015bci i inspiracji.<\/p>\n<p data-start=\"548\" data-end=\"751\">&#x1f4dd;Informacje dla wystawc\u00f3w: <a href=\"https:\/\/www.siemck.pl\/wp-content\/uploads\/Regulamin-Zimowy-Kiermasz-Rekodziela-2025.pdf.pdf\">Regulamin Zimowy Kiermasz R\u0119kodzie\u0142a 2025.pdf<\/a>\u00a0pdf<\/p>\n<p data-start=\"548\" data-end=\"751\"><a href=\"https:\/\/www.siemck.pl\/wp-content\/uploads\/KARTA-ZGLOSZENIA-NA-ZIMOWY-KIERMASZ-REKODZIELA-25.docx\">KARTA ZG\u0141OSZENIA NA ZIMOWY KIERMASZ R\u0118KODZIE\u0141A 25\u00a0<\/a>\u00a0&#8211; word<\/p>\n<p data-start=\"548\" data-end=\"751\"><a href=\"https:\/\/www.siemck.pl\/wp-content\/uploads\/KARTA-ZGLOSZENIA-NA-ZIMOWY-KIERMASZ-REKODZIELA-25.pdf\">KARTA ZG\u0141OSZENIA NA ZIMOWY KIERMASZ R\u0118KODZIE\u0141A 25<\/a> &#8211; pdf<\/p>\n","protected":false},"excerpt":{"rendered":"<p>Zapraszamy na tegoroczny Zimowy Kiermasz R\u0119kodzie\u0142a, kt\u00f3ry jak zawsze wprowadzi nas w \u015bwi\u0105teczny nastr\u00f3j. To wyj\u0105tkowa okazja, aby znale\u017a\u0107 unikalne dekoracje, r\u0119cznie wykonane ozdoby i oryginalne prezenty dla najbli\u017cszych. W\u015br\u00f3d stoisk nie zabraknie r\u00f3wnie\u017c domowych wypiek\u00f3w i s\u0142odko\u015bci, kt\u00f3re dope\u0142ni\u0105 atmosfery. Tradycyjnie wydarzeniu towarzyszy\u0107 b\u0119d\u0105 pokazy sekcji artystycznych dzia\u0142aj\u0105cych przy SCK, kt\u00f3re sprawi\u0105, \u017ce kiermasz [&hellip;]<\/p>\n","protected":false},"author":12,"featured_media":29466,"comment_status":"closed","ping_status":"open","sticky":false,"template":"","format":"standard","meta":[],"categories":[1],"tags":[],"_links":{"self":[{"href":"https:\/\/www.siemck.pl\/wp-json\/wp\/v2\/posts\/29452"}],"collection":[{"href":"https:\/\/www.siemck.pl\/wp-json\/wp\/v2\/posts"}],"about":[{"href":"https:\/\/www.siemck.pl\/wp-json\/wp\/v2\/types\/post"}],"author":[{"embeddable":true,"href":"https:\/\/www.siemck.pl\/wp-json\/wp\/v2\/users\/12"}],"replies":[{"embeddable":true,"href":"https:\/\/www.siemck.pl\/wp-json\/wp\/v2\/comments?post=29452"}],"version-history":[{"count":4,"href":"https:\/\/www.siemck.pl\/wp-json\/wp\/v2\/posts\/29452\/revisions"}],"predecessor-version":[{"id":29488,"href":"https:\/\/www.siemck.pl\/wp-json\/wp\/v2\/posts\/29452\/revisions\/29488"}],"wp:featuredmedia":[{"embeddable":true,"href":"https:\/\/www.siemck.pl\/wp-json\/wp\/v2\/media\/29466"}],"wp:attachment":[{"href":"https:\/\/www.siemck.pl\/wp-json\/wp\/v2\/media?parent=29452"}],"wp:term":[{"taxonomy":"category","embeddable":true,"href":"https:\/\/www.siemck.pl\/wp-json\/wp\/v2\/categories?post=29452"},{"taxonomy":"post_tag","embeddable":true,"href":"https:\/\/www.siemck.pl\/wp-json\/wp\/v2\/tags?post=29452"}],"curies":[{"name":"wp","href":"https:\/\/api.w.org\/{rel}","templated":true}]}}