{"id":29006,"date":"2025-08-19T10:21:51","date_gmt":"2025-08-19T08:21:51","guid":{"rendered":"https:\/\/www.siemck.pl\/?p=29006"},"modified":"2025-08-29T11:46:24","modified_gmt":"2025-08-29T09:46:24","slug":"kasa-biletowa-sck-bytkow-we-wrzesniu-2025","status":"publish","type":"post","link":"https:\/\/www.siemck.pl\/kasa-biletowa-sck-bytkow-we-wrzesniu-2025\/","title":{"rendered":"Kasa biletowa SCK Bytk\u00f3w \u2013 we wrze\u015bniu 2025"},"content":{"rendered":"<p><strong>We wrze\u015bniu sprzeda\u017c bilet\u00f3w: <\/strong><\/p>\n<p>&#8211; poniedzia\u0142ki i wtorki w godzinach: 11.30-18.30<\/p>\n<p>&#8211; \u015brody w godzinach: 9.30-14.30<\/p>\n<p>&#8211; czwartki i pi\u0105tki: w godzinach 9.30-16.30<\/p>\n<p>Dodatkowo: 28 (niedziela) 15.00-17.30 koncert ARTUR ANDRUS<\/p>\n<p>Bilety dost\u0119pne s\u0105 r\u00f3wnie\u017c on-line:\u00a0 <a href=\"http:\/\/www.bilety.siemck.pl\/\">www.bilety.siemck.pl<\/a><\/p>\n","protected":false},"excerpt":{"rendered":"<p>We wrze\u015bniu sprzeda\u017c bilet\u00f3w: &#8211; poniedzia\u0142ki i wtorki w godzinach: 11.30-18.30 &#8211; \u015brody w godzinach: 9.30-14.30 &#8211; czwartki i pi\u0105tki: w godzinach 9.30-16.30 Dodatkowo: 28 (niedziela) 15.00-17.30 koncert ARTUR ANDRUS Bilety dost\u0119pne s\u0105 r\u00f3wnie\u017c on-line:\u00a0 www.bilety.siemck.pl<\/p>\n","protected":false},"author":12,"featured_media":29012,"comment_status":"closed","ping_status":"open","sticky":false,"template":"","format":"standard","meta":[],"categories":[1],"tags":[],"_links":{"self":[{"href":"https:\/\/www.siemck.pl\/wp-json\/wp\/v2\/posts\/29006"}],"collection":[{"href":"https:\/\/www.siemck.pl\/wp-json\/wp\/v2\/posts"}],"about":[{"href":"https:\/\/www.siemck.pl\/wp-json\/wp\/v2\/types\/post"}],"author":[{"embeddable":true,"href":"https:\/\/www.siemck.pl\/wp-json\/wp\/v2\/users\/12"}],"replies":[{"embeddable":true,"href":"https:\/\/www.siemck.pl\/wp-json\/wp\/v2\/comments?post=29006"}],"version-history":[{"count":1,"href":"https:\/\/www.siemck.pl\/wp-json\/wp\/v2\/posts\/29006\/revisions"}],"predecessor-version":[{"id":29007,"href":"https:\/\/www.siemck.pl\/wp-json\/wp\/v2\/posts\/29006\/revisions\/29007"}],"wp:featuredmedia":[{"embeddable":true,"href":"https:\/\/www.siemck.pl\/wp-json\/wp\/v2\/media\/29012"}],"wp:attachment":[{"href":"https:\/\/www.siemck.pl\/wp-json\/wp\/v2\/media?parent=29006"}],"wp:term":[{"taxonomy":"category","embeddable":true,"href":"https:\/\/www.siemck.pl\/wp-json\/wp\/v2\/categories?post=29006"},{"taxonomy":"post_tag","embeddable":true,"href":"https:\/\/www.siemck.pl\/wp-json\/wp\/v2\/tags?post=29006"}],"curies":[{"name":"wp","href":"https:\/\/api.w.org\/{rel}","templated":true}]}}