{"id":28994,"date":"2025-08-27T15:01:43","date_gmt":"2025-08-27T13:01:43","guid":{"rendered":"https:\/\/www.siemck.pl\/?p=28994"},"modified":"2025-09-19T11:08:43","modified_gmt":"2025-09-19T09:08:43","slug":"sekcje-artystyczne-sck-bytkow-2025-2026","status":"publish","type":"post","link":"https:\/\/www.siemck.pl\/sekcje-artystyczne-sck-bytkow-2025-2026\/","title":{"rendered":"Sekcje artystyczne SCK- Bytk\u00f3w 2025\/2026"},"content":{"rendered":"<p><strong>Zapraszamy do rejestrowania si\u0119 w systemie zaj\u0119ciowym <a href=\"https:\/\/sck.systemzajeciowy.pl\">https:\/\/sck.systemzajeciowy.pl<\/a> na zaj\u0119cia artystyczne planowane w SCK- Bytk\u00f3w ul. Niepodleg\u0142o\u015bci 45 w nowym roku szkolnym<\/strong><\/p>\n<p>We wrze\u015bniu organizujemy spotkania informacyjne i zaj\u0119cia pr\u00f3bne. Regularne pr\u00f3by ruszaj\u0105 od pa\u017adziernika.<\/p>\n<p>&nbsp;<\/p>\n<p>Wszystkich, chc\u0105cych \u00a0\u00a0rozpocz\u0105\u0107 \u00a0lub kontynuowa\u0107 udzia\u0142 w zaj\u0119ciach, zapraszamy na pierwsze spotkanie informacyjne:<\/p>\n<p><strong>Zesp\u00f3\u0142 taneczny &#8222;Groszki&#8221; \u2013 22 wrze\u015bnia (poniedzia\u0142ek), godz. 17.00, sala baletowa<\/strong><\/p>\n<p><strong>Zesp\u00f3\u0142 taneczny &#8222;Flesz Junior&#8221; \u2013 19 \u00a0wrze\u015bnia (pi\u0105tek), godz. 17.00, sala baletowa<\/strong><\/p>\n<p><strong>Zesp\u00f3\u0142 taneczny &#8222;Flesz&#8221; \u2013 19 wrze\u015bnia (pi\u0105tek), godz. 17.00, sala baletowa<\/strong><\/p>\n<p><strong>Zesp\u00f3\u0142 taneczny &#8222;Abstrakcja&#8221; \u2013 10 wrze\u015bnia (\u015broda), godz. 16.30, sala baletowa<\/strong><\/p>\n<p><strong>Studium Wokalne \u2013 \u00a018 wrze\u015bnia (czwartek), godz. 16.00, sala baletowa<\/strong><\/p>\n<p><strong>Pracownia Plastyczna OKIENKO \u2013 11 wrze\u015bnia (czwartek),\u00a0 godz. 18.00, sala widowiskowa<\/strong><\/p>\n<p><strong>Zapisy i informacje: \u00a0Siemianowicka Szko\u0142a Gitary &#8211; \u00a0tel. 501 715 769, akrobatyka sportowa \u2013 tel. 733 148 999<\/strong><\/p>\n<p>&nbsp;<\/p>\n<p><strong><u>Sekcje SCK- BYTK\u00d3W\u00a0 2025\/2026 &#8211; pobierz tabelk\u0119 ze szczeg\u00f3\u0142owymi informacjami:<\/u><\/strong><\/p>\n<p><a href=\"https:\/\/www.siemck.pl\/wp-content\/uploads\/Sekcje-SCK-Bytkow-2025-.pdf\">Sekcje SCK &#8211; Bytk\u00f3w 2025<\/a><\/p>\n<p>&nbsp;<\/p>\n<p><strong>Dokumenty do pobrania:\u00a0<\/strong><\/p>\n<p><a href=\"https:\/\/www.siemck.pl\/wp-content\/uploads\/Cennik-oplat-sekcyjnych.pdf\">Cennik op\u0142at sekcyjnych<\/a> <a href=\"https:\/\/www.siemck.pl\/wp-content\/uploads\/deklaracja-uczestnictwa-w-zajeciach.pdf\">deklaracja uczestnictwa w zaj\u0119ciach<\/a> <a href=\"https:\/\/www.siemck.pl\/wp-content\/uploads\/Regulamin-uczestnictwa-w-zajeciach-Pracowni-Plastycznej-OKIENKO-1.pdf\">Regulamin uczestnictwa w zaj\u0119ciach Pracowni Plastycznej OKIENKO<\/a> <a href=\"https:\/\/www.siemck.pl\/wp-content\/uploads\/Regulamin-uczestnictwa-w-zajeciach-Studium-Wokalnegp.pdf\">Regulamin uczestnictwa w zaj\u0119ciach Studium Wokalnegp<\/a> <a href=\"https:\/\/www.siemck.pl\/wp-content\/uploads\/Regulamin-uczestnictwa-w-zajeciach-tanecznych-w-SCK-Bytkow.pdf\">Regulamin uczestnictwa w zaj\u0119ciach tanecznych w SCK Bytk\u00f3w<\/a><\/p>\n<p><a href=\"https:\/\/www.siemck.pl\/wp-content\/uploads\/deklaracja-uczestnictwa-w-zajeciach.pdf\">deklaracja uczestnictwa w zaj\u0119ciach<\/a><\/p>\n<p><a href=\"https:\/\/www.siemck.pl\/wp-content\/uploads\/Regulamin-uczestnictwa-w-zajeciach-Pracowni-Plastycznej-OKIENKO-1.pdf\">Regulamin uczestnictwa w zaj\u0119ciach Pracowni Plastycznej OKIENKO<\/a><\/p>\n<p><a href=\"https:\/\/www.siemck.pl\/wp-content\/uploads\/Regulamin-uczestnictwa-w-zajeciach-Studium-Wokalnegp.pdf\">Regulamin uczestnictwa w zaj\u0119ciach Studium Wokalnegp<\/a><a href=\"https:\/\/www.siemck.pl\/wp-content\/uploads\/Regulamin-uczestnictwa-w-zajeciach-tanecznych-w-SCK-Bytkow.pdf\">Regulamin uczestnictwa w zaj\u0119ciach tanecznych w SCK Bytk\u00f3w<\/a><\/p>\n<p><a href=\"https:\/\/www.siemck.pl\/wp-content\/uploads\/Regulamin-uczestnictwa-w-zajeciach-Kacika-krawieckiego-.pdf\">Regulamin uczestnictwa w zaj\u0119ciach K\u0105cika krawieckiego<\/a><\/p>\n<p>&nbsp;<\/p>\n<p><strong><img loading=\"lazy\" class=\"alignnone wp-image-28996\" src=\"https:\/\/www.siemck.pl\/wp-content\/uploads\/Kopia-\u2013-Kopia-\u2013-Kopia-\u2013-Beige-Minimalist-Photography-Flyer_20250725_221708_0000-283x400.png\" alt=\"\" width=\"436\" height=\"616\" srcset=\"https:\/\/www.siemck.pl\/wp-content\/uploads\/Kopia-\u2013-Kopia-\u2013-Kopia-\u2013-Beige-Minimalist-Photography-Flyer_20250725_221708_0000-283x400.png 283w, https:\/\/www.siemck.pl\/wp-content\/uploads\/Kopia-\u2013-Kopia-\u2013-Kopia-\u2013-Beige-Minimalist-Photography-Flyer_20250725_221708_0000-768x1086.png 768w, https:\/\/www.siemck.pl\/wp-content\/uploads\/Kopia-\u2013-Kopia-\u2013-Kopia-\u2013-Beige-Minimalist-Photography-Flyer_20250725_221708_0000-600x848.png 600w, https:\/\/www.siemck.pl\/wp-content\/uploads\/Kopia-\u2013-Kopia-\u2013-Kopia-\u2013-Beige-Minimalist-Photography-Flyer_20250725_221708_0000-1086x1536.png 1086w, https:\/\/www.siemck.pl\/wp-content\/uploads\/Kopia-\u2013-Kopia-\u2013-Kopia-\u2013-Beige-Minimalist-Photography-Flyer_20250725_221708_0000-17x24.png 17w, https:\/\/www.siemck.pl\/wp-content\/uploads\/Kopia-\u2013-Kopia-\u2013-Kopia-\u2013-Beige-Minimalist-Photography-Flyer_20250725_221708_0000-25x36.png 25w, https:\/\/www.siemck.pl\/wp-content\/uploads\/Kopia-\u2013-Kopia-\u2013-Kopia-\u2013-Beige-Minimalist-Photography-Flyer_20250725_221708_0000-34x48.png 34w, https:\/\/www.siemck.pl\/wp-content\/uploads\/Kopia-\u2013-Kopia-\u2013-Kopia-\u2013-Beige-Minimalist-Photography-Flyer_20250725_221708_0000.png 1414w\" sizes=\"(max-width: 436px) 100vw, 436px\" \/>\u00a0<\/strong><\/p>\n<p>&nbsp;<\/p>\n","protected":false},"excerpt":{"rendered":"<p>Zapraszamy do rejestrowania si\u0119 w systemie zaj\u0119ciowym https:\/\/sck.systemzajeciowy.pl na zaj\u0119cia artystyczne planowane w SCK- Bytk\u00f3w ul. Niepodleg\u0142o\u015bci 45 w nowym roku szkolnym We wrze\u015bniu organizujemy spotkania informacyjne i zaj\u0119cia pr\u00f3bne. Regularne pr\u00f3by ruszaj\u0105 od pa\u017adziernika. &nbsp; Wszystkich, chc\u0105cych \u00a0\u00a0rozpocz\u0105\u0107 \u00a0lub kontynuowa\u0107 udzia\u0142 w zaj\u0119ciach, zapraszamy na pierwsze spotkanie informacyjne: Zesp\u00f3\u0142 taneczny &#8222;Groszki&#8221; \u2013 22 wrze\u015bnia [&hellip;]<\/p>\n","protected":false},"author":6,"featured_media":28995,"comment_status":"closed","ping_status":"open","sticky":false,"template":"","format":"standard","meta":[],"categories":[1],"tags":[],"_links":{"self":[{"href":"https:\/\/www.siemck.pl\/wp-json\/wp\/v2\/posts\/28994"}],"collection":[{"href":"https:\/\/www.siemck.pl\/wp-json\/wp\/v2\/posts"}],"about":[{"href":"https:\/\/www.siemck.pl\/wp-json\/wp\/v2\/types\/post"}],"author":[{"embeddable":true,"href":"https:\/\/www.siemck.pl\/wp-json\/wp\/v2\/users\/6"}],"replies":[{"embeddable":true,"href":"https:\/\/www.siemck.pl\/wp-json\/wp\/v2\/comments?post=28994"}],"version-history":[{"count":8,"href":"https:\/\/www.siemck.pl\/wp-json\/wp\/v2\/posts\/28994\/revisions"}],"predecessor-version":[{"id":29412,"href":"https:\/\/www.siemck.pl\/wp-json\/wp\/v2\/posts\/28994\/revisions\/29412"}],"wp:featuredmedia":[{"embeddable":true,"href":"https:\/\/www.siemck.pl\/wp-json\/wp\/v2\/media\/28995"}],"wp:attachment":[{"href":"https:\/\/www.siemck.pl\/wp-json\/wp\/v2\/media?parent=28994"}],"wp:term":[{"taxonomy":"category","embeddable":true,"href":"https:\/\/www.siemck.pl\/wp-json\/wp\/v2\/categories?post=28994"},{"taxonomy":"post_tag","embeddable":true,"href":"https:\/\/www.siemck.pl\/wp-json\/wp\/v2\/tags?post=28994"}],"curies":[{"name":"wp","href":"https:\/\/api.w.org\/{rel}","templated":true}]}}