{"id":28904,"date":"2025-08-20T09:12:56","date_gmt":"2025-08-20T07:12:56","guid":{"rendered":"https:\/\/www.siemck.pl\/?p=28904"},"modified":"2025-08-29T11:47:25","modified_gmt":"2025-08-29T09:47:25","slug":"41-dni-siemianowic-slaskich","status":"publish","type":"post","link":"https:\/\/www.siemck.pl\/41-dni-siemianowic-slaskich\/","title":{"rendered":"41. Dni Siemianowic \u015al\u0105skich"},"content":{"rendered":"<p>W dniach <strong>4-7 wrze\u015bnia<\/strong> \u015bwi\u0119towa\u0107 b\u0119dziemy <strong>41. Dni Siemianowic \u015al\u0105skich<\/strong>.<\/p>\n<p>Rozpoczniemy <strong>\u015awi\u0119tem Senior\u00f3w<\/strong>. W czwartek <strong>4 wrze\u015bnia<\/strong> w MOSiR Pszczelnik odb\u0119dzie si\u0119 <strong>Senioriada czyli olimpiada senior\u00f3w. <\/strong>Dzie\u0144 p\u00f3\u017aniej, w pi\u0105tek <strong>5 wrze\u015bnia <\/strong>w Siemianowickim Centrum Kultury \u2013 Zameczek odb\u0119d\u0105 si\u0119 <strong>Senioralia.<\/strong> W ramach imprezy przewidziano wiele atrakcji.<\/p>\n<p>W sobot\u0119 <strong>6 wrze\u015bni<\/strong>a zaprosimy do amfiteatru w siemianowickim Parku Miejskim, gdzie o godzinie 16.00 rozpocznie si\u0119 <strong>Letnie \u015awi\u0119to Folkloru<\/strong>. Wyst\u0105pi\u0105: dzieci\u0119cy Zesp\u00f3\u0142 Pie\u015bni i Ta\u0144ca Siemianowice, Zesp\u00f3\u0142 Pie\u015bni i Ta\u0144ca Chorz\u00f3w, Reprezentacyjny Folklorystyczny Zesp\u00f3\u0142 Miasta \u017bywiec &#8222;Ziemi \u017bywieckiej&#8221;, Zesp\u00f3\u0142 Etnos Ensemble.<\/p>\n<p>&nbsp;<\/p>\n<p><strong>Fina\u0142 41. Dni Siemianowic odb\u0119dzie si\u0119 pod SCK- Parkiem Tradycji w Micha\u0142kowicach, gdzie wyst\u0105pi\u0105 dla was gwiazdy nie tylko polskiej sceny muzycznej. <\/strong><\/p>\n<p><u>W sobot\u0119 6 wrze\u015bnia wyst\u0105pi\u0105: <\/u><\/p>\n<p><strong>&#8211; Ula Kozielska<\/strong><br \/>\nUczestniczka 15 edycji programu telewizyjnego The Voice of Poland, Zwyci\u0119\u017cczyni The Voice of Genzie, Influencerka i Tik Tokerka, razem z Ani\u0105 Iwanek (Zwyci\u0119\u017cczyni\u0105 The Voice of Poland) wygra\u0142a tegoroczne \u201cPremiery\u201d na\u00a062. Krajowym Festiwalu Piosenki Polskiej w Opolu.<\/p>\n<p>&#8211; <strong>Pan Savyan<\/strong><br \/>\nPiosenkarz, komik i tiktoker. Uczestnik polskich preselekcji wewn\u0119trznych na Eurowizj\u0119 2024, autor przeboj\u00f3w \u201eW kolorku amaretto\u201d i \u201eBursztynowe koraliki\u201d, kt\u00f3re zrobi\u0142y furor\u0119 w internecie \u2013 5,5 mln wy\u015bwietle\u0144.<\/p>\n<p>&#8211; <strong>zesp\u00f3\u0142 Luxtorpeda<\/strong><br \/>\nJeden z najpopularniejszych polskich zespo\u0142\u00f3w rockowych. Maj\u0105 na koncie takie przeboje jak \u201eAutystyczny\u201d, \u201eZa wolno\u015b\u0107\u201d czy \u201eWilki dwa\u201d. Luxtorpeda mo\u017ce pochwali\u0107 si\u0119 wieloma nominacjami do nagrody Fryderyk, w tym statuetk\u0105 w kategorii Najlepsza P\u0142yta Rockowa w 2011 roku.<\/p>\n<p><strong>&#8211; O.S.T.R.<\/strong><br \/>\nJedna z najwa\u017cniejszych postaci polskiego rapu, zdobywca 6 Fryderyk\u00f3w, 10 platynowych i 12 z\u0142otych p\u0142yt. W 2011 roku zosta\u0142 sklasyfikowany na 4. miejscu listy 30 najlepszych polskich raper\u00f3w wed\u0142ug magazynu Machina. Rok p\u00f3\u017aniej w kolejnym rankingu tego\u017c pisma zosta\u0142 wybrany najlepszym polskim producentem hip-hopowym. W styczniu 2014 roku zosta\u0142 wybrany Artyst\u0105 Dekady w Plebiscycie WuDoo i Hip-hop.pl.<\/p>\n<p>&nbsp;<\/p>\n<p><u>W niedziel\u0119 7 wrze\u015bnia wyst\u0105pi\u0105: \u00a0<\/u><\/p>\n<p><strong>Alexander Martinez<\/strong><br \/>\nTancerz, piosenkarz i imitator g\u0142osu. Znakomite warunki wokalne i operowe umo\u017cliwiaj\u0105 mu swobodne poruszanie si\u0119 niemal we wszystkich gatunkach muzycznych takich jak: pop, rock, jazz, na klasyce sko\u0144czywszy. Swoim ogromnym talentem wokalnym potrafi imitowa\u0107 g\u0142osy: Franka Sinatry, Louisa Armstronga, Andrea Bocellego, Michaela Jacksona, Elvisa Presleya, Chrisa de Burgh, zespo\u0142\u00f3w Modern Talking, Gipsy Kings, Queen czy Europe.<\/p>\n<p><strong>Zesp\u00f3\u0142 The Postman<\/strong><br \/>\nNajlepszy profesjonalny, polski coverowy zesp\u00f3\u0142 wykonuj\u0105cy najwi\u0119ksze przeboje legendarnej grupy The Beatles. Podczas swoich wyst\u0119p\u00f3w zesp\u00f3\u0142 nie tylko oddaje klimat muzyki lat 60-tych, ale r\u00f3wnie\u017c wygl\u0105da, jakby w\u0142a\u015bnie przyby\u0142 z tamtej epoki.<\/p>\n<p><strong>Zesp\u00f3\u0142 Czerwone Gitary<\/strong><br \/>\nLegenda polskiej muzyki rozrywkowej, klasyka polskiego bigbitu, autorzy niezliczonej liczby przeboj\u00f3w, \u015bwi\u0119tuj\u0105cy w tym roku 60-lecie!<\/p>\n<p><strong>Bad Boys Blue<br \/>\n<\/strong>Gwiazda muzyki pop i disco. Ich energetyczne, melodyjne przeboje \u201eYou`re a woman\u201d czy \u201eA train to nowhere\u201d od lat 80-tych rz\u0105dz\u0105 dyskotekowymi parkietami na ca\u0142ym \u015bwiecie.<\/p>\n<p>&nbsp;<\/p>\n<p>&nbsp;<\/p>\n","protected":false},"excerpt":{"rendered":"<p>W dniach 4-7 wrze\u015bnia \u015bwi\u0119towa\u0107 b\u0119dziemy 41. Dni Siemianowic \u015al\u0105skich. Rozpoczniemy \u015awi\u0119tem Senior\u00f3w. W czwartek 4 wrze\u015bnia w MOSiR Pszczelnik odb\u0119dzie si\u0119 Senioriada czyli olimpiada senior\u00f3w. Dzie\u0144 p\u00f3\u017aniej, w pi\u0105tek 5 wrze\u015bnia w Siemianowickim Centrum Kultury \u2013 Zameczek odb\u0119d\u0105 si\u0119 Senioralia. W ramach imprezy przewidziano wiele atrakcji. W sobot\u0119 6 wrze\u015bnia zaprosimy do amfiteatru w [&hellip;]<\/p>\n","protected":false},"author":6,"featured_media":28940,"comment_status":"closed","ping_status":"open","sticky":false,"template":"","format":"standard","meta":[],"categories":[1],"tags":[],"_links":{"self":[{"href":"https:\/\/www.siemck.pl\/wp-json\/wp\/v2\/posts\/28904"}],"collection":[{"href":"https:\/\/www.siemck.pl\/wp-json\/wp\/v2\/posts"}],"about":[{"href":"https:\/\/www.siemck.pl\/wp-json\/wp\/v2\/types\/post"}],"author":[{"embeddable":true,"href":"https:\/\/www.siemck.pl\/wp-json\/wp\/v2\/users\/6"}],"replies":[{"embeddable":true,"href":"https:\/\/www.siemck.pl\/wp-json\/wp\/v2\/comments?post=28904"}],"version-history":[{"count":8,"href":"https:\/\/www.siemck.pl\/wp-json\/wp\/v2\/posts\/28904\/revisions"}],"predecessor-version":[{"id":28944,"href":"https:\/\/www.siemck.pl\/wp-json\/wp\/v2\/posts\/28904\/revisions\/28944"}],"wp:featuredmedia":[{"embeddable":true,"href":"https:\/\/www.siemck.pl\/wp-json\/wp\/v2\/media\/28940"}],"wp:attachment":[{"href":"https:\/\/www.siemck.pl\/wp-json\/wp\/v2\/media?parent=28904"}],"wp:term":[{"taxonomy":"category","embeddable":true,"href":"https:\/\/www.siemck.pl\/wp-json\/wp\/v2\/categories?post=28904"},{"taxonomy":"post_tag","embeddable":true,"href":"https:\/\/www.siemck.pl\/wp-json\/wp\/v2\/tags?post=28904"}],"curies":[{"name":"wp","href":"https:\/\/api.w.org\/{rel}","templated":true}]}}