{"id":28775,"date":"2025-06-24T10:33:34","date_gmt":"2025-06-24T08:33:34","guid":{"rendered":"https:\/\/www.siemck.pl\/?p=28775"},"modified":"2025-08-06T09:15:24","modified_gmt":"2025-08-06T07:15:24","slug":"lato-z-sck","status":"publish","type":"post","link":"https:\/\/www.siemck.pl\/lato-z-sck\/","title":{"rendered":"Lato z SCK"},"content":{"rendered":"<p>Zobaczcie nasz program lipiec i sierpie\u0144!<\/p>\n<h3><b>SCK Bytk\u00f3w \u2013 ul. Niepodleg\u0142o\u015bci 45 (tel. 32\/228.72.80)<\/b><\/h3>\n<p><b>LIPIEC:<\/b><\/p>\n<p><span style=\"font-weight: 400;\">9 lipca (\u015broda), godz. 10.00-12.00 &#8211; Artystyczny Parking SCK: \u201cWitajcie w naszej bajce\u201d &#8211; animacje dla dzieci na parkingu za budynkiem SCK. W razie niepogody animacje odb\u0119d\u0105 si\u0119 w SCK- Bytk\u00f3w.\u00a0<\/span><\/p>\n<p><span style=\"font-weight: 400;\">23 lipca (\u015broda), godz. 10.00-12.00 &#8211; Artystyczny Parking SCK: \u201cPrzygoda w kosmosie\u201d- animacje dla dzieci na parkingu za budynkiem SCK. W razie niepogody animacje odb\u0119d\u0105 si\u0119 w SCK- Bytk\u00f3w.\u00a0<\/span><\/p>\n<p><b>Warsztaty w Pracowni Plastycznej \u201eOkienko\u201d \u2013 Wakacyjne podr\u00f3\u017ce ma\u0142e i du\u017ce:<\/b><\/p>\n<p><span style=\"font-weight: 400;\">1, 8, 15, 22, 29 lipca (wtorek), godz. 10.00-12.00 \u2013 dzieci m\u0142odsze 6-10 lat<\/span><\/p>\n<p><span style=\"font-weight: 400;\">3, 10, 17, 24, 31 lipca (czwartek), godz. 10.00-12.00 \u2013 dzieci starsze, powy\u017cej 10 roku \u017cycia<\/span><\/p>\n<p><span style=\"font-weight: 400;\">Ilo\u015b\u0107 miejsc ograniczona. Bezp\u0142atne wej\u015bci\u00f3wki do odbioru na portierni SCK- Bytk\u00f3w od 23.06<\/span><\/p>\n<p><b>SIERPIE\u0143:<\/b><\/p>\n<p><span style=\"font-weight: 400;\">6 sierpnia (\u015broda), godz. 10.00-12.00 &#8211; Artystyczny Parking SCK: \u201cPowr\u00f3t do przesz\u0142o\u015bci\u201d &#8211; animacje dla dzieci na parkingu za budynkiem SCK. W razie niepogody animacje odb\u0119d\u0105 si\u0119 w SCK- Bytk\u00f3w.\u00a0<\/span><\/p>\n<p><span style=\"font-weight: 400;\">13 sierpnia (\u015broda), godz. 10.00-12.00 &#8211; Artystyczny Parking SCK: \u201cPodr\u00f3\u017c dooko\u0142a \u015bwiata\u201d &#8211; animacje dla dzieci na parkingu za budynkiem SCK. W razie niepogody animacje odb\u0119d\u0105 si\u0119 w SCK- Bytk\u00f3w.\u00a0<\/span><\/p>\n<p>&nbsp;<\/p>\n<p><b>KONCERTY LETNIE W AMFITEATRZE<\/b><\/p>\n<p><span style=\"font-weight: 400;\">05 lipca (sobota), godz. 17.00 \u2013 ELVIS LIVE SHOW<\/span><\/p>\n<p><span style=\"font-weight: 400;\">12 lipca (sobota), godz. 17.00 \u2013 BELLA ITALIA w wykonaniu Orkiestry D\u0119tej\u00a0 \u201ePower of Winds\u201d<\/span><\/p>\n<p><span style=\"font-weight: 400;\">19 lipca (sobota), godz. 17.00 \u2013 KARPOWICZ FAMILY<\/span><\/p>\n<p><span style=\"font-weight: 400;\">02 sierpnia (sobota), godz. 17.00 \u2013 BO\u017bENA MIELNIK BAND<\/span><\/p>\n<p><span style=\"font-weight: 400;\">9 sierpnia (sobota), godz. 17.00 &#8211; Kabaret Starszych Pan\u00f3w. Przeboje wszech czas\u00f3w, \u015bpiewa ARTUR GOTZ<\/span><\/p>\n<p><span style=\"font-weight: 400;\">23 sierpnia (sobota), godz. 17.00 \u2013 BIGIEL BAND <\/span><span style=\"font-weight: 400;\">&#8211; <\/span><span style=\"font-weight: 400;\">wybuchowa mieszanka najwi\u0119kszych przeboj\u00f3w polskiej i \u015bwiatowej sceny muzycznej.<\/span><\/p>\n<p>&nbsp;<\/p>\n<p><b>WYDARZENIA SPECJALNE W AMFITEATRZE<\/b><\/p>\n<p><b>(w tym wydarzenia biletowane)<\/b><\/p>\n<p><span style=\"font-weight: 400;\">26 lipca (sobota), godz. 17.00 \u2013 Koncert Teresy Werner. Bilety w cenie 59 z\u0142 i 79 z\u0142<\/span><\/p>\n<p><span style=\"font-weight: 400;\">15 sierpnia (pi\u0105tek), godz. 17.00 \u2013 Koncert zespo\u0142u BACIARY.\u00a0 Bilety w cenie 69 z\u0142 i 89 z\u0142<\/span><\/p>\n<p><b>30 sierpnia (sobota), godz. 18.00 &#8211;<\/b> <b>Amfiteatr w Parku Miejskim <\/b><span style=\"font-weight: 400;\">\u2013 PIKNIK COUNTRY. Wyst\u0105pi\u0105: Andrzej Pot\u0119pa \u201cKsi\u0105\u017c\u0119 Lipin\u201d, Klaudia Magica, Alicja Boncol z zespo\u0142em Koalicja. Wst\u0119p wolny.<\/span><\/p>\n<p>&nbsp;<\/p>\n<p><b>TEATRALNE LATO POD CHMURK\u0104<\/b><\/p>\n<p><span style=\"font-weight: 400;\">6 lipca (niedziela) \u2013 godz. 17.00\u00a0 &#8211; GABI ART\u00a0 spektakl pt. \u201eKramik z wierszami\u201d<\/span><\/p>\n<p><span style=\"font-weight: 400;\">13 lipca (niedziela) \u2013 godz. 17.00-\u00a0 GABI ART spektakl pt.\u00a0 \u201e Jak Kicia Rufiego m\u0105dro\u015bci uczy\u0142a\u201d<\/span><\/p>\n<p><span style=\"font-weight: 400;\">20 lipca\u00a0 (niedziela) \u2013 godz. 17.00 Krakowskie Biuro Promocji Kultury spektakl pt. \u201eKsi\u0119ga pe\u0142na czar\u00f3w\u201d<\/span><\/p>\n<p><span style=\"font-weight: 400;\">27 lipca\u00a0 (niedziela) \u2013 godz. 17.00 Teatr Kukie\u0142ka spektakl pt. \u201eSzewczyk Dratewka\u201d<\/span><\/p>\n<p><span style=\"font-weight: 400;\">3 sierpnia (niedziela) \u2013 godz. 17.00 \u00a0 Akademia Ma\u0142ego Teatru spektakl pt. \u201cKsi\u0119ga marze\u0144\u201d\u00a0\u00a0\u00a0\u00a0\u00a0\u00a0\u00a0\u00a0\u00a0\u00a0\u00a0\u00a0\u00a0\u00a0\u00a0\u00a0\u00a0\u00a0<\/span><\/p>\n<p><span style=\"font-weight: 400;\">10 sierpnia (niedziela) \u2013 godz. 17.00 GABI ART spektakl pt.\u00a0 \u201eMi\u015b Tuli\u015b\u201d<\/span><\/p>\n<p><span style=\"font-weight: 400;\">17 sierpnia (niedziela) \u2013 godz. 17.00 GABI ART spektakl pt. \u201e Cyrk Bobas\u201d<\/span><\/p>\n<p><span style=\"font-weight: 400;\">24 sierpnia (niedziela) \u2013 godz. 17.00 GABI ART spektakl pt. \u201eNiezwyk\u0142a misja Krasnala Dobroduszka\u201d<\/span><\/p>\n<p><span style=\"font-weight: 400;\">31 sierpnia (niedziela) \u2013 godz. 17.00 GABI ART spektakl pt. \u201e Wierszowanki \u017buczka J\u0119drusia\u201d<\/span><\/p>\n<p>&nbsp;<\/p>\n<p>Na cztery seanse filmowe w ramach <strong>KINA PLENEROWEGO NA RZ\u0118SIE<\/strong>\u00a0 (siemianowickie b\u0142onia, obok dinozaur\u00f3w i strefy To Tu przy alei Spacerowej). Wst\u0119p wolny<\/p>\n<p>Program seans\u00f3w:<\/p>\n<p>10 lipca (czwartek), godz. 21.00 \u2013 \u201eBlues Brothers\u201d (ameryka\u0144ska komedia muzyczna z 1980r. Wyst\u0119puj\u0105: Dan Aykroyd, John Belushi)<\/p>\n<p>24 lipca (czwartek), godz. 21.00 \u2013 \u201eRain Man\u201d (ameryka\u0144ski dramat z 1988r. Wyst\u0119puj\u0105: Tom Cruise, Dustin Hoffman)<\/p>\n<p>07 sierpnia (czwartek), godz. 20.30 \u2013 \u201eWorld War Z\u201d (horror sci-fi z 2013. Wyst\u0119puj\u0105: Brad Pitt, Matthew Fox)<\/p>\n<p>21 sierpnia (czwartek), godz. 20.30 \u2013 \u201eAmerican Beauty\u201d (ameryka\u0144ski dramat obyczajowy z 2000r. Wyst\u0119puj\u0105: Kevin Spacey, Anette Bening)<\/p>\n<p>&nbsp;<\/p>\n<h3><strong>SCK Park Tradycji \u2013 ul. Orzeszkowej 12 (tel. 32\/765.27.40-41)<\/strong><\/h3>\n<p><strong>LIPIEC:<\/strong><\/p>\n<p>1, 3, 10, 15, 17, 22, 24, 29, 31 lipca (wtorek, czwartek), godz. 11.00 &#8211; SCK Park Tradycji \u2013 KINO Letnie Dla Dzieci. Wst\u0119p wolny, liczba miejsc ograniczona. Zapraszamy doros\u0142ych, m\u0142odzie\u017c oraz dzieci z opiekunami.<\/p>\n<p>8 lipca (wtorek, czwartek), godz. 11.30 &#8211; SCK Park Tradycji \u2013 KINO Letnie Dla Dzieci. Wst\u0119p wolny, liczba miejsc ograniczona. Zapraszamy doros\u0142ych, m\u0142odzie\u017c oraz dzieci z opiekunami.<\/p>\n<p>4 lipca (pi\u0105tek), godz. 20.00 \u2013 SCK Park Tradycji \u2013 Chill Time Pod Szybem Krystyn &#8211; Koncert \u0141ukasz Sobczaka. W przypadku niesprzyjaj\u0105cych warunk\u00f3w atmosferycznych organizator zastrzega sobie mo\u017cliwo\u015b\u0107 przeniesienia koncertu do budynku lub odwo\u0142ania.<\/p>\n<p>11 lipca (pi\u0105tek), godz. 17.00 \u2013 SCK Park Tradycji \u2013 Koncert. \u201eHappy Band\u201d . Ilo\u015b\u0107 miejsc ograniczona \u2013 wej\u015bci\u00f3wki dost\u0119pne w Parku Tradycji od\u00a0 1 lipca 2025.<\/p>\n<p>11 lipca (pi\u0105tek), godz. 20.00 \u2013 SCK Park Tradycji \u2013 Chill Time Pod Szybem Krystyn- koncert Macieja Lipiny. W przypadku niesprzyjaj\u0105cych warunk\u00f3w atmosferycznych organizator zastrzega sobie mo\u017cliwo\u015b\u0107 przeniesienia koncertu do budynku lub odwo\u0142ania.<\/p>\n<p>18 lipca (pi\u0105tek), godz. 20.00 \u2013 SCK Park Tradycji \u2013 Chill Time Pod Szybem Krystyn \u2013 Skrawki &#8211; koncert . W przypadku niesprzyjaj\u0105cych warunk\u00f3w atmosferycznych organizator zastrzega sobie mo\u017cliwo\u015b\u0107 przeniesienia koncertu do budynku lub odwo\u0142ania.<\/p>\n<p>25 lipca (pi\u0105tek), godz. 20.00 \u2013 SCK Park Tradycji \u2013 Chill Time Pod Szybem Krystyn &#8211; Niespokojne Nuty &#8211; koncert . W przypadku niesprzyjaj\u0105cych warunk\u00f3w atmosferycznych organizator zastrzega sobie mo\u017cliwo\u015b\u0107 przeniesienia koncertu do budynku lub odwo\u0142ania.<\/p>\n<p><strong>SIERPIE\u0143:<\/strong><\/p>\n<p>1 sierpnia (pi\u0105tek), godz. 20.00 \u2013 SCK Park Tradycji \u2013 Chill Time Pod Szybem Krystyn- Wiktoria Ku\u017aniarkiewicz- koncert . W przypadku niesprzyjaj\u0105cych warunk\u00f3w atmosferycznych organizator zastrzega sobie mo\u017cliwo\u015b\u0107 przeniesienia koncertu do budynku lub odwo\u0142ania.<\/p>\n<p>8 sierpnia (pi\u0105tek), godz. 20.00 \u2013 SCK Park Tradycji \u2013 Chill Time Pod Szybem Krystyn- Ciriklano Ethnic Band- koncert. W przypadku niesprzyjaj\u0105cych warunk\u00f3w atmosferycznych organizator zastrzega sobie mo\u017cliwo\u015b\u0107 przeniesienia koncertu do budynku lub odwo\u0142ania.<\/p>\n<p>22 sierpnia (pi\u0105tek), godz. 20.00 \u2013 SCK Park Tradycji \u2013 Chill Time Pod Szybem Krystyn- Piff Parre- koncert. W przypadku niesprzyjaj\u0105cych warunk\u00f3w atmosferycznych organizator zastrzega sobie mo\u017cliwo\u015b\u0107 przeniesienia koncertu do budynku lub odwo\u0142ania.<\/p>\n<p>29 sierpnia (pi\u0105tek), godz. 20.00 \u2013 SCK Park Tradycji \u2013 Chill Time Pod Szybem Krystyn &#8211; \u015awi\u0119to Osy- koncert. W przypadku niesprzyjaj\u0105cych warunk\u00f3w atmosferycznych organizator zastrzega sobie mo\u017cliwo\u015b\u0107 przeniesienia koncertu do budynku lub odwo\u0142ania.<\/p>\n<p>5, 7, 12, 14, 19, 21, 26, 28 sierpnia (wtorek, czwartek), godz. 11.00 \u2013 SCK Park Tradycji \u2013 KINO Letnie Dla Dzieci. Wst\u0119p wolny, liczba miejsc ograniczona. Zapraszamy doros\u0142ych, m\u0142odzie\u017c oraz dzieci z opiekunami.<\/p>\n<p>&nbsp;<\/p>\n<h3><strong>SCK Willa Fitznera \u2013 ul. Fitzner\u00f3w 3 (tel. 32\/763.27.33)<\/strong><\/h3>\n<p><strong>LIPIEC:<\/strong><\/p>\n<p>04, 11, 18, 25 lipca (pi\u0105tek), godz. 17.00 \u2013 19.00 &#8211; Fitzner Cafe. Bilety w cenie 10 z\u0142\/ 5 z\u0142 seniorzy do nabycia w kasach SCK oraz on-line na<a href=\"http:\/\/www.siemck.pl\/\"> www.siemck.pl<\/a><\/p>\n<p>11 lipca (pi\u0105tek), godz. 19.00 \u2013 24.00 &#8211; Karaoke. Wst\u0119p wolny.<\/p>\n<p><strong>SIERPIE\u0143:<\/strong><\/p>\n<p>01, 08, 22, 29 sierpnia (pi\u0105tek), godz. 17.00 \u2013 19.00 &#8211;\u00a0 Fitzner Cafe. Bilety w cenie 10 z\u0142\/ 5 z\u0142 seniorzy do nabycia w kasach SCK oraz on-line na<a href=\"http:\/\/www.siemck.pl\/\"> www.siemck.pl<\/a><\/p>\n<p>08 sierpnia (pi\u0105tek), godz. 19.00 \u2013 24.00 &#8211; Karaoke. Wst\u0119p wolny.<\/p>\n<p>&nbsp;<\/p>\n<h3><strong>SCK Zameczek \u2013 ul. O\u015bwi\u0119cimska 1 (tel. 32\/204.11.27)<\/strong><\/h3>\n<p><strong>LIPIEC:<\/strong><\/p>\n<p>6 lipca (niedziela), godz. 16.00 \u2013 SCK Zameczek \u2013 Wiede\u0144- kr\u00f3lestwo walc\u00f3w. Muzyka u Rheinbaben\u00f3w &#8211; koncert na tarasie. Wst\u0119p wolny<\/p>\n<p>7 lipca (poniedzia\u0142ek), godz. 10.00 \u2013 SCK Zameczek \u2013 Animacje z Madzi\u0105 i Tadziem. Wst\u0119p wolny.<\/p>\n<p>13 lipca (niedziela), godz. 16.00 \u2013 SCK- Zameczek\u00a0 \u2013 \u015awiat opery. Muzyka u Rheinbaben\u00f3w &#8211; koncert na tarasie. Wst\u0119p wolny<\/p>\n<p>20 lipca (niedziela), godz. 16.00 \u2013 SCK- Zameczek\u00a0 \u2013 Najpi\u0119kniejsze melodie mistrz\u00f3w w\u0142oskich \u201eBella Italia\u201d. Muzyka u Rheinbaben\u00f3w &#8211; koncert na tarasie.Wst\u0119p wolny<\/p>\n<p>27 lipca (niedziela), godz. 16.00 \u2013 SCK- Zameczek\u00a0 \u2013 W kr\u0119gu operetki i musicalu. Muzyka u Rheinbaben\u00f3w &#8211; koncert na tarasie. Wst\u0119p wolny<\/p>\n<p><strong>SIERPIE\u0143:<\/strong><\/p>\n<p>3 sierpnia\u00a0 (niedziela), godz. 16.00 \u2013 SCK- Zameczek \u2013 Mistrzowie muzyki polskiej. Muzyka u Rheinbaben\u00f3w &#8211; koncert na tarasie. Wst\u0119p wolny<\/p>\n<p>10 sierpnia (niedziela), godz. 16.00 \u2013 SCK- Zameczek &#8211; Muzyka humoru i s\u0142owa rado\u015bci \u2013 arty\u015bci teatru im. I. Kami\u0144skiej. Muzyka u Rheinbaben\u00f3w &#8211; koncert na tarasie. Wst\u0119p wolny<\/p>\n<p>17 sierpnia (niedziela), godz. 16.00 \u2013 SCK- Zameczek \u2013\u00a0 Olimp grecki \u2013 zesp\u00f3\u0142 Orfeusz. Muzyka u Rheinbaben\u00f3w &#8211; koncert na tarasie. Wst\u0119p wolny<\/p>\n<p>24 sierpnia (niedziela), godz. 16.00 \u2013 SCK- Zameczek\u00a0 \u2013 Muzyka dworska, zamkowa i pa\u0142acowa. Muzyka u Rheinbaben\u00f3w &#8211; koncert na tarasie. Wst\u0119p wolny<\/p>\n<p>25 sierpnia (poniedzia\u0142ek), godz. 10.00 \u2013 Po\u017cegnanie wakacji. Animacje dla dzieci. Wst\u0119p wolny.<\/p>\n<p>&nbsp;<\/p>\n<h3><strong>SCK Jarz\u0119bina \u2013 ul. Wierzbowa 2 (tel. 32\/228 48 46)<\/strong><\/h3>\n<p>5 lipca (sobota), godz. 8.00 \u2013 SCK-Jarz\u0119bina-\u00a0 Zamek w Mosznej, ZOO Opole (wst\u0119p do atrakcji we w\u0142asnym zakresie). Bilety \u2013 80 z\u0142. od osoby do nabycia wy\u0142\u0105cznie w SCK- Jarz\u0119bina<\/p>\n<p>12 lipca (sobota), godz. 9.00- SCK-Jarz\u0119bina \u2013 Regulice, drezyny i ognisko. Bilety \u2013 120 z\u0142. od osoby do nabycia wy\u0142\u0105cznie w SCK- Jarz\u0119bina<\/p>\n<p>19 lipca (sobota), 7.00 &#8211; SCK-Jarz\u0119bina\u2013 termy w Bukowinie (wst\u0119p do term we w\u0142asnym zakresie). Bilety \u2013 100 z\u0142. od osoby do nabycia wy\u0142\u0105cznie w SCK- Jarz\u0119bina<\/p>\n<p>26 lipca (sobota), godz. 7.00 \u2013SCK- Jarz\u0119bina-\u00a0 Wroc\u0142aw, Hydropolis (wst\u0119p na atrakcje we w\u0142asnym zakresie). Bilety \u2013 100 z\u0142. od osoby do nabycia wy\u0142\u0105cznie w SCK- Jarz\u0119bina<\/p>\n<p>3 sierpnia (niedziela), godz. 9.00 \u2013SCK-Jarz\u0119bina-\u00a0 Z\u0142oty Potok, \u015awi\u0119to Pstr\u0105ga. Bilety \u2013 80 z\u0142. od osoby do nabycia wy\u0142\u0105cznie w SCK- Jarz\u0119bina<\/p>\n<p>9 sierpnia (sobota), godz. 9.00 \u2013SCK- Jarz\u0119bina-\u00a0 Kalwaria Zebrzydowska, Ojc\u00f3w, Zamek w Pieskowej Skale (wst\u0119p na atrakcje we w\u0142asnym zakresie). Bilety \u2013 80 z\u0142. od osoby do nabycia wy\u0142\u0105cznie w SCK- Jarz\u0119bina<\/p>\n<p>23 sierpnia (sobota), godz. 9.00- SCK-Jarz\u0119bina \u2013 Bielsko-Bia\u0142a, rynek, Kolej Linowa Szyndzielnia (wst\u0119p na atrakcje we w\u0142asnym zakresie). Bilety \u2013 80 z\u0142. od osoby do nabycia wy\u0142\u0105cznie w SCK- Jarz\u0119bina<\/p>\n","protected":false},"excerpt":{"rendered":"<p>Zobaczcie nasz program lipiec i sierpie\u0144! SCK Bytk\u00f3w \u2013 ul. Niepodleg\u0142o\u015bci 45 (tel. 32\/228.72.80) LIPIEC: 9 lipca (\u015broda), godz. 10.00-12.00 &#8211; Artystyczny Parking SCK: \u201cWitajcie w naszej bajce\u201d &#8211; animacje dla dzieci na parkingu za budynkiem SCK. W razie niepogody animacje odb\u0119d\u0105 si\u0119 w SCK- Bytk\u00f3w.\u00a0 23 lipca (\u015broda), godz. 10.00-12.00 &#8211; Artystyczny Parking SCK: [&hellip;]<\/p>\n","protected":false},"author":12,"featured_media":28776,"comment_status":"closed","ping_status":"open","sticky":false,"template":"","format":"standard","meta":[],"categories":[1],"tags":[],"_links":{"self":[{"href":"https:\/\/www.siemck.pl\/wp-json\/wp\/v2\/posts\/28775"}],"collection":[{"href":"https:\/\/www.siemck.pl\/wp-json\/wp\/v2\/posts"}],"about":[{"href":"https:\/\/www.siemck.pl\/wp-json\/wp\/v2\/types\/post"}],"author":[{"embeddable":true,"href":"https:\/\/www.siemck.pl\/wp-json\/wp\/v2\/users\/12"}],"replies":[{"embeddable":true,"href":"https:\/\/www.siemck.pl\/wp-json\/wp\/v2\/comments?post=28775"}],"version-history":[{"count":6,"href":"https:\/\/www.siemck.pl\/wp-json\/wp\/v2\/posts\/28775\/revisions"}],"predecessor-version":[{"id":28951,"href":"https:\/\/www.siemck.pl\/wp-json\/wp\/v2\/posts\/28775\/revisions\/28951"}],"wp:featuredmedia":[{"embeddable":true,"href":"https:\/\/www.siemck.pl\/wp-json\/wp\/v2\/media\/28776"}],"wp:attachment":[{"href":"https:\/\/www.siemck.pl\/wp-json\/wp\/v2\/media?parent=28775"}],"wp:term":[{"taxonomy":"category","embeddable":true,"href":"https:\/\/www.siemck.pl\/wp-json\/wp\/v2\/categories?post=28775"},{"taxonomy":"post_tag","embeddable":true,"href":"https:\/\/www.siemck.pl\/wp-json\/wp\/v2\/tags?post=28775"}],"curies":[{"name":"wp","href":"https:\/\/api.w.org\/{rel}","templated":true}]}}