{"id":28773,"date":"2025-06-15T10:11:47","date_gmt":"2025-06-15T08:11:47","guid":{"rendered":"https:\/\/www.siemck.pl\/?p=28773"},"modified":"2025-06-24T10:12:08","modified_gmt":"2025-06-24T08:12:08","slug":"kasa-biletowa-sck-bytkow-w-lipcu-i-sierpniu-2025","status":"publish","type":"post","link":"https:\/\/www.siemck.pl\/kasa-biletowa-sck-bytkow-w-lipcu-i-sierpniu-2025\/","title":{"rendered":"Kasa biletowa SCK Bytk\u00f3w &#8211; w lipcu i sierpniu 2025"},"content":{"rendered":"<p>W lipcu i sierpniu KASA czynna w godzinach 7.30-14.30.<\/p>\n<p>Bilety dost\u0119pne s\u0105 te\u017c on-line:\u00a0 <a href=\"http:\/\/www.bilety.siemck.pl\/\">www.bilety.siemck.pl<\/a><\/p>\n<p><strong>\u00a0<\/strong><\/p>\n","protected":false},"excerpt":{"rendered":"<p>W lipcu i sierpniu KASA czynna w godzinach 7.30-14.30. Bilety dost\u0119pne s\u0105 te\u017c on-line:\u00a0 www.bilety.siemck.pl \u00a0<\/p>\n","protected":false},"author":12,"featured_media":23865,"comment_status":"closed","ping_status":"open","sticky":false,"template":"","format":"standard","meta":[],"categories":[1],"tags":[],"_links":{"self":[{"href":"https:\/\/www.siemck.pl\/wp-json\/wp\/v2\/posts\/28773"}],"collection":[{"href":"https:\/\/www.siemck.pl\/wp-json\/wp\/v2\/posts"}],"about":[{"href":"https:\/\/www.siemck.pl\/wp-json\/wp\/v2\/types\/post"}],"author":[{"embeddable":true,"href":"https:\/\/www.siemck.pl\/wp-json\/wp\/v2\/users\/12"}],"replies":[{"embeddable":true,"href":"https:\/\/www.siemck.pl\/wp-json\/wp\/v2\/comments?post=28773"}],"version-history":[{"count":1,"href":"https:\/\/www.siemck.pl\/wp-json\/wp\/v2\/posts\/28773\/revisions"}],"predecessor-version":[{"id":28774,"href":"https:\/\/www.siemck.pl\/wp-json\/wp\/v2\/posts\/28773\/revisions\/28774"}],"wp:featuredmedia":[{"embeddable":true,"href":"https:\/\/www.siemck.pl\/wp-json\/wp\/v2\/media\/23865"}],"wp:attachment":[{"href":"https:\/\/www.siemck.pl\/wp-json\/wp\/v2\/media?parent=28773"}],"wp:term":[{"taxonomy":"category","embeddable":true,"href":"https:\/\/www.siemck.pl\/wp-json\/wp\/v2\/categories?post=28773"},{"taxonomy":"post_tag","embeddable":true,"href":"https:\/\/www.siemck.pl\/wp-json\/wp\/v2\/tags?post=28773"}],"curies":[{"name":"wp","href":"https:\/\/api.w.org\/{rel}","templated":true}]}}