{"id":28665,"date":"2025-06-16T14:14:45","date_gmt":"2025-06-16T12:14:45","guid":{"rendered":"https:\/\/www.siemck.pl\/?p=28665"},"modified":"2025-06-18T09:05:48","modified_gmt":"2025-06-18T07:05:48","slug":"akcja-lato-2025","status":"publish","type":"post","link":"https:\/\/www.siemck.pl\/akcja-lato-2025\/","title":{"rendered":"Akcja Lato 2025"},"content":{"rendered":"<p>Lato w mie\u015bcie nie musi by\u0107 nudne! &#x1f31e;&#x1f308;<\/p>\n<p>Siemianowickie Centrum Kultury zaprasza dzieci i m\u0142odzie\u017c do wsp\u00f3lnego odkrywania wakacyjnych atrakcji w ramach tegorocznej <em data-start=\"214\" data-end=\"231\">Akcji Lato 2025<\/em>. W programie znajdziecie tw\u00f3rcze warsztaty, animacje, letnie kino i kolorowe spektakle pod chmurk\u0105 \u2013 wszystko przygotowane z my\u015bl\u0105 o najm\u0142odszych mieszka\u0144cach miasta.<\/p>\n<p>Sprawd\u017a harmonogram i do\u0142\u0105cz do wakacyjnej przygody z SCK!<\/p>\n<p>Na wszystkie wydarzenia bezp\u0142atny wst\u0119p.<\/p>\n<p>AKCJA LATO 2025<\/p>\n<p><strong>Warsztaty w Pracowni Plastycznej \u201eOkienko\u201d \u2013 Wakacyjne podr\u00f3\u017ce ma\u0142e i du\u017ce:<\/strong><\/p>\n<p>1, 8, 15, 22, 29 lipca (wtorek), godz. 10.00-12.00 \u2013 dzieci m\u0142odsze 6-10 lat<\/p>\n<p>3, 10, 17, 24, 31 lipca (czwartek), godz. 10.00-12.00 \u2013 dzieci starsze, powy\u017cej 10 roku \u017cycia<\/p>\n<p>Ilo\u015b\u0107 miejsc ograniczona. Bezp\u0142atne wej\u015bci\u00f3wki do odbioru na portierni SCK- Bytk\u00f3w od 23.06<\/p>\n<p><strong>Parking przy SCK Bytk\u00f3w<\/strong><\/p>\n<p>6 sierpnia (pi\u0105tek), godz. 10.00-12.00 &#8211; Artystyczny Parking SCK: \u201cPowr\u00f3t do przesz\u0142o\u015bci\u201d &#8211; animacje dla dzieci na parkingu za budynkiem SCK.<\/p>\n<p>13 sierpnia (pi\u0105tek), godz. 10.00-12.00 &#8211; Artystyczny Parking SCK: \u201cPodr\u00f3\u017c dooko\u0142a \u015bwiata\u201d &#8211; animacje dla dzieci na parkingu za budynkiem SCK.<\/p>\n<p><strong>TEATRALNE LATO POD CHMURK\u0104 &#8211; Amfiteatr<\/strong><\/p>\n<p>6 lipca (niedziela) \u2013 godz. 17.00\u00a0 &#8211; GABI ART\u00a0 spektakl pt. \u201eKramik z wierszami\u201d<\/p>\n<p>13 lipca (niedziela) \u2013 godz. 17.00-\u00a0 GABI ART spektakl pt.\u00a0 \u201e Jak Kicia Rufiego m\u0105dro\u015bci uczy\u0142a\u201d<\/p>\n<p>20 lipca\u00a0 (niedziela) \u2013 godz. 17.00 Krakowskie Biuro Promocji Kultury spektakl pt. \u201eKsi\u0119ga pe\u0142na czar\u00f3w\u201d<\/p>\n<p>27 lipca\u00a0 (niedziela) \u2013 godz. 17.00 Teatr Kukie\u0142ka spektakl pt. \u201eSzewczyk Dratewka\u201d<\/p>\n<p>3 sierpnia (niedziela) \u2013 godz. 17.00 \u00a0 Akademia Ma\u0142ego Teatru spektakl pt. \u201cKsi\u0119ga marze\u0144\u201d<\/p>\n<p>10 sierpnia (niedziela) \u2013 godz. 17.00 GABI ART spektakl pt.\u00a0 \u201eMi\u015b Tuli\u015b\u201d<\/p>\n<p>17 sierpnia (niedziela) \u2013 godz. 17.00 GABI ART spektakl pt. \u201e Cyrk Bobas\u201d<\/p>\n<p>24 sierpnia (niedziela) \u2013 godz. 17.00 GABI ART spektakl pt. \u201eNiezwyk\u0142a misja Krasnala Dobroduszka\u201d<\/p>\n<p>31 sierpnia (niedziela) \u2013 godz. 17.00 GABI ART spektakl pt. \u201e Wierszowanki \u017buczka J\u0119drusia\u201d<\/p>\n<p><strong>Kino w SCK Parku Tradycji<\/strong><\/p>\n<p>1, 3, 8, 10, 15, 17, 22, 24, 29, 31 lipca (wtorek, czwartek), godz. 11.00 &#8211; SCK Park Tradycji \u2013 KINO Letnie Dla Dzieci. Wst\u0119p wolny, liczba miejsc ograniczona. Zapraszamy doros\u0142ych, m\u0142odzie\u017c oraz dzieci z opiekunami.<\/p>\n<p>5, 7, 12, 14, 19, 21, 26, 28 sierpnia (wtorek, czwartek), godz. 11.00 \u2013 SCK Park Tradycji \u2013 KINO Letnie Dla Dzieci. Wst\u0119p wolny, liczba miejsc ograniczona. Zapraszamy doros\u0142ych, m\u0142odzie\u017c oraz dzieci z opiekunami.<\/p>\n<p><strong>SCK Zameczek<\/strong><\/p>\n<p>7 lipca (poniedzia\u0142ek), godz. 10.00 \u2013 SCK Zameczek \u2013 Animacje z Madzi\u0105 i Tadziem. Wst\u0119p wolny.<\/p>\n<p>25 sierpnia (poniedzia\u0142ek), godz. 10.00 \u2013 Po\u017cegnanie wakacji. Animacje dla dzieci. Wst\u0119p wolny.<\/p>\n<p>&nbsp;<\/p>\n","protected":false},"excerpt":{"rendered":"<p>Lato w mie\u015bcie nie musi by\u0107 nudne! &#x1f31e;&#x1f308; Siemianowickie Centrum Kultury zaprasza dzieci i m\u0142odzie\u017c do wsp\u00f3lnego odkrywania wakacyjnych atrakcji w ramach tegorocznej Akcji Lato 2025. W programie znajdziecie tw\u00f3rcze warsztaty, animacje, letnie kino i kolorowe spektakle pod chmurk\u0105 \u2013 wszystko przygotowane z my\u015bl\u0105 o najm\u0142odszych mieszka\u0144cach miasta. Sprawd\u017a harmonogram i do\u0142\u0105cz do wakacyjnej przygody [&hellip;]<\/p>\n","protected":false},"author":12,"featured_media":8854,"comment_status":"closed","ping_status":"open","sticky":false,"template":"","format":"standard","meta":[],"categories":[1,88,80,79,109],"tags":[],"_links":{"self":[{"href":"https:\/\/www.siemck.pl\/wp-json\/wp\/v2\/posts\/28665"}],"collection":[{"href":"https:\/\/www.siemck.pl\/wp-json\/wp\/v2\/posts"}],"about":[{"href":"https:\/\/www.siemck.pl\/wp-json\/wp\/v2\/types\/post"}],"author":[{"embeddable":true,"href":"https:\/\/www.siemck.pl\/wp-json\/wp\/v2\/users\/12"}],"replies":[{"embeddable":true,"href":"https:\/\/www.siemck.pl\/wp-json\/wp\/v2\/comments?post=28665"}],"version-history":[{"count":2,"href":"https:\/\/www.siemck.pl\/wp-json\/wp\/v2\/posts\/28665\/revisions"}],"predecessor-version":[{"id":28680,"href":"https:\/\/www.siemck.pl\/wp-json\/wp\/v2\/posts\/28665\/revisions\/28680"}],"wp:featuredmedia":[{"embeddable":true,"href":"https:\/\/www.siemck.pl\/wp-json\/wp\/v2\/media\/8854"}],"wp:attachment":[{"href":"https:\/\/www.siemck.pl\/wp-json\/wp\/v2\/media?parent=28665"}],"wp:term":[{"taxonomy":"category","embeddable":true,"href":"https:\/\/www.siemck.pl\/wp-json\/wp\/v2\/categories?post=28665"},{"taxonomy":"post_tag","embeddable":true,"href":"https:\/\/www.siemck.pl\/wp-json\/wp\/v2\/tags?post=28665"}],"curies":[{"name":"wp","href":"https:\/\/api.w.org\/{rel}","templated":true}]}}