{"id":28406,"date":"2025-05-07T11:49:57","date_gmt":"2025-05-07T09:49:57","guid":{"rendered":"https:\/\/www.siemck.pl\/?p=28406"},"modified":"2025-06-04T12:54:51","modified_gmt":"2025-06-04T10:54:51","slug":"industriada-2025","status":"publish","type":"post","link":"https:\/\/www.siemck.pl\/industriada-2025\/","title":{"rendered":"Industriada w Siemianowicach \u015al\u0105skich!"},"content":{"rendered":"<p><strong>Ju\u017c w najbli\u017csz\u0105 sobot\u0119 zapraszamy na Industriad\u0119 w Siemianowicach \u015al\u0105skich!\u00a0<\/strong><\/p>\n<p><strong>od godziny 15.00 w SCK- Parku Tradycji czeka Was wiele atrakcji dla dzieci:<\/strong><\/p>\n<ul>\n<li><strong>strefa 20 warsztat\u00f3w kreatywnych, przygotowanych przez siemianowickie NGO\u2019sy i szko\u0142y \u015brednie\u00a0<\/strong><\/li>\n<li><strong>darmowa wata cukrowa i popcorn<\/strong><\/li>\n<li><strong>wielkoformatowa rodzinna gra planszowa<\/strong><\/li>\n<li><strong> stanowisko wykopaliskowe dla dzieci <\/strong><\/li>\n<li><strong>darmowe dmucha\u0144ce\u00a0<\/strong><\/li>\n<li><strong>happening plastyczny Pracowni &#8222;Okienko&#8221;<\/strong><\/li>\n<li><strong>surowcowy plac zabaw\u00a0<\/strong><\/li>\n<\/ul>\n<p><strong>\u00a0Doro\u015bli r\u00f3wnie\u017c nie b\u0119d\u0105 si\u0119 nudzi\u0107!\u00a0<\/strong><\/p>\n<ul>\n<li><strong>wymiana elektro\u015bmieci na zio\u0142a i inne ro\u015blinki<\/strong><\/li>\n<li><strong>&#8222;mini jarmark&#8221; ksi\u0105\u017cek<\/strong><\/li>\n<li><strong>wernisa\u017c wystawy zdj\u0119\u0107 &#8222;Odnalezione kadry&#8221;<\/strong><\/li>\n<li><strong>wyk\u0142ad &#8222;Bia\u0142y wapie\u0144 czarnej ziemi&#8221;<\/strong><\/li>\n<li><strong>Koncert zespo\u0142u TUKEJ z udzia\u0142em Dzieci\u0119cego Zespo\u0142u Pie\u015bni i ta\u0144ca &#8222;Siemianowice&#8221;<\/strong><\/li>\n<li><strong>pota\u0144c\u00f3wka pod szybem z zespo\u0142em Bigiel Band<\/strong><\/li>\n<li><strong>SILENT DISCO w nowej przestrzeni Parku Tradycji- na Ma\u0142ej Scenie!\u00a0<\/strong><\/li>\n<\/ul>\n<p>&nbsp;<\/p>\n<p>Zapraszamy do zapoznania si\u0119 z programem:<\/p>\n<p><strong>\u00a0<\/strong><\/p>\n<p><strong>Godz. 12.00-15.00\u00a0 \u2013 Zwiedzanie z przewodnikiem \u201eNa tropie skarb\u00f3w (Ziemi)\u201d<\/strong><\/p>\n<p>Wycieczka popularnonaukowa po terenach eksploatacji siemianowickich z\u0142\u00f3\u017c i minera\u0142\u00f3w oraz miejscach ich przetwarzania z ekspertk\u0105 \u2013 Ma\u0142gorzat\u0105 Derus.<\/p>\n<p>Pocz\u0105tek oprowadzania w Parku Tradycji, nast\u0119pnie trasa wiedzie przez tematycznie powi\u0105zane z opowiadan\u0105 w obiekcie narracj\u0105 miejsca eksploatacji z\u0142\u00f3\u017c i minera\u0142\u00f3w oraz miejsca ich przetwarzania \u2013 gdzie znajdowa\u0142y si\u0119 wielkie zak\u0142ady siemianowickiego przemys\u0142u, od kt\u00f3rych w latach siedemdziesi\u0105tych ukuto slogan \u201eSiemianowice \u2013 miasto w\u0119gla i stali\u201d.<\/p>\n<p>-Wycieczka cz\u0119\u015bciowo autokarowa (wyjazd poza obiekt do odleg\u0142ych dzielnic i powr\u00f3t do obiektu).<\/p>\n<p>-Zbi\u00f3rka o godz. 12:00 przed wej\u015bciem do Parku Tradycji.<\/p>\n<p><em>&#8211; NA WYCIECZK\u0118 BRAK WOLNYCH MIEJSC!\u00a0<\/em><\/p>\n<p>&nbsp;<\/p>\n<p><strong>Godz. 15.00-18.00 &#8211;<\/strong> <strong>Rodzinna wielkoformatowa gra planszowa \u201eSkarby ziemi\u201d<\/strong><\/p>\n<p>Opis gry planszowej &#8222;Minera\u0142y&#8221;: Pod Twoimi stopami znajduj\u0105 si\u0119 wspania\u0142e bogactwa. Zamkni\u0119te w skalnych skorupach minera\u0142y zal\u015bni\u0105 tysi\u0105cem barw, gdy tylko uda Ci si\u0119 je wydoby\u0107 na powierzchni\u0119. To twoje zadanie. Wyrusz w g\u0142\u0105b ziemi, aby odnale\u017a\u0107 mlecznobia\u0142e wollastonity, czarne niczym bezksi\u0119\u017cycowa noc antracyty, czy b\u0142\u0119kitne jak morska to\u0144 kianity.<\/p>\n<p><strong>\u00a0<\/strong><\/p>\n<p><strong>Godz. 15.00-18.00 &#8211;<\/strong> <strong>Odkrywka \u2013 stanowisko wykopaliskowe<\/strong><\/p>\n<p>Na terenie przed budynkiem Parku Tradycji powstanie ogromna piaskownica, kt\u00f3ra pos\u0142u\u017cy dzieciom za teren \u201ewykopalisk\u201d. \u201eOdkrywka\u201d b\u0119dzie form\u0105 gry edukacyjnej po\u0142\u0105czonej z wyzwaniem \u2013 zadaniem dzieci b\u0119dzie odnajdywanie w piasku fragment\u00f3w minera\u0142\u00f3w, a nast\u0119pnie \u2013 przy asy\u015bcie animator\u00f3w \u2013 zdobywanie informacji na ich temat oraz gromadzenie punkt\u00f3w uzale\u017cnionych od warto\u015bci danego \u201eodkrycia\u201d.<\/p>\n<p><strong>\u00a0<\/strong><\/p>\n<p><strong>Godz. 15.00-18.00 &#8211; Strefa warsztat\u00f3w kreatywnych \u201eSkarby Ziemi\u201d<\/strong><\/p>\n<p>Strefa tematycznych warsztat\u00f3w, prowadzonych przez siemianowickie NGO\u2019sy, siemianowickie szko\u0142y oraz zaprzyja\u017anione organizacje.<\/p>\n<p>&nbsp;<\/p>\n<p><strong>Godz. 16.00-17.00<\/strong> &#8211; <strong>Skarby Ziemi \u2013 geologiczny quiz bar<\/strong><\/p>\n<p>Odkryj Skarby Ziemi \u2013 Rodzinny Quiz, gdzie kopiesz po wiedz\u0119 zamiast w\u0119gla!<br \/>\nLubice zagadki i przygod\u0119? Macie \u017cy\u0142k\u0119 odkrywcy? A mo\u017ce po porostu wiedz\u0119 cenn\u0105 jak diament? Zbierz grup\u0119 znajomych, zabierz rodzin\u0119 i szykujcie si\u0119 na emocje po\u0142\u0105czone z dawk\u0105 humoru.<\/p>\n<p>To nie b\u0119dzie zwyk\u0142y quiz. To po\u0142\u0105czenie dobrej zabawy oraz podr\u00f3\u017cy poprzez z\u0142o\u017ca diament\u00f3w i w\u0119gla, fascynuj\u0105ce zjawiska przyrody oraz ciekawostki geologiczne! Specjalista z Uniwersytetu \u015al\u0105skiego odkryje przed Wami niesamowity \u015bwiat geologii a Wy \u2013 sprawdzicie si\u0119 jako odkrywcy!<\/p>\n<p>Czeka Was kilka rund pyta\u0144 poprzedzonych ka\u017cdorazowo tematycznym wprowadzeniem, a na najlepszych \u2013 nagrody!<\/p>\n<p><em>Dru\u017cyny od 3 do 5 os\u00f3b. Liczba miejsc ograniczona. Zapisy: 32 765 27 40, 512 115\u00a0847<\/em><\/p>\n<p><strong>\u00a0<\/strong><\/p>\n<p><strong>Godz. 15.00-18.00- Struktury \u2013 happening plastyczny Pracowni Plastycznej \u201eOkienko\u201d<\/strong><\/p>\n<p>Happening plastyczny, w ramach kt\u00f3rego uczestnicy pod okiem instruktorek artystycznych Pracowni Plastycznej \u201eOkienko\u201d stworz\u0105 wielkoformatowe modele zwi\u0105zk\u00f3w i pierwiastk\u00f3w chemicznych (wzory strukturalne) zwi\u0105zanych z wydobyciem i wytw\u00f3rstwem w historycznych zak\u0142adach na terenie Siemianowic \u015al\u0105skich.<\/p>\n<p><strong>\u00a0<\/strong><\/p>\n<p><strong>Godz. 15.00-18.00 &#8211;<\/strong> <strong>Surowcowy plac zabaw<\/strong><\/p>\n<p>Strefa samoobs\u0142ugowych urz\u0105dze\u0144 s\u0142u\u017c\u0105cych zar\u00f3wno edukacji, jak i zabawie. Uczestnicy b\u0119d\u0105 mogli skorzysta\u0107 z prostych mini-gier i mini-eksperyment\u00f3w obrazuj\u0105cych zjawiska fizyczne, wykorzystuj\u0105cych surowce wyst\u0119puj\u0105ce powszechnie w przemy\u015ble.<\/p>\n<p><strong>\u00a0<\/strong><\/p>\n<p><strong>Godz. 15.15-18.00 &#8211; Odzyskowisko \u2013 wymiana elektro\u015bmieci<\/strong><\/p>\n<p>Wymiana elektro\u015bmieci na ro\u015blinki i zio\u0142a \u2013 akcja proekologiczna.<\/p>\n<p><strong>\u00a0<\/strong><\/p>\n<p><strong>Godz. 15.15-18.00 &#8211; Poszukiwanie skarb\u00f3w- jarmark<\/strong><\/p>\n<p>Wraz z Miejsk\u0105 Bibliotek\u0105 Publiczn\u0105 zapraszamy na &#8222;mini jarmark&#8221; ksi\u0105\u017cek<\/p>\n<p><strong>\u00a0<\/strong><\/p>\n<p><strong>Godz. 16.30- Wernisa\u017c wystawy \u201eOdnalezione kadry\u201d (w budynku Parku Tradycji)<\/strong><\/p>\n<p>Na zaprojektowan\u0105 specjalnie na Industriad\u0119 wystaw\u0119 z\u0142o\u017c\u0105 si\u0119 publikowane wcze\u015bniej, a tak\u017ce nigdy dot\u0105d niepublikowane zdj\u0119cia dokumentalne siemianowickich zak\u0142ad\u00f3w przemys\u0142owych z czas\u00f3w ich \u015bwietno\u015bci oraz impresje artystyczne zwi\u0105zane z miejscami, w kt\u00f3rych w przesz\u0142o\u015bci dominowa\u0142y przemys\u0142owe konstrukcje, a obecnie pozosta\u0142a tajemnica. W\u015br\u00f3d prezentowanych obraz\u00f3w znajd\u0105 si\u0119 historyczne zdj\u0119cia dokumentalne wykonane przez zawodow\u0105 fotografk\u0119 &#8211; Ma\u0142gorzat\u0119 Wajzer, zdj\u0119cia sprzed dekady, prezentuj\u0105ce obrazy przemijaj\u0105cej epoki \u015bwietno\u015bci siemianowickich zak\u0142ad\u00f3w przemys\u0142owych ju\u017c po ich zamkni\u0119ciu, wykonane przez Monik\u0119 Bilsk\u0105, historyczk\u0119 sztuki, fotografk\u0119 Siemianowickiego Centrum Kultury oraz wsp\u00f3\u0142czesne impresje inspirowane tymi miejscami, wyra\u017cone w zdj\u0119ciach i obrazach siemianowickiej Grupy Artystycznej Laura.<\/p>\n<p>&nbsp;<\/p>\n<p><strong>Godz. 17.00 \u2013 Wyk\u0142ad<\/strong> \u201e<strong>Bia\u0142y wapie\u0144 czarnej ziemi\u201d (w budynku Parku Tradycji)<\/strong><\/p>\n<p>Siemianowicka ziemia skrywa\u0142a (skrywa) nie tylko pok\u0142ady w\u0119gla, o czym przecie\u017c powszechnie wiadomo. Zaledwie kilkaset metr\u00f3w od dzisiejszego Parku Tradycji (\u00f3wczesnej kopalni Max \/ Micha\u0142) \u2013 przesz\u0142o 100 lat temu wydobywano wapie\u0144. Na terenie by\u0142ego kamienio\u0142omu utworzono z czasem Park Ludowy, kt\u00f3ry do dzi\u015b s\u0142u\u017cy lokalnej spo\u0142eczno\u015bci. Do dzi\u015b tak\u017ce wida\u0107 wyra\u017anie na zboczach dawnej odkrywki \u2013 ods\u0142oni\u0119cia ska\u0142 wapiennych. O wydobyciu wapienia w Micha\u0142kowicach (dzielnica Siemianowic, w kt\u00f3rej mie\u015bci si\u0119 Park Tradycji i Park Ludowy), o jego znaczeniu i zastosowaniu oraz o niezwyk\u0142ym stworzeniu, kt\u00f3rego skamieliny odkryto na terenie kamienio\u0142omu, a tak\u017ce o losach p\u00f3\u017aniejszego parku opowie znawca historii Siemianowic i dziej\u00f3w industrializacji \u2013 dr Marcin W\u0105do\u0142owski.<\/p>\n<p><strong>\u00a0<\/strong><\/p>\n<p><strong>Godz. 18.00 &#8211; Koncert zespo\u0142u Tukej z udzia\u0142em Dzieci\u0119cego Zespo\u0142u Pie\u015bni i Ta\u0144ca \u201eSiemianowice\u201d<\/strong><\/p>\n<p>Przygotowany specjalnie na Industriad\u0119 koncert \u201eSkarby Ziemi\u201d, w ramach kt\u00f3rego dojdzie do zaskakuj\u0105cego maria\u017cu \u015bl\u0105skiego funku rodem z Piekar \u015al\u0105skich z muzyk\u0105 ludow\u0105 w wykonaniu dzieci\u0119cego zespo\u0142u folklorystycznego z Siemianowic \u015al\u0105skich. Zesp\u00f3\u0142 Tukej sam o sobie pisze: \u201eUs\u0142yszycie opowie\u015bci w j\u0119zyku \u015bl\u0105skim i polskim opakowane w \u017cywe instrumentarium. Zesp\u00f3\u0142 zosta\u0142 nominowany i nagrodzony w finale plebiscytu Dziennika Zachodniego jako osobowo\u015b\u0107 i projekt muzyczny roku 2017, laureat Rock Areny i II \u015al\u0105skiego Przegl\u0105du Kapel. Ich utw\u00f3r *Twardy reset* sta\u0142 si\u0119 singlem promuj\u0105cym sk\u0142adank\u0119 &#8222;B\u0119dzie g\u0142o\u015bno vol. 2\u201d wydan\u0105 przez Polskie Radio.<\/p>\n<p>&nbsp;<\/p>\n<p><strong>Godz. 19.00 \u2013 Pota\u0144c\u00f3wka pod szybem Krystyn z zespo\u0142em Bigiel Band<\/strong><\/p>\n<p>P\u0142ynne przej\u015bcie do stricte rozrywkowej cz\u0119\u015bci wydarzenia \u2013 po ca\u0142ym dniu odkrywania tajemnic ziemi i przemys\u0142u \u015bl\u0105ski zesp\u00f3\u0142 Bigiel Band zadba o rytm industrialnej zabawy.<\/p>\n<p><strong>\u00a0<\/strong><\/p>\n<p><strong>Godz. 20.00-22.00 &#8211;<\/strong> <strong>Silent Disco w \u201eMa\u0142ej Scenie\u201d Parku Tradycji <\/strong><\/p>\n<p>Po raz pierwszy zaprosimy uczestnik\u00f3w INDUSTRIADY do nowo otwartej przestrzeni Parku Tradycji pn. \u201eMa\u0142a Scena\u201d. W klimatycznych, postindustrialnych wn\u0119trzach podziemi obiektu odb\u0119dzie si\u0119 impreza w konwencji silent disco. Silent disco to wydarzenie, podczas kt\u00f3rego ludzie ta\u0144cz\u0105 do muzyki s\u0142uchanej na bezprzewodowych s\u0142uchawkach. Muzyka jest nadawana za pomoc\u0105 nadajnika radiowego, a sygna\u0142 jest odbierany przez bezprzewodowe s\u0142uchawki noszone przez uczestnik\u00f3w. Do wyboru b\u0119d\u0105 trzy playlisty, ka\u017cda w innym stylu muzycznym, kt\u00f3re zaproponuje Wam\u00a0<strong>DJ Robi Lora<\/strong>\u00a0z Jigger Club&amp;Food.<\/p>\n<p><em>Bilety w cenie 20 z\u0142. dost\u0119pne s\u0105 w kasach SCK i on-line: <\/em><a href=\"https:\/\/bilety.siemck.pl\/index.php\/repertoire.html?id=3670\"><em>https:\/\/bilety.siemck.pl\/index.php\/repertoire.html?id=3670<\/em><\/a><\/p>\n<p><em>\u00a0<\/em><\/p>\n","protected":false},"excerpt":{"rendered":"<p>Ju\u017c w najbli\u017csz\u0105 sobot\u0119 zapraszamy na Industriad\u0119 w Siemianowicach \u015al\u0105skich!\u00a0 od godziny 15.00 w SCK- Parku Tradycji czeka Was wiele atrakcji dla dzieci: strefa 20 warsztat\u00f3w kreatywnych, przygotowanych przez siemianowickie NGO\u2019sy i szko\u0142y \u015brednie\u00a0 darmowa wata cukrowa i popcorn wielkoformatowa rodzinna gra planszowa stanowisko wykopaliskowe dla dzieci darmowe dmucha\u0144ce\u00a0 happening plastyczny Pracowni &#8222;Okienko&#8221; surowcowy plac [&hellip;]<\/p>\n","protected":false},"author":6,"featured_media":28401,"comment_status":"closed","ping_status":"open","sticky":false,"template":"","format":"standard","meta":[],"categories":[1],"tags":[],"_links":{"self":[{"href":"https:\/\/www.siemck.pl\/wp-json\/wp\/v2\/posts\/28406"}],"collection":[{"href":"https:\/\/www.siemck.pl\/wp-json\/wp\/v2\/posts"}],"about":[{"href":"https:\/\/www.siemck.pl\/wp-json\/wp\/v2\/types\/post"}],"author":[{"embeddable":true,"href":"https:\/\/www.siemck.pl\/wp-json\/wp\/v2\/users\/6"}],"replies":[{"embeddable":true,"href":"https:\/\/www.siemck.pl\/wp-json\/wp\/v2\/comments?post=28406"}],"version-history":[{"count":7,"href":"https:\/\/www.siemck.pl\/wp-json\/wp\/v2\/posts\/28406\/revisions"}],"predecessor-version":[{"id":28508,"href":"https:\/\/www.siemck.pl\/wp-json\/wp\/v2\/posts\/28406\/revisions\/28508"}],"wp:featuredmedia":[{"embeddable":true,"href":"https:\/\/www.siemck.pl\/wp-json\/wp\/v2\/media\/28401"}],"wp:attachment":[{"href":"https:\/\/www.siemck.pl\/wp-json\/wp\/v2\/media?parent=28406"}],"wp:term":[{"taxonomy":"category","embeddable":true,"href":"https:\/\/www.siemck.pl\/wp-json\/wp\/v2\/categories?post=28406"},{"taxonomy":"post_tag","embeddable":true,"href":"https:\/\/www.siemck.pl\/wp-json\/wp\/v2\/tags?post=28406"}],"curies":[{"name":"wp","href":"https:\/\/api.w.org\/{rel}","templated":true}]}}