{"id":28334,"date":"2025-04-17T11:15:11","date_gmt":"2025-04-17T09:15:11","guid":{"rendered":"https:\/\/www.siemck.pl\/?p=28334"},"modified":"2025-04-17T11:16:53","modified_gmt":"2025-04-17T09:16:53","slug":"wesolych-swiat","status":"publish","type":"post","link":"https:\/\/www.siemck.pl\/wesolych-swiat\/","title":{"rendered":"Weso\u0142ych \u015awi\u0105t"},"content":{"rendered":"<p>Z okazji \u015awi\u0105t Wielkanocnych sk\u0142adamy Pa\u0144stwu serdeczne \u017cyczenia \u2013 niech ten wyj\u0105tkowy czas przyniesie wytchnienie, spok\u00f3j oraz chwile sp\u0119dzone w gronie najbli\u017cszych.<\/p>\n<p>\u017byczymy pomy\u015blno\u015bci, wielu sukces\u00f3w zawodowych, du\u017co zdrowia, codziennego szcz\u0119\u015bcia, a tak\u017ce niezapomnianych wra\u017ce\u0144 artystycznych, kt\u00f3re z rado\u015bci\u0105 b\u0119dziemy Pa\u0144stwu dostarcza\u0107 podczas naszych wydarze\u0144 kulturalnych.<\/p>\n<p><img loading=\"lazy\" class=\"alignnone size-medium wp-image-28335\" src=\"https:\/\/www.siemck.pl\/wp-content\/uploads\/kartka-wielkanoc-2025-283x400.jpg\" alt=\"\" width=\"283\" height=\"400\" srcset=\"https:\/\/www.siemck.pl\/wp-content\/uploads\/kartka-wielkanoc-2025-283x400.jpg 283w, https:\/\/www.siemck.pl\/wp-content\/uploads\/kartka-wielkanoc-2025-1414x2000.jpg 1414w, https:\/\/www.siemck.pl\/wp-content\/uploads\/kartka-wielkanoc-2025-768x1086.jpg 768w, https:\/\/www.siemck.pl\/wp-content\/uploads\/kartka-wielkanoc-2025-600x848.jpg 600w, https:\/\/www.siemck.pl\/wp-content\/uploads\/kartka-wielkanoc-2025-1086x1536.jpg 1086w, https:\/\/www.siemck.pl\/wp-content\/uploads\/kartka-wielkanoc-2025-1448x2048.jpg 1448w, https:\/\/www.siemck.pl\/wp-content\/uploads\/kartka-wielkanoc-2025-17x24.jpg 17w, https:\/\/www.siemck.pl\/wp-content\/uploads\/kartka-wielkanoc-2025-25x36.jpg 25w, https:\/\/www.siemck.pl\/wp-content\/uploads\/kartka-wielkanoc-2025-34x48.jpg 34w, https:\/\/www.siemck.pl\/wp-content\/uploads\/kartka-wielkanoc-2025-scaled.jpg 1811w\" sizes=\"(max-width: 283px) 100vw, 283px\" \/><\/p>\n<p>&nbsp;<\/p>\n","protected":false},"excerpt":{"rendered":"<p>Z okazji \u015awi\u0105t Wielkanocnych sk\u0142adamy Pa\u0144stwu serdeczne \u017cyczenia \u2013 niech ten wyj\u0105tkowy czas przyniesie wytchnienie, spok\u00f3j oraz chwile sp\u0119dzone w gronie najbli\u017cszych. \u017byczymy pomy\u015blno\u015bci, wielu sukces\u00f3w zawodowych, du\u017co zdrowia, codziennego szcz\u0119\u015bcia, a tak\u017ce niezapomnianych wra\u017ce\u0144 artystycznych, kt\u00f3re z rado\u015bci\u0105 b\u0119dziemy Pa\u0144stwu dostarcza\u0107 podczas naszych wydarze\u0144 kulturalnych. &nbsp;<\/p>\n","protected":false},"author":12,"featured_media":28335,"comment_status":"closed","ping_status":"open","sticky":false,"template":"","format":"standard","meta":[],"categories":[1],"tags":[],"_links":{"self":[{"href":"https:\/\/www.siemck.pl\/wp-json\/wp\/v2\/posts\/28334"}],"collection":[{"href":"https:\/\/www.siemck.pl\/wp-json\/wp\/v2\/posts"}],"about":[{"href":"https:\/\/www.siemck.pl\/wp-json\/wp\/v2\/types\/post"}],"author":[{"embeddable":true,"href":"https:\/\/www.siemck.pl\/wp-json\/wp\/v2\/users\/12"}],"replies":[{"embeddable":true,"href":"https:\/\/www.siemck.pl\/wp-json\/wp\/v2\/comments?post=28334"}],"version-history":[{"count":2,"href":"https:\/\/www.siemck.pl\/wp-json\/wp\/v2\/posts\/28334\/revisions"}],"predecessor-version":[{"id":28337,"href":"https:\/\/www.siemck.pl\/wp-json\/wp\/v2\/posts\/28334\/revisions\/28337"}],"wp:featuredmedia":[{"embeddable":true,"href":"https:\/\/www.siemck.pl\/wp-json\/wp\/v2\/media\/28335"}],"wp:attachment":[{"href":"https:\/\/www.siemck.pl\/wp-json\/wp\/v2\/media?parent=28334"}],"wp:term":[{"taxonomy":"category","embeddable":true,"href":"https:\/\/www.siemck.pl\/wp-json\/wp\/v2\/categories?post=28334"},{"taxonomy":"post_tag","embeddable":true,"href":"https:\/\/www.siemck.pl\/wp-json\/wp\/v2\/tags?post=28334"}],"curies":[{"name":"wp","href":"https:\/\/api.w.org\/{rel}","templated":true}]}}