{"id":27843,"date":"2025-03-29T10:26:18","date_gmt":"2025-03-29T09:26:18","guid":{"rendered":"https:\/\/www.siemck.pl\/?p=27843"},"modified":"2025-04-02T11:58:23","modified_gmt":"2025-04-02T09:58:23","slug":"kreatywnie-na-wiosne","status":"publish","type":"post","link":"https:\/\/www.siemck.pl\/kreatywnie-na-wiosne\/","title":{"rendered":"Kreatywnie na wiosn\u0119!"},"content":{"rendered":"<div class=\"xdj266r x11i5rnm xat24cr x1mh8g0r x1vvkbs\">Wiosenne Inspiracje, czyli warsztaty i dzia\u0142ania kreatywne -powracaj\u0105\u00a0<span class=\"html-span xexx8yu x4uap5 x18d9i69 xkhd6sd x1hl2dhg x16tdsg8 x1vvkbs x3nfvp2 x1j61x8r x1fcty0u xdj266r xat24cr xgzva0m xhhsvwb xxymvpz xlup9mm x1kky2od\"><img loading=\"lazy\" class=\"xz74otr\" src=\"https:\/\/static.xx.fbcdn.net\/images\/emoji.php\/v9\/t2\/1\/16\/1f60d.png\" alt=\"&#x1f60d;\" width=\"16\" height=\"16\" \/><\/span><\/div>\n<div><\/div>\n<div class=\"x11i5rnm xat24cr x1mh8g0r x1vvkbs xtlvy1s\">Tym razem pod has\u0142em Ro\u015blinne Historie\u00a0<span class=\"html-span xexx8yu x4uap5 x18d9i69 xkhd6sd x1hl2dhg x16tdsg8 x1vvkbs x3nfvp2 x1j61x8r x1fcty0u xdj266r xat24cr xgzva0m xhhsvwb xxymvpz xlup9mm x1kky2od\"><img loading=\"lazy\" class=\"xz74otr\" src=\"https:\/\/static.xx.fbcdn.net\/images\/emoji.php\/v9\/t69\/1\/16\/1f331.png\" alt=\"&#x1f331;\" width=\"16\" height=\"16\" \/><\/span><br class=\"html-br\" \/>\u0141\u0105czymy zami\u0142owanie do r\u0119kodzie\u0142a z zachwytem nad natur\u0105\u00a0<span class=\"html-span xexx8yu x4uap5 x18d9i69 xkhd6sd x1hl2dhg x16tdsg8 x1vvkbs x3nfvp2 x1j61x8r x1fcty0u xdj266r xat24cr xgzva0m xhhsvwb xxymvpz xlup9mm x1kky2od\"><img loading=\"lazy\" class=\"xz74otr\" src=\"https:\/\/static.xx.fbcdn.net\/images\/emoji.php\/v9\/t99\/1\/16\/1f33a.png\" alt=\"&#x1f33a;\" width=\"16\" height=\"16\" \/><\/span><\/div>\n<div class=\"x11i5rnm xat24cr x1mh8g0r x1vvkbs xtlvy1s\">Zobaczcie co dla Was przygotowali\u015bmy\u00a0<span class=\"html-span xexx8yu x4uap5 x18d9i69 xkhd6sd x1hl2dhg x16tdsg8 x1vvkbs x3nfvp2 x1j61x8r x1fcty0u xdj266r xat24cr xgzva0m xhhsvwb xxymvpz xlup9mm x1kky2od\"><img loading=\"lazy\" class=\"xz74otr\" src=\"https:\/\/static.xx.fbcdn.net\/images\/emoji.php\/v9\/t20\/1\/16\/2b07.png\" alt=\"&#x2b07;&#xfe0f;\" width=\"16\" height=\"16\" \/><\/span><span class=\"html-span xexx8yu x4uap5 x18d9i69 xkhd6sd x1hl2dhg x16tdsg8 x1vvkbs x3nfvp2 x1j61x8r x1fcty0u xdj266r xat24cr xgzva0m xhhsvwb xxymvpz xlup9mm x1kky2od\"><img loading=\"lazy\" class=\"xz74otr\" src=\"https:\/\/static.xx.fbcdn.net\/images\/emoji.php\/v9\/t20\/1\/16\/2b07.png\" alt=\"&#x2b07;&#xfe0f;\" width=\"16\" height=\"16\" \/><\/span><span class=\"html-span xexx8yu x4uap5 x18d9i69 xkhd6sd x1hl2dhg x16tdsg8 x1vvkbs x3nfvp2 x1j61x8r x1fcty0u xdj266r xat24cr xgzva0m xhhsvwb xxymvpz xlup9mm x1kky2od\"><img loading=\"lazy\" class=\"xz74otr\" src=\"https:\/\/static.xx.fbcdn.net\/images\/emoji.php\/v9\/t20\/1\/16\/2b07.png\" alt=\"&#x2b07;&#xfe0f;\" width=\"16\" height=\"16\" \/><\/span><\/div>\n<div class=\"x11i5rnm xat24cr x1mh8g0r x1vvkbs xtlvy1s\"><span class=\"html-span xexx8yu x4uap5 x18d9i69 xkhd6sd x1hl2dhg x16tdsg8 x1vvkbs x3nfvp2 x1j61x8r x1fcty0u xdj266r xat24cr xgzva0m xhhsvwb xxymvpz xlup9mm x1kky2od\"><img loading=\"lazy\" class=\"xz74otr\" src=\"https:\/\/static.xx.fbcdn.net\/images\/emoji.php\/v9\/t99\/1\/16\/1f33a.png\" alt=\"&#x1f33a;\" width=\"16\" height=\"16\" \/><\/span>\u00a05 kwietnia<br class=\"html-br\" \/>SCK Bytk\u00f3w \u2013 Pracownia Plastyczna OKIENKO, ul. Niepodleg\u0142o\u015bci 45<br class=\"html-br\" \/>godz. 10.00 \u2013 warsztaty decoupage \u201eWiosenne ozdabianie\u201d &#8211; <a href=\"https:\/\/bilety.siemck.pl\/index.php\/repertoire.html?id=3597\">bilety<\/a><\/div>\n<div class=\"x11i5rnm xat24cr x1mh8g0r x1vvkbs xtlvy1s\">godz. 12.30 \u2013 warsztaty cyjanotypii \u201eObrazy s\u0142o\u0144cem malowane\u201d &#8211; <a href=\"https:\/\/bilety.siemck.pl\/index.php\/repertoire.html?id=3598\">bilety<\/a><br class=\"html-br\" \/>Bilety na warsztaty 49 z\u0142.<\/div>\n<div class=\"x11i5rnm xat24cr x1mh8g0r x1vvkbs xtlvy1s\"><span class=\"html-span xexx8yu x4uap5 x18d9i69 xkhd6sd x1hl2dhg x16tdsg8 x1vvkbs x3nfvp2 x1j61x8r x1fcty0u xdj266r xat24cr xgzva0m xhhsvwb xxymvpz xlup9mm x1kky2od\"><img loading=\"lazy\" class=\"xz74otr\" src=\"https:\/\/static.xx.fbcdn.net\/images\/emoji.php\/v9\/t99\/1\/16\/1f33a.png\" alt=\"&#x1f33a;\" width=\"16\" height=\"16\" \/><\/span>\u00a06 kwietnia<br class=\"html-br\" \/>SCK Zameczek, ul. O\u015bwi\u0119cimska 1<br class=\"html-br\" \/>godz. 10.00 \u2013warsztaty florystyczne \u201eObrazy z chrobotkiem\u201d &#8211; <a href=\"https:\/\/bilety.siemck.pl\/index.php\/repertoire.html?id=3599\">bilety<\/a><\/div>\n<div class=\"x11i5rnm xat24cr x1mh8g0r x1vvkbs xtlvy1s\">godz. 09.00 \u2013 12.00 \u2013 wymianka ro\u015blin<br class=\"html-br\" \/>godz. 12.00 \u2013 spacer przyrodniczy z Adamem Balonem \u201eW poszukiwaniu wiosny\u201d po Parku G\u00f3rnik<br class=\"html-br\" \/>Bilety na warsztaty 49 z\u0142.<br class=\"html-br\" \/>Wymianka i spacer: wst\u0119p wolny<\/div>\n","protected":false},"excerpt":{"rendered":"<p>Wiosenne Inspiracje, czyli warsztaty i dzia\u0142ania kreatywne -powracaj\u0105\u00a0 Tym razem pod has\u0142em Ro\u015blinne Historie\u00a0\u0141\u0105czymy zami\u0142owanie do r\u0119kodzie\u0142a z zachwytem nad natur\u0105\u00a0 Zobaczcie co dla Was przygotowali\u015bmy\u00a0 \u00a05 kwietniaSCK Bytk\u00f3w \u2013 Pracownia Plastyczna OKIENKO, ul. Niepodleg\u0142o\u015bci 45godz. 10.00 \u2013 warsztaty decoupage \u201eWiosenne ozdabianie\u201d &#8211; bilety godz. 12.30 \u2013 warsztaty cyjanotypii \u201eObrazy s\u0142o\u0144cem malowane\u201d &#8211; biletyBilety na [&hellip;]<\/p>\n","protected":false},"author":12,"featured_media":27844,"comment_status":"closed","ping_status":"open","sticky":false,"template":"","format":"standard","meta":[],"categories":[89,79,109],"tags":[],"_links":{"self":[{"href":"https:\/\/www.siemck.pl\/wp-json\/wp\/v2\/posts\/27843"}],"collection":[{"href":"https:\/\/www.siemck.pl\/wp-json\/wp\/v2\/posts"}],"about":[{"href":"https:\/\/www.siemck.pl\/wp-json\/wp\/v2\/types\/post"}],"author":[{"embeddable":true,"href":"https:\/\/www.siemck.pl\/wp-json\/wp\/v2\/users\/12"}],"replies":[{"embeddable":true,"href":"https:\/\/www.siemck.pl\/wp-json\/wp\/v2\/comments?post=27843"}],"version-history":[{"count":3,"href":"https:\/\/www.siemck.pl\/wp-json\/wp\/v2\/posts\/27843\/revisions"}],"predecessor-version":[{"id":27858,"href":"https:\/\/www.siemck.pl\/wp-json\/wp\/v2\/posts\/27843\/revisions\/27858"}],"wp:featuredmedia":[{"embeddable":true,"href":"https:\/\/www.siemck.pl\/wp-json\/wp\/v2\/media\/27844"}],"wp:attachment":[{"href":"https:\/\/www.siemck.pl\/wp-json\/wp\/v2\/media?parent=27843"}],"wp:term":[{"taxonomy":"category","embeddable":true,"href":"https:\/\/www.siemck.pl\/wp-json\/wp\/v2\/categories?post=27843"},{"taxonomy":"post_tag","embeddable":true,"href":"https:\/\/www.siemck.pl\/wp-json\/wp\/v2\/tags?post=27843"}],"curies":[{"name":"wp","href":"https:\/\/api.w.org\/{rel}","templated":true}]}}