{"id":27772,"date":"2025-01-28T13:14:42","date_gmt":"2025-01-28T12:14:42","guid":{"rendered":"https:\/\/www.siemck.pl\/?p=27772"},"modified":"2025-01-28T13:14:42","modified_gmt":"2025-01-28T12:14:42","slug":"zmiana-terminow-zajec-w-ferie-w-pracowni-kreatywnej-h2o","status":"publish","type":"post","link":"https:\/\/www.siemck.pl\/zmiana-terminow-zajec-w-ferie-w-pracowni-kreatywnej-h2o\/","title":{"rendered":"Zmiana termin\u00f3w zaj\u0119\u0107 w ferie w Pracowni Kreatywnej H2O"},"content":{"rendered":"<p>W czasie ferii zimowych zapraszamy do Pracowni Kreatywnej H2O na wyj\u0105tkowe zaj\u0119cia! Wprowadzili\u015bmy nowe terminy spotka\u0144, aby ka\u017cdy m\u00f3g\u0142 znale\u017a\u0107 czas na kreatywn\u0105 zabaw\u0119 i naukowe eksperymenty. Oto harmonogram:<\/p>\n<p>&#x1f539; <strong>17 lutego (poniedzia\u0142ek), godz. 17:00<\/strong> \u2013 Zaj\u0119cia dla dzieci w wieku 5-7 lat<br \/>\n&#x1f539; <strong>18 lutego (wtorek), godz. 11:00<\/strong> \u2013 Zaj\u0119cia dla dzieci powy\u017cej 8 lat<br \/>\n&#x1f539; <strong>24 lutego (poniedzia\u0142ek), godz. 17:00<\/strong> \u2013 Zaj\u0119cia dla dzieci w wieku 5-7 lat<br \/>\n&#x1f539; <strong>25 lutego (wtorek), godz. 11:00<\/strong> \u2013 Zaj\u0119cia dla dzieci powy\u017cej 8 lat<\/p>\n<p>Bilety w cenie 25 z\u0142 mo\u017cna naby\u0107 online na stronie: <a href=\"http:\/\/www.bilety.siemck.pl\" target=\"_new\" rel=\"noopener\">www.bilety.siemck.pl<\/a>.<\/p>\n<p>Nie przegapcie okazji, aby tw\u00f3rczo i ciekawie sp\u0119dzi\u0107 ferie! Liczba miejsc ograniczona \u2013 zapraszamy! &#x1f527;&#x2728;<\/p>\n","protected":false},"excerpt":{"rendered":"<p>W czasie ferii zimowych zapraszamy do Pracowni Kreatywnej H2O na wyj\u0105tkowe zaj\u0119cia! Wprowadzili\u015bmy nowe terminy spotka\u0144, aby ka\u017cdy m\u00f3g\u0142 znale\u017a\u0107 czas na kreatywn\u0105 zabaw\u0119 i naukowe eksperymenty. Oto harmonogram: &#x1f539; 17 lutego (poniedzia\u0142ek), godz. 17:00 \u2013 Zaj\u0119cia dla dzieci w wieku 5-7 lat &#x1f539; 18 lutego (wtorek), godz. 11:00 \u2013 Zaj\u0119cia dla dzieci powy\u017cej 8 [&hellip;]<\/p>\n","protected":false},"author":12,"featured_media":25155,"comment_status":"closed","ping_status":"open","sticky":false,"template":"","format":"standard","meta":[],"categories":[79,109],"tags":[],"_links":{"self":[{"href":"https:\/\/www.siemck.pl\/wp-json\/wp\/v2\/posts\/27772"}],"collection":[{"href":"https:\/\/www.siemck.pl\/wp-json\/wp\/v2\/posts"}],"about":[{"href":"https:\/\/www.siemck.pl\/wp-json\/wp\/v2\/types\/post"}],"author":[{"embeddable":true,"href":"https:\/\/www.siemck.pl\/wp-json\/wp\/v2\/users\/12"}],"replies":[{"embeddable":true,"href":"https:\/\/www.siemck.pl\/wp-json\/wp\/v2\/comments?post=27772"}],"version-history":[{"count":1,"href":"https:\/\/www.siemck.pl\/wp-json\/wp\/v2\/posts\/27772\/revisions"}],"predecessor-version":[{"id":27773,"href":"https:\/\/www.siemck.pl\/wp-json\/wp\/v2\/posts\/27772\/revisions\/27773"}],"wp:featuredmedia":[{"embeddable":true,"href":"https:\/\/www.siemck.pl\/wp-json\/wp\/v2\/media\/25155"}],"wp:attachment":[{"href":"https:\/\/www.siemck.pl\/wp-json\/wp\/v2\/media?parent=27772"}],"wp:term":[{"taxonomy":"category","embeddable":true,"href":"https:\/\/www.siemck.pl\/wp-json\/wp\/v2\/categories?post=27772"},{"taxonomy":"post_tag","embeddable":true,"href":"https:\/\/www.siemck.pl\/wp-json\/wp\/v2\/tags?post=27772"}],"curies":[{"name":"wp","href":"https:\/\/api.w.org\/{rel}","templated":true}]}}