{"id":27757,"date":"2025-01-27T12:59:38","date_gmt":"2025-01-27T11:59:38","guid":{"rendered":"https:\/\/www.siemck.pl\/?p=27757"},"modified":"2025-02-12T10:24:47","modified_gmt":"2025-02-12T09:24:47","slug":"walentynki-z-sck-romantycznie-zabawnie-i-muzycznie","status":"publish","type":"post","link":"https:\/\/www.siemck.pl\/walentynki-z-sck-romantycznie-zabawnie-i-muzycznie\/","title":{"rendered":"Walentynki z SCK \u2013 romantycznie, zabawnie i muzycznie!"},"content":{"rendered":"<p>Zbli\u017caj\u0105 si\u0119 Walentynki \u2013 dzie\u0144 pe\u0142en mi\u0142o\u015bci, u\u015bmiechu i wyj\u0105tkowych chwil. Siemianowickie Centrum Kultury przygotowa\u0142o dla Was r\u00f3\u017cnorodne wydarzenia, kt\u00f3re idealnie wpisuj\u0105 si\u0119 w walentynkowy klimat. Niezale\u017cnie od tego, czy planujecie romantyczny wiecz\u00f3r we dwoje, czy po prostu szukacie sposobu na mi\u0142e sp\u0119dzenie czasu, mamy co\u015b dla ka\u017cdego!<\/p>\n<h4><strong>1. Muzyczna Kawiarnia w Jarz\u0119binie \u2013 romantyczne spotkanie przy melodii<\/strong><\/h4>\n<p>W pi\u0105tek, 14 lutego od godziny 18:00, zapraszamy do naszej kawiarni \u201eJarz\u0119bina\u201d na wyj\u0105tkowy wiecz\u00f3r w klimacie walentynkowym. W przytulnej atmosferze przy blasku \u015bwiec, mo\u017cecie delektowa\u0107 si\u0119 s\u0142odkimi deserami, aromatyczn\u0105 kaw\u0105 lub gor\u0105c\u0105 czekolad\u0105. Wiecz\u00f3r u\u015bwietni\u0105 romantyczne melodie, kt\u00f3re stworz\u0105 idealny nastr\u00f3j na wsp\u00f3lne celebrowanie mi\u0142o\u015bci.<\/p>\n<p>Niech ten wiecz\u00f3r stanie si\u0119 chwil\u0105 wytchnienia od codzienno\u015bci, sp\u0119dzon\u0105 w towarzystwie bliskiej osoby.<\/p>\n<h4><strong>2. Kabaretowy wiecz\u00f3r z Jackiem \u0141apotem \u2013 \u015bmiech i wzruszenia<\/strong><\/h4>\n<p>Walentynkowy weekend to r\u00f3wnie\u017c doskona\u0142y czas na dobr\u0105 zabaw\u0119! W sobot\u0119, 15 lutego, zapraszamy na satyryczny wiecz\u00f3r pe\u0142en humoru i refleksji na temat relacji damsko-m\u0119skich. Wyst\u0105pi dla Was Jacek \u0141apot \u2013 znany artysta kabaretowy i tw\u00f3rca programu \u201eKA\u0141AMASZ\u201d.<\/p>\n<p>To wydarzenie dedykowane nie tylko zakochanym \u2013 to wiecz\u00f3r, kt\u00f3ry bawi i \u0142\u0105czy, pe\u0142en prawdziwych i nieco przekoloryzowanych historii o zwi\u0105zkach. \u015amiech gwarantowany!<\/p>\n<h4><strong>3. Halina Fr\u0105ckowiak w SCK Zameczek \u2013 magiczny koncert<\/strong><\/h4>\n<p>Na zako\u0144czenie walentynkowych obchod\u00f3w zapraszamy Was w niedziel\u0119, 16 lutego 2025 roku o godzinie 17:00 do SCK Zameczek, gdzie w blasku kryszta\u0142owych \u017cyrandoli wyst\u0105pi Halina Fr\u0105ckowiak \u2013 gwiazda polskiej muzyki rozrywkowej.<\/p>\n<p>Podczas koncertu us\u0142yszymy najwi\u0119ksze przeboje artystki, kt\u00f3re na pewno rozgrzej\u0105 serca i przenios\u0105 Was w \u015bwiat muzycznych emocji. To idealna okazja na wyj\u0105tkowe zako\u0144czenie walentynkowego tygodnia.<\/p>\n<p><strong>Bilety<\/strong>:<\/p>\n<ul>\n<li>Halina Fr\u0105ckowiak: 150 z\u0142 \/ 130 z\u0142 (seniorzy)<\/li>\n<li>Do nabycia w kasach SCK oraz online: <a href=\"http:\/\/www.bilety.siemck.pl\" target=\"_new\" rel=\"noopener\">www.bilety.siemck.pl<\/a><\/li>\n<\/ul>\n<h3>Walentynki z SCK \u2013 podaruj sobie i bliskim niezapomniane chwile<\/h3>\n<p>Sp\u0119d\u017a Walentynki z Siemianowickim Centrum Kultury! Wybierz co\u015b dla siebie i zarezerwuj czas na wsp\u00f3lne celebrowanie tego wyj\u0105tkowego dnia. Niezale\u017cnie od tego, czy wolicie romantyczny wiecz\u00f3r, dobr\u0105 zabaw\u0119 przy kabarecie, czy klimatyczny koncert, SCK ma dla Was idealne propozycje. Do zobaczenia!<\/p>\n","protected":false},"excerpt":{"rendered":"<p>Zbli\u017caj\u0105 si\u0119 Walentynki \u2013 dzie\u0144 pe\u0142en mi\u0142o\u015bci, u\u015bmiechu i wyj\u0105tkowych chwil. Siemianowickie Centrum Kultury przygotowa\u0142o dla Was r\u00f3\u017cnorodne wydarzenia, kt\u00f3re idealnie wpisuj\u0105 si\u0119 w walentynkowy klimat. Niezale\u017cnie od tego, czy planujecie romantyczny wiecz\u00f3r we dwoje, czy po prostu szukacie sposobu na mi\u0142e sp\u0119dzenie czasu, mamy co\u015b dla ka\u017cdego! 1. Muzyczna Kawiarnia w Jarz\u0119binie \u2013 romantyczne [&hellip;]<\/p>\n","protected":false},"author":12,"featured_media":27767,"comment_status":"closed","ping_status":"open","sticky":false,"template":"","format":"standard","meta":[],"categories":[1],"tags":[],"_links":{"self":[{"href":"https:\/\/www.siemck.pl\/wp-json\/wp\/v2\/posts\/27757"}],"collection":[{"href":"https:\/\/www.siemck.pl\/wp-json\/wp\/v2\/posts"}],"about":[{"href":"https:\/\/www.siemck.pl\/wp-json\/wp\/v2\/types\/post"}],"author":[{"embeddable":true,"href":"https:\/\/www.siemck.pl\/wp-json\/wp\/v2\/users\/12"}],"replies":[{"embeddable":true,"href":"https:\/\/www.siemck.pl\/wp-json\/wp\/v2\/comments?post=27757"}],"version-history":[{"count":1,"href":"https:\/\/www.siemck.pl\/wp-json\/wp\/v2\/posts\/27757\/revisions"}],"predecessor-version":[{"id":27769,"href":"https:\/\/www.siemck.pl\/wp-json\/wp\/v2\/posts\/27757\/revisions\/27769"}],"wp:featuredmedia":[{"embeddable":true,"href":"https:\/\/www.siemck.pl\/wp-json\/wp\/v2\/media\/27767"}],"wp:attachment":[{"href":"https:\/\/www.siemck.pl\/wp-json\/wp\/v2\/media?parent=27757"}],"wp:term":[{"taxonomy":"category","embeddable":true,"href":"https:\/\/www.siemck.pl\/wp-json\/wp\/v2\/categories?post=27757"},{"taxonomy":"post_tag","embeddable":true,"href":"https:\/\/www.siemck.pl\/wp-json\/wp\/v2\/tags?post=27757"}],"curies":[{"name":"wp","href":"https:\/\/api.w.org\/{rel}","templated":true}]}}