{"id":27399,"date":"2024-12-18T12:45:06","date_gmt":"2024-12-18T11:45:06","guid":{"rendered":"https:\/\/www.siemck.pl\/?p=27399"},"modified":"2024-12-18T12:46:50","modified_gmt":"2024-12-18T11:46:50","slug":"zdrowych-wesolych-swiat-3","status":"publish","type":"post","link":"https:\/\/www.siemck.pl\/zdrowych-wesolych-swiat-3\/","title":{"rendered":"Zdrowych, Weso\u0142ych \u015awi\u0105t!"},"content":{"rendered":"<p>Szanowni Pa\u0144stwo,<\/p>\n<p>z okazji nadchodz\u0105cych \u015awi\u0105t Bo\u017cego Narodzenia \u017cyczymy, aby ten wyj\u0105tkowy okres wype\u0142ni\u0142 Wasze domy zdrowiem, rado\u015bci\u0105 i harmoni\u0105. Niech b\u0119dzie to czas sp\u0119dzony w towarzystwie najbli\u017cszych Wam os\u00f3b, w atmosferze ciep\u0142a i wzajemnej \u017cyczliwo\u015bci.<\/p>\n<p>\u017byczymy, aby magia \u015bwi\u0105tecznych chwil towarzyszy\u0142a Wam jeszcze d\u0142ugo, a pomy\u015blno\u015b\u0107 i szcz\u0119\u015bcie stale by\u0142y obecne w Waszym \u017cyciu.<\/p>\n<p>Pragniemy tak\u017ce wyrazi\u0107 nasze szczere podzi\u0119kowania za zaufanie i zaanga\u017cowanie w wydarzenia organizowane przez Siemianowickie Centrum Kultury. Dzi\u0119kujemy za wsp\u00f3lne inicjatywy, mi\u0142e spotkania i budowanie dobrych relacji w mijaj\u0105cym roku.<\/p>\n<p>Z rado\u015bci\u0105 oczekujemy kolejnych okazji do spotka\u0144 pe\u0142nych niezapomnianych emocji i artystycznych dozna\u0144<\/p>\n<p>&nbsp;<\/p>\n<p>\u017byczymy Wam r\u00f3wnie\u017c wszelkiej pomy\u015blno\u015bci i realizacji wszystkich plan\u00f3w w nowym roku!<\/p>\n<p>Dyrekcja i zesp\u00f3\u0142 pracownik\u00f3w<\/p>\n<p>Siemianowickiego Centrum Kultury<\/p>\n","protected":false},"excerpt":{"rendered":"<p>Szanowni Pa\u0144stwo, z okazji nadchodz\u0105cych \u015awi\u0105t Bo\u017cego Narodzenia \u017cyczymy, aby ten wyj\u0105tkowy okres wype\u0142ni\u0142 Wasze domy zdrowiem, rado\u015bci\u0105 i harmoni\u0105. Niech b\u0119dzie to czas sp\u0119dzony w towarzystwie najbli\u017cszych Wam os\u00f3b, w atmosferze ciep\u0142a i wzajemnej \u017cyczliwo\u015bci. \u017byczymy, aby magia \u015bwi\u0105tecznych chwil towarzyszy\u0142a Wam jeszcze d\u0142ugo, a pomy\u015blno\u015b\u0107 i szcz\u0119\u015bcie stale by\u0142y obecne w Waszym \u017cyciu. [&hellip;]<\/p>\n","protected":false},"author":12,"featured_media":27402,"comment_status":"closed","ping_status":"open","sticky":false,"template":"","format":"standard","meta":[],"categories":[1],"tags":[],"_links":{"self":[{"href":"https:\/\/www.siemck.pl\/wp-json\/wp\/v2\/posts\/27399"}],"collection":[{"href":"https:\/\/www.siemck.pl\/wp-json\/wp\/v2\/posts"}],"about":[{"href":"https:\/\/www.siemck.pl\/wp-json\/wp\/v2\/types\/post"}],"author":[{"embeddable":true,"href":"https:\/\/www.siemck.pl\/wp-json\/wp\/v2\/users\/12"}],"replies":[{"embeddable":true,"href":"https:\/\/www.siemck.pl\/wp-json\/wp\/v2\/comments?post=27399"}],"version-history":[{"count":1,"href":"https:\/\/www.siemck.pl\/wp-json\/wp\/v2\/posts\/27399\/revisions"}],"predecessor-version":[{"id":27401,"href":"https:\/\/www.siemck.pl\/wp-json\/wp\/v2\/posts\/27399\/revisions\/27401"}],"wp:featuredmedia":[{"embeddable":true,"href":"https:\/\/www.siemck.pl\/wp-json\/wp\/v2\/media\/27402"}],"wp:attachment":[{"href":"https:\/\/www.siemck.pl\/wp-json\/wp\/v2\/media?parent=27399"}],"wp:term":[{"taxonomy":"category","embeddable":true,"href":"https:\/\/www.siemck.pl\/wp-json\/wp\/v2\/categories?post=27399"},{"taxonomy":"post_tag","embeddable":true,"href":"https:\/\/www.siemck.pl\/wp-json\/wp\/v2\/tags?post=27399"}],"curies":[{"name":"wp","href":"https:\/\/api.w.org\/{rel}","templated":true}]}}