{"id":27311,"date":"2025-01-03T14:15:17","date_gmt":"2025-01-03T13:15:17","guid":{"rendered":"https:\/\/www.siemck.pl\/?p=27311"},"modified":"2025-01-08T10:37:34","modified_gmt":"2025-01-08T09:37:34","slug":"konkurs-koled-zapraszamy-do-udzialu","status":"publish","type":"post","link":"https:\/\/www.siemck.pl\/konkurs-koled-zapraszamy-do-udzialu\/","title":{"rendered":"Konkurs kol\u0119d &#8211; zapraszamy do udzia\u0142u"},"content":{"rendered":"<p>16 stycznia 2025 r. od godz. 10.00 w SCK Bytk\u00f3w przy ul. Niepodleg\u0142o\u015bci 45\u00a0 odb\u0119dzie si\u0119 Konkurs Kol\u0119d.<\/p>\n<p>W Konkursie mog\u0105 bra\u0107 udzia\u0142 dzieci od 3 lat i m\u0142odzie\u017c do lat 16.<\/p>\n<p>Celem konkursu jest piel\u0119gnowanie tradycji zwi\u0105zanej z obchodzeniem \u015awi\u0105t Bo\u017cego Narodzenia. Uczestnicy b\u0119d\u0105 mogli przed jury zaprezentowa\u0107 jedn\u0105 tradycyjn\u0105 polsk\u0105 kol\u0119d\u0119 lub pastora\u0142k\u0119. Konkurs jest otwarty dla publiczno\u015bci. Zapraszamy na widowni\u0119 rodzic\u00f3w, przyjaci\u00f3\u0142, mieszka\u0144c\u00f3w miasta. Czekamy na zg\u0142oszenia z\u00a0 siemianowickich przedszkoli i szk\u00f3\u0142 oraz dzieci mieszkaj\u0105cych w Siemianowicach\u00a0 \u015al\u0105skich a nie chodz\u0105cych do przedszkola lub chodz\u0105cych do szko\u0142y poza naszym miastem.<\/p>\n<p>Na zg\u0142oszenia czekamy do 8 stycznia. Serdecznie zapraszamy. Mamy nadziej\u0119, \u017ce 16 stycznia ze sceny w Siemianowickim Centrum Kultury pop\u0142yn\u0105 najpi\u0119kniejsze polskie kol\u0119dy dostarczaj\u0105c publiczno\u015bci\u00a0 rado\u015bci i wzrusze\u0144.<\/p>\n<p>&nbsp;<\/p>\n<p>Regulamin i kart\u0119 zg\u0142oszenia mo\u017cna pobra\u0107 poni\u017cej<\/p>\n<p><a href=\"https:\/\/www.siemck.pl\/wp-content\/uploads\/karta-zgloszenia.pdf\">karta zg\u0142oszenia<\/a><\/p>\n<p><a href=\"https:\/\/www.siemck.pl\/wp-content\/uploads\/oswiadczenia-wizerunek-1.pdf\">o\u015bwiadczenia + wizerunek<\/a><\/p>\n<p><a href=\"https:\/\/www.siemck.pl\/wp-content\/uploads\/regulamin-2.pdf\">regulamin<\/a><\/p>\n<p>&nbsp;<\/p>\n","protected":false},"excerpt":{"rendered":"<p>16 stycznia 2025 r. od godz. 10.00 w SCK Bytk\u00f3w przy ul. Niepodleg\u0142o\u015bci 45\u00a0 odb\u0119dzie si\u0119 Konkurs Kol\u0119d. W Konkursie mog\u0105 bra\u0107 udzia\u0142 dzieci od 3 lat i m\u0142odzie\u017c do lat 16. Celem konkursu jest piel\u0119gnowanie tradycji zwi\u0105zanej z obchodzeniem \u015awi\u0105t Bo\u017cego Narodzenia. Uczestnicy b\u0119d\u0105 mogli przed jury zaprezentowa\u0107 jedn\u0105 tradycyjn\u0105 polsk\u0105 kol\u0119d\u0119 lub pastora\u0142k\u0119. [&hellip;]<\/p>\n","protected":false},"author":12,"featured_media":27315,"comment_status":"closed","ping_status":"open","sticky":false,"template":"","format":"standard","meta":[],"categories":[88],"tags":[],"_links":{"self":[{"href":"https:\/\/www.siemck.pl\/wp-json\/wp\/v2\/posts\/27311"}],"collection":[{"href":"https:\/\/www.siemck.pl\/wp-json\/wp\/v2\/posts"}],"about":[{"href":"https:\/\/www.siemck.pl\/wp-json\/wp\/v2\/types\/post"}],"author":[{"embeddable":true,"href":"https:\/\/www.siemck.pl\/wp-json\/wp\/v2\/users\/12"}],"replies":[{"embeddable":true,"href":"https:\/\/www.siemck.pl\/wp-json\/wp\/v2\/comments?post=27311"}],"version-history":[{"count":1,"href":"https:\/\/www.siemck.pl\/wp-json\/wp\/v2\/posts\/27311\/revisions"}],"predecessor-version":[{"id":27316,"href":"https:\/\/www.siemck.pl\/wp-json\/wp\/v2\/posts\/27311\/revisions\/27316"}],"wp:featuredmedia":[{"embeddable":true,"href":"https:\/\/www.siemck.pl\/wp-json\/wp\/v2\/media\/27315"}],"wp:attachment":[{"href":"https:\/\/www.siemck.pl\/wp-json\/wp\/v2\/media?parent=27311"}],"wp:term":[{"taxonomy":"category","embeddable":true,"href":"https:\/\/www.siemck.pl\/wp-json\/wp\/v2\/categories?post=27311"},{"taxonomy":"post_tag","embeddable":true,"href":"https:\/\/www.siemck.pl\/wp-json\/wp\/v2\/tags?post=27311"}],"curies":[{"name":"wp","href":"https:\/\/api.w.org\/{rel}","templated":true}]}}