{"id":27018,"date":"2024-10-30T09:00:28","date_gmt":"2024-10-30T08:00:28","guid":{"rendered":"https:\/\/www.siemck.pl\/?p=27018"},"modified":"2024-10-30T10:15:59","modified_gmt":"2024-10-30T09:15:59","slug":"zimowe-inspiracje-24-kiermasz-i-warsztaty","status":"publish","type":"post","link":"https:\/\/www.siemck.pl\/zimowe-inspiracje-24-kiermasz-i-warsztaty\/","title":{"rendered":"Zimowe Inspiracje &#8217;24 &#8211; KIERMASZ i WARSZTATY"},"content":{"rendered":"<p>Zimowe Inspiracje to coroczny cykl warsztat\u00f3w artystyczno-rozwojowych, kt\u00f3re pozwalaj\u0105 rozwija\u0107 kreatywno\u015b\u0107 i odkrywa\u0107 nowe umiej\u0119tno\u015bci w tw\u00f3rczej atmosferze. W tym roku, od 1 do 8 grudnia, zapraszamy na wyj\u0105tkowe wydarzenia zar\u00f3wno dla rodzin, jak i dla doros\u0142ych.<\/p>\n<p>&nbsp;<\/p>\n<hr \/>\n<p><strong>1 grudnia (niedziela), godz. 10:00\u201317:00<\/strong><br \/>\n<strong>SCK Park Tradycji<\/strong> \u2013 Zimowy Kiermasz R\u0119kodzie\u0142a &#8211; wst\u0119p wolny<\/p>\n<p>To doskona\u0142a okazja, aby w klimacie \u015bwi\u0105tecznym znale\u017a\u0107 unikalne r\u0119kodzie\u0142o, kt\u00f3re udekoruje Wasz dom lub stanie si\u0119 wyj\u0105tkowym prezentem dla bliskich. Wystawcy oferowa\u0107 b\u0119d\u0105 oryginalne zimowe dekoracje, r\u0119cznie wykonane ozdoby oraz wiele innych nietuzinkowych przedmiot\u00f3w. Nie zabraknie tak\u017ce domowych wypiek\u00f3w i pysznych ciast.\u00a0 &#8211; Word<\/p>\n<p>Tradycyjnie zapraszamy r\u00f3wnie\u017c na pokazy sekcji artystycznych dzia\u0142aj\u0105cych przy SCK, kt\u00f3re dodatkowo urozmaic\u0105 to wyj\u0105tkowe wydarzenie.<\/p>\n<p>&#x1f4dd;Informacje dla wystawc\u00f3w: <a href=\"https:\/\/www.siemck.pl\/wp-content\/uploads\/Regulamin-Kiermasz-Rekodziela-2024.pdf\">Regulamin &#8211; Kiermasz R\u0119kodzie\u0142a 2024<\/a><\/p>\n<p><a href=\"https:\/\/www.siemck.pl\/wp-content\/uploads\/KARTA-ZGLOSZENIA-NA-ZIMOWY-KIERMASZ-REKODZIELA-24.docx\">KARTA ZG\u0141OSZENIA NA ZIMOWY KIERMASZ R\u0118KODZIE\u0141A 24<\/a> &#8211; docx<\/p>\n<p><a href=\"https:\/\/www.siemck.pl\/wp-content\/uploads\/KARTA-ZGLOSZENIA-NA-ZIMOWY-KIERMASZ-REKODZIELA-24.pdf\">KARTA ZG\u0141OSZENIA NA ZIMOWY KIERMASZ R\u0118KODZIE\u0141A 24<\/a>\u00a0&#8211; pdf<\/p>\n<hr \/>\n<p><strong>7 grudnia (sobota)<\/strong><br \/>\n<strong>SCK Bytk\u00f3w \u2013 Pracownia Plastyczna \u201eOkienko\u201d<\/strong> \u2013 Warsztaty Rodzinne<br \/>\n(dla dzieci i doros\u0142ych, dzieci do 12 lat z opiekunem)<\/p>\n<p><strong>godz. 10:00<\/strong> \u2013 <em>Wymy\u015bl Uszyj Przyklej<\/em><br \/>\nZapraszamy do wsp\u00f3lnego projektowania i szycia zabawek z tkanin oraz tworzenia kartek okoliczno\u015bciowych z materia\u0142owych skrawk\u00f3w. To doskona\u0142a okazja, by sp\u0119dzi\u0107 kreatywny czas w gronie rodzinnym.<\/p>\n<p><strong>Bilety:<\/strong> 49 z\u0142\/osoba, dost\u0119pne w kasach SCK oraz pod linkiem:<\/p>\n<p><a href=\"https:\/\/bilety.siemck.pl\/index.php\/repertoire.html?id=3450\">https:\/\/bilety.siemck.pl\/index.php\/repertoire.html?id=3450<\/a><\/p>\n<hr \/>\n<p><strong>8 grudnia (niedziela)<\/strong><br \/>\n<strong>SCK Bytk\u00f3w \u2013 Pracownia Plastyczna \u201eOkienko\u201d<\/strong> \u2013 Warsztaty dla doros\u0142ych<\/p>\n<p>&nbsp;<\/p>\n<p><strong>godz. 10:00<\/strong> \u2013 <em>Florystyka<\/em><br \/>\nPodczas warsztat\u00f3w florystycznych stworzysz pi\u0119kne, \u015bwi\u0105teczne kompozycje, kt\u00f3re ozdobi\u0105 Tw\u00f3j dom lub b\u0119d\u0105 idealnym prezentem dla bliskich.<\/p>\n<p><strong>Bilety:<\/strong> 49 z\u0142\/osoba, dost\u0119pne w kasach SCK oraz pod linkiem:<\/p>\n<p><a href=\"https:\/\/bilety.siemck.pl\/index.php\/repertoire.html?id=3451\">https:\/\/bilety.siemck.pl\/index.php\/repertoire.html?id=3451<\/a><\/p>\n<p>&nbsp;<\/p>\n<p><strong>godz. 12:30<\/strong> \u2013 <em>Mini-witra\u017ce<\/em><br \/>\nPoznaj technik\u0119 tworzenia miniaturowych witra\u017cy, kt\u00f3re nadadz\u0105 Twojemu wn\u0119trzu unikalnego, artystycznego klimatu.<\/p>\n<p><strong>Bilety:<\/strong> 49 z\u0142\/osoba, dost\u0119pne w kasach SCK oraz pod linkiem:<\/p>\n<p><a href=\"https:\/\/bilety.siemck.pl\/index.php\/repertoire.html?id=3452\">https:\/\/bilety.siemck.pl\/index.php\/repertoire.html?id=3452<\/a><\/p>\n<p>&nbsp;<\/p>\n","protected":false},"excerpt":{"rendered":"<p>Zimowe Inspiracje to coroczny cykl warsztat\u00f3w artystyczno-rozwojowych, kt\u00f3re pozwalaj\u0105 rozwija\u0107 kreatywno\u015b\u0107 i odkrywa\u0107 nowe umiej\u0119tno\u015bci w tw\u00f3rczej atmosferze. W tym roku, od 1 do 8 grudnia, zapraszamy na wyj\u0105tkowe wydarzenia zar\u00f3wno dla rodzin, jak i dla doros\u0142ych. &nbsp; 1 grudnia (niedziela), godz. 10:00\u201317:00 SCK Park Tradycji \u2013 Zimowy Kiermasz R\u0119kodzie\u0142a &#8211; wst\u0119p wolny To doskona\u0142a [&hellip;]<\/p>\n","protected":false},"author":12,"featured_media":27019,"comment_status":"closed","ping_status":"open","sticky":false,"template":"","format":"standard","meta":[],"categories":[1,89,88,108,109],"tags":[],"_links":{"self":[{"href":"https:\/\/www.siemck.pl\/wp-json\/wp\/v2\/posts\/27018"}],"collection":[{"href":"https:\/\/www.siemck.pl\/wp-json\/wp\/v2\/posts"}],"about":[{"href":"https:\/\/www.siemck.pl\/wp-json\/wp\/v2\/types\/post"}],"author":[{"embeddable":true,"href":"https:\/\/www.siemck.pl\/wp-json\/wp\/v2\/users\/12"}],"replies":[{"embeddable":true,"href":"https:\/\/www.siemck.pl\/wp-json\/wp\/v2\/comments?post=27018"}],"version-history":[{"count":8,"href":"https:\/\/www.siemck.pl\/wp-json\/wp\/v2\/posts\/27018\/revisions"}],"predecessor-version":[{"id":27021,"href":"https:\/\/www.siemck.pl\/wp-json\/wp\/v2\/posts\/27018\/revisions\/27021"}],"wp:featuredmedia":[{"embeddable":true,"href":"https:\/\/www.siemck.pl\/wp-json\/wp\/v2\/media\/27019"}],"wp:attachment":[{"href":"https:\/\/www.siemck.pl\/wp-json\/wp\/v2\/media?parent=27018"}],"wp:term":[{"taxonomy":"category","embeddable":true,"href":"https:\/\/www.siemck.pl\/wp-json\/wp\/v2\/categories?post=27018"},{"taxonomy":"post_tag","embeddable":true,"href":"https:\/\/www.siemck.pl\/wp-json\/wp\/v2\/tags?post=27018"}],"curies":[{"name":"wp","href":"https:\/\/api.w.org\/{rel}","templated":true}]}}