{"id":26980,"date":"2024-09-29T09:59:41","date_gmt":"2024-09-29T07:59:41","guid":{"rendered":"https:\/\/www.siemck.pl\/?p=26980"},"modified":"2024-09-30T10:01:38","modified_gmt":"2024-09-30T08:01:38","slug":"sck-dla-seniorow-w-pazdzierniku-2024","status":"publish","type":"post","link":"https:\/\/www.siemck.pl\/sck-dla-seniorow-w-pazdzierniku-2024\/","title":{"rendered":"SCK dla senior\u00f3w w pa\u017adzierniku 2024"},"content":{"rendered":"<p>Drodzy Seniorzy! Serdecznie zapraszamy do zapoznania si\u0119 z wybranymi propozycjami z naszego programu, kt\u00f3re mog\u0105 Was szczeg\u00f3lnie zainteresowa\u0107.<\/p>\n<p><strong>Kompleks Sportowy &#8222;MICHA\u0141&#8221; &#8211; ul. E. Orzeszkowej 1<\/strong><\/p>\n<p>1 pa\u017adziernika (wtorek), godz. 17.00 &#8211; <strong>\u015al\u0105sko-g\u00f3ralska Biesiada dla Senior\u00f3w<\/strong>, bilety 35 z\u0142 (w cenie konsumpcja)<\/p>\n<p><b>SCK Bytk\u00f3w \u2013 ul. Niepodleg\u0142o\u015bci 45 (tel. 32\/228.72.80)<\/b><\/p>\n<p><span style=\"font-weight: 400;\">24 pa\u017adziernika (czwartek), godz. 18.00 &#8211; <\/span><b>Spotkanie Podr\u00f3\u017cnik\u00f3w<\/b><span style=\"font-weight: 400;\">. Wst\u0119p wolny.\u00a0<\/span><\/p>\n<p><b>SCK Willa Fitznera \u2013 ul. Fitzner\u00f3w 3 (tel. 32\/763.27.33)<\/b><\/p>\n<p><span style=\"font-weight: 400;\">4, 11, 18, 25 pa\u017adziernika<\/span> <span style=\"font-weight: 400;\">(pi\u0105tek), godz. 17.00 \u2013 19.00 &#8211;\u00a0 <\/span><b>Fitzner Cafe<\/b><span style=\"font-weight: 400;\">. Bilety: 10 z\u0142\/5 z\u0142 seniorzy do nabycia w kasach SCK oraz on-line na<\/span><a href=\"http:\/\/www.bilety.siemck.pl\/\"> <span style=\"font-weight: 400;\">www.bilety.siemck.pl<\/span><\/a><\/p>\n<p><span style=\"font-weight: 400;\">10 pa\u017adziernika (czwartek), godz. 18.00 &#8211;<\/span><b> Siemianowice na starej fotografii\u00a0 \u2013 projekcja filmu ,,Siemianowice Twoje miasto\u201d realizacja Antoni Halor 1975<\/b><span style=\"font-weight: 400;\">. Prowadzenie Jakub Halor. Wst\u0119p wolny.<\/span><\/p>\n<p><span style=\"font-weight: 400;\">17 pa\u017adziernika (czwartek),\u00a0 godz. 17.00 &#8211; <\/span><b>Klasycy rocka i nie tylko \u2013 poezja \u015bpiewana.<\/b><span style=\"font-weight: 400;\">\u00a0 Bilety w cenie 15 z\u0142 do nabycia w kasach SCK oraz on-line na<\/span><a href=\"http:\/\/www.siemck.pl\/\"> <span style=\"font-weight: 400;\">www.siemck.pl<\/span><\/a><\/p>\n<p><span style=\"font-weight: 400;\">22 pa\u017adziernika (wtorek), godz. 16.00 &#8211; <\/span><b>Byzuch: W krainie ciszy.<\/b><span style=\"font-weight: 400;\">\u00a0 Wst\u0119p wolny.<\/span><\/p>\n<p><span style=\"font-weight: 400;\">24\u00a0 pa\u017adziernika (czwartek), godz. 18.00 &#8211; <\/span><b>Spotkanie ze \u015al\u0105zaczk\u0105 \u2013 Gra\u017cyna Bu\u0142ka.<\/b><span style=\"font-weight: 400;\"> Wst\u0119p za okazaniem wej\u015bci\u00f3wki. Wej\u015bci\u00f3wki do odbioru w Willi Fitznera. Ilo\u015b\u0107 miejsc ograniczona.<\/span><\/p>\n<p><span style=\"font-weight: 400;\">26 pa\u017adziernika (sobota), godz. 17.00 &#8211; <\/span><b>,,Najpi\u0119kniejsze melodie \u015bwiata\u201d \u2013 koncert, wyst\u0105pi\u0105 Joanna Wola\u0144ska \u2013 wokal, fortepian, Jan Wola\u0144ski &#8211; wokal.<\/b><span style=\"font-weight: 400;\"> Bilety w cenie 40 z\u0142\/30 z\u0142 seniorzy do nabycia w kasach SCK oraz on-line na<\/span> <a href=\"http:\/\/www.siemck.pl\"><span style=\"font-weight: 400;\">www.siemck.pl<\/span><\/a><span style=\"font-weight: 400;\">.\u00a0\u00a0<\/span><\/p>\n<p><span style=\"font-weight: 400;\">28 pa\u017adziernika (poniedzia\u0142ek), godz.\u00a0 17.00 &#8211; <\/span><b>Ch\u00f3r ,,Weso\u0142a jesie\u0144\u201d: muzyka \u0142agodzi obyczaje \u2013 koncert<\/b><span style=\"font-weight: 400;\">. Wst\u0119p wolny.<\/span><\/p>\n<p><b>SCK Park Tradycji \u2013 ul. Orzeszkowej 12 (tel. 32\/765.27.40-41)\u00a0<\/b><\/p>\n<p><span style=\"font-weight: 400;\">5 pa\u017adziernika (sobota), godz. 19.00 \u2013 <\/span><b>Teatr w Parku Tradycji. Teatr Rawa \u201eB\u0119dzie Pani zadowolona\u201d<\/b><span style=\"font-weight: 400;\">. Bilety: przedsprzeda\u017c 65 z\u0142 (do 15.09)\/ 80 z\u0142 (od 16.09) \/ w dniu spektaklu 90 z\u0142 do nabycia w kasach SCK i on-line na <\/span><a href=\"http:\/\/www.bilety.siemck.pl\"><span style=\"font-weight: 400;\">www.bilety.siemck.pl<\/span><\/a><span style=\"font-weight: 400;\">.\u00a0<\/span><\/p>\n<p><span style=\"font-weight: 400;\">8, 22 pa\u017adziernika (wtorek), godz. 12.00 \u2013 13.00 \u2013 <\/span><b>Warsztaty Artystyczny Senior<\/b><span style=\"font-weight: 400;\">, liczba miejsc ograniczona, wymagane wcze\u015bniejsze zapisy.<\/span><\/p>\n<p><span style=\"font-weight: 400;\">11 pa\u017adziernika (pi\u0105tek), godz. 19.00 \u2013 <\/span><b>Koncert. Zbigniew Teper z zespo\u0142em- &#8222;W \u017cydowskim miasteczku&#8221;<\/b><span style=\"font-weight: 400;\">. Bilety: 30 z\u0142 (przedsprzeda\u017c do 27.09) \/ 40 z\u0142 (od 28.09) do nabycia w kasach SCK i on-line na <\/span><a href=\"http:\/\/www.bilety.siemck.pl\"><span style=\"font-weight: 400;\">www.bilety.siemck.pl<\/span><\/a><span style=\"font-weight: 400;\">.<\/span><\/p>\n<p><span style=\"font-weight: 400;\">15 pa\u017adziernika (wtorek), godz. 16.00 \u2013 18.00 \u2013<\/span><b> Fina\u0142 konkursu \u201eMoja Chwila\u201d<\/b><span style=\"font-weight: 400;\">. Wst\u0119p wolny. Ilo\u015b\u0107 miejsc ograniczona.\u00a0<\/span><\/p>\n<p><b>SCK Jarz\u0119bina \u2013 ul. Wierzbowa 2 (tel. 32\/228.48.46)<\/b><\/p>\n<p><span style=\"font-weight: 400;\">2, 9, 16, 23, 30 pa\u017adziernika (\u015broda), godz. 15.00-17.00 \u2013<\/span><b> Jarz\u0119bina seniorom \u2013 spotkanie.<\/b><span style=\"font-weight: 400;\"> Wst\u0119p wolny.<\/span><\/p>\n<p><span style=\"font-weight: 400;\">3 pa\u017adziernika (czwartek), godz. 15.00 -18.00 &#8211;<\/span><b> Klachy &#8211; spotkania z \u015aSKON.<\/b><span style=\"font-weight: 400;\"> Wst\u0119p wolny.<\/span><\/p>\n<p><span style=\"font-weight: 400;\">5 pa\u017adziernika (sobota), godz. 18:00 \u2013 <\/span><b>Jacek Silski \u2013 koncert.<\/b><span style=\"font-weight: 400;\">\u00a0 Bilety \u2013 50\/40 (seniorzy) z\u0142 od osoby dost\u0119pne w kasach SCK i on-line.<\/span><\/p>\n<p><span style=\"font-weight: 400;\">26 pa\u017adziernika (sobota), godz. 19:00 &#8211; 24.00 \u2013 <\/span><b>Prywatka w Jarz\u0119binie \u2013 \u201eBal jesienny\u201d<\/b><span style=\"font-weight: 400;\"> \u2013 zabawa taneczna. Bilety w cenie 35 z\u0142 dost\u0119pne tylko w SCK Jarz\u0119bina.<\/span><\/p>\n<p><b>SCK Zameczek \u2013 ul. O\u015bwi\u0119cimska 1 (tel. 32\/204.11.27)<\/b><\/p>\n<p><span style=\"font-weight: 400;\">20 pa\u017adziernika (niedziela), godz. 16.00 \u2013 <\/span><b>\u201ePowr\u00f3\u0107my jak za dawnych lat\u201d \u2013 koncert w wykonaniu Joanny \u015awidrak (wokal), Grzegorza Kasperczyka (piano)<\/b><span style=\"font-weight: 400;\">. Bilety: 50 z\u0142\/ 30 z\u0142 (seniorzy).\u00a0<\/span><\/p>\n<p><span style=\"font-weight: 400;\">23 pa\u017adziernika (\u015broda), godz. 17.00 \u2013 <\/span><b>Wieczorek taneczny z zespo\u0142em Eminence<\/b><span style=\"font-weight: 400;\">. Bilety: 60 z\u0142\/ 35 z\u0142 (seniorzy).<\/span><\/p>\n<p><span style=\"font-weight: 400;\">25 pa\u017adziernika (pi\u0105tek), godz. 18.00 \u2013<\/span><b> Wernisa\u017c Grupy Artystycznej LAURA z okazji 10-lecia dzia\u0142alno\u015bci<\/b><span style=\"font-weight: 400;\">. Liczba miejsc ograniczona. Bezp\u0142atne wej\u015bci\u00f3wki do odbioru od 7.10.2024r.\u00a0<\/span><\/p>\n<p>&nbsp;<\/p>\n","protected":false},"excerpt":{"rendered":"<p>Drodzy Seniorzy! Serdecznie zapraszamy do zapoznania si\u0119 z wybranymi propozycjami z naszego programu, kt\u00f3re mog\u0105 Was szczeg\u00f3lnie zainteresowa\u0107. Kompleks Sportowy &#8222;MICHA\u0141&#8221; &#8211; ul. E. Orzeszkowej 1 1 pa\u017adziernika (wtorek), godz. 17.00 &#8211; \u015al\u0105sko-g\u00f3ralska Biesiada dla Senior\u00f3w, bilety 35 z\u0142 (w cenie konsumpcja) SCK Bytk\u00f3w \u2013 ul. Niepodleg\u0142o\u015bci 45 (tel. 32\/228.72.80) 24 pa\u017adziernika (czwartek), godz. 18.00 [&hellip;]<\/p>\n","protected":false},"author":12,"featured_media":26981,"comment_status":"closed","ping_status":"open","sticky":false,"template":"","format":"standard","meta":[],"categories":[1],"tags":[],"_links":{"self":[{"href":"https:\/\/www.siemck.pl\/wp-json\/wp\/v2\/posts\/26980"}],"collection":[{"href":"https:\/\/www.siemck.pl\/wp-json\/wp\/v2\/posts"}],"about":[{"href":"https:\/\/www.siemck.pl\/wp-json\/wp\/v2\/types\/post"}],"author":[{"embeddable":true,"href":"https:\/\/www.siemck.pl\/wp-json\/wp\/v2\/users\/12"}],"replies":[{"embeddable":true,"href":"https:\/\/www.siemck.pl\/wp-json\/wp\/v2\/comments?post=26980"}],"version-history":[{"count":2,"href":"https:\/\/www.siemck.pl\/wp-json\/wp\/v2\/posts\/26980\/revisions"}],"predecessor-version":[{"id":26983,"href":"https:\/\/www.siemck.pl\/wp-json\/wp\/v2\/posts\/26980\/revisions\/26983"}],"wp:featuredmedia":[{"embeddable":true,"href":"https:\/\/www.siemck.pl\/wp-json\/wp\/v2\/media\/26981"}],"wp:attachment":[{"href":"https:\/\/www.siemck.pl\/wp-json\/wp\/v2\/media?parent=26980"}],"wp:term":[{"taxonomy":"category","embeddable":true,"href":"https:\/\/www.siemck.pl\/wp-json\/wp\/v2\/categories?post=26980"},{"taxonomy":"post_tag","embeddable":true,"href":"https:\/\/www.siemck.pl\/wp-json\/wp\/v2\/tags?post=26980"}],"curies":[{"name":"wp","href":"https:\/\/api.w.org\/{rel}","templated":true}]}}