{"id":26975,"date":"2024-10-30T20:10:07","date_gmt":"2024-10-30T19:10:07","guid":{"rendered":"https:\/\/www.siemck.pl\/?p=26975"},"modified":"2024-12-12T14:16:38","modified_gmt":"2024-12-12T13:16:38","slug":"el-fest-mini-festiwalu-muzyki-elektronicznej","status":"publish","type":"post","link":"https:\/\/www.siemck.pl\/el-fest-mini-festiwalu-muzyki-elektronicznej\/","title":{"rendered":"EL FEST &#8211; mini festiwal muzyki elektronicznej"},"content":{"rendered":"<p>Grudzie\u0144 tego roku b\u0119dzie wyj\u0105tkowy dla mi\u0142o\u015bnik\u00f3w muzyki elektronicznej w naszym mie\u015bcie! Dzi\u0119ki wsparciu z Krajowego Planu Odbudowy zrealizujemy inicjatyw\u0119, jakiej jeszcze nie by\u0142o \u2013 \u201eEL FEST \u2013 mini festiwal muzyki elektronicznej\u201d. W trakcie festiwalu czeka na Was bogaty program wydarze\u0144, w tym koncerty, warsztaty, spotkania i dzia\u0142ania artystyczne.<\/p>\n<p>Podczas EL FEST odb\u0119d\u0105 si\u0119 warsztaty, kt\u00f3re pozwol\u0105 pozna\u0107 tajniki DJ-ingu, produkcji muzycznej czy tworzenia wizualizacji do muzyki. Zorganizujemy r\u00f3wnie\u017c audycj\u0119 dla dzieci, happening \u0142\u0105cz\u0105cy sztuki plastyczne i muzyk\u0119, a tak\u017ce warsztaty o organizacji trasy koncertowej. B\u0119dziecie mieli okazj\u0119 wzi\u0105\u0107 udzia\u0142 w kreatywnych dzia\u0142aniach z u\u017cyciem nowych technologii, takich jak AI.<\/p>\n<p>Zwie\u0144czeniem festiwalu b\u0119d\u0105 koncerty znakomitych artyst\u00f3w sceny elektronicznej. &#x1f449; Wi\u0119cej na <a href=\"http:\/\/elfest.pl\">elfest.pl<\/a><\/p>\n<h3><strong>Bezp\u0142atne wej\u015bci\u00f3wki do pobrania poni\u017cej &#8211; ju\u017c od 4 listopada!<\/strong><\/h3>\n<p>&#x1f535;05.12 \u2013 godz. 18.00 \u2013 Spotkanie z J\u00f3zefem Skrzekiem. Prowadzenie: Bartek Gruchlik (SCK Willa Fitznera)<\/p>\n<p><a href=\"https:\/\/bilety.siemck.pl\/index.php\/repertoire.html?id=3464\">pobierz wej\u015bci\u00f3wk\u0119<\/a><\/p>\n<p>&#x1f7e3;08.12 \u2013 godz. 12.00 \u2013 Audycja dla dzieci \u2013 prowadzenie: Sebastian Thiel (SCK Bytk\u00f3w)<\/p>\n<p><a href=\"https:\/\/bilety.siemck.pl\/index.php\/repertoire.html?id=3466\">pobierz wej\u015bci\u00f3wk\u0119<\/a><\/p>\n<p>&#x1f535;08.12 \u2013 godz. 14.00 \u2013 \u201eElectro w obrazach\u201d \u2013 happening plastyczno-muzyczny \u2013 prowadzenie: Dorota Micior-Gajewska, muzyka na \u017cywo: Tomasz \u201eSzopen\u201d Jagie\u0142owicz (SCK Bytk\u00f3w)<\/p>\n<p>WEJ\u015aCI\u00d3WEK BRAK<\/p>\n<p>&#x1f7e3;08.12 \u2013 godz. 17.00 \u2013 Warsztaty tworzenia wizualizacji do muzyki z wykorzystaniem prostych narz\u0119dzi i AI \u2013 prowadzenie: Jakub Cika\u0142a (SCK Bytk\u00f3w)<\/p>\n<p>WEJ\u015aCI\u00d3WEK BRAK<\/p>\n<p>&#x1f535;09.12 \u2013 godz. 18.00 \u2013 warsztaty DJ-skie. Prowadzenie: Edvard Lev &#8211; Pawe\u0142 Lewicki &#8211; kompozytor i projektant d\u017awi\u0119ku (SCK Willa Fitznera)<\/p>\n<p>WEJ\u015aCI\u00d3WEK BRAK<\/p>\n<p>&#x1f7e3;11.12 \u2013 godz. 18.00 \u2013 Warsztaty produkcji muzycznej \u2013 prowadzenie: Jaros\u0142aw Toifl i Karo Glazer (SCK Park Tradycji)<\/p>\n<p>WEJ\u015aCI\u00d3WEK BRAK<\/p>\n<p>&#x1f535;12.12 \u2013 godz. 19.00 \u2013 Koncerty:<br class=\"html-br\" \/>ADAM BUL GRA VANGELISA<br class=\"html-br\" \/>DANIEL BLOOM SOLO<\/p>\n<p>\/wizualizacje stworzone podczas warsztat\u00f3w (SCK Bytk\u00f3w)<\/p>\n<p><a href=\"https:\/\/bilety.siemck.pl\/index.php\/repertoire.html?id=3473\">pobierz wej\u015bci\u00f3wk\u0119<\/a><\/p>\n<p>&#x1f7e3;13.12 \u2013 godz. 18.00 \u2013 Warsztaty \u201eJak przygotowa\u0107 tras\u0119 koncertow\u0105 dla nieznanej kapeli a przy tym nie zbankrutowa\u0107 ani nie wy\u0142ysie\u0107?\u201d &#8211; prowadzenie: Bartek \u201eBor\u00f3wka\u201d Borowicz (SCK Park Tradycji)<\/p>\n<p>WEJ\u015aCI\u00d3WEK BRAK<\/p>\n<p>&#x1f535;14.12 \u2013 godz. 19.00 \u2013 Koncert DUETU COLOR BLUE + after party z DJ-ami, kt\u00f3re poprowadz\u0105 trzej DJ-e: Larsen, H4D4S, Robi Lora (SCK Bytk\u00f3w)<\/p>\n<p><a href=\"https:\/\/bilety.siemck.pl\/index.php\/repertoire.html?id=3475\">pobierz wej\u015bci\u00f3wk\u0119<\/a><\/p>\n<p>&#x1f7e3;15.12 \u2013 godz. 19.00 \u2013 Koncert zespo\u0142u BAASCH (SCK Bytk\u00f3w)<\/p>\n<p><a href=\"https:\/\/bilety.siemck.pl\/index.php\/repertoire.html?id=3476\">pobierz wej\u015bci\u00f3wk\u0119<\/a><\/p>\n","protected":false},"excerpt":{"rendered":"<p>Grudzie\u0144 tego roku b\u0119dzie wyj\u0105tkowy dla mi\u0142o\u015bnik\u00f3w muzyki elektronicznej w naszym mie\u015bcie! Dzi\u0119ki wsparciu z Krajowego Planu Odbudowy zrealizujemy inicjatyw\u0119, jakiej jeszcze nie by\u0142o \u2013 \u201eEL FEST \u2013 mini festiwal muzyki elektronicznej\u201d. W trakcie festiwalu czeka na Was bogaty program wydarze\u0144, w tym koncerty, warsztaty, spotkania i dzia\u0142ania artystyczne. Podczas EL FEST odb\u0119d\u0105 si\u0119 warsztaty, [&hellip;]<\/p>\n","protected":false},"author":12,"featured_media":26978,"comment_status":"closed","ping_status":"open","sticky":false,"template":"","format":"standard","meta":[],"categories":[1],"tags":[],"_links":{"self":[{"href":"https:\/\/www.siemck.pl\/wp-json\/wp\/v2\/posts\/26975"}],"collection":[{"href":"https:\/\/www.siemck.pl\/wp-json\/wp\/v2\/posts"}],"about":[{"href":"https:\/\/www.siemck.pl\/wp-json\/wp\/v2\/types\/post"}],"author":[{"embeddable":true,"href":"https:\/\/www.siemck.pl\/wp-json\/wp\/v2\/users\/12"}],"replies":[{"embeddable":true,"href":"https:\/\/www.siemck.pl\/wp-json\/wp\/v2\/comments?post=26975"}],"version-history":[{"count":16,"href":"https:\/\/www.siemck.pl\/wp-json\/wp\/v2\/posts\/26975\/revisions"}],"predecessor-version":[{"id":27296,"href":"https:\/\/www.siemck.pl\/wp-json\/wp\/v2\/posts\/26975\/revisions\/27296"}],"wp:featuredmedia":[{"embeddable":true,"href":"https:\/\/www.siemck.pl\/wp-json\/wp\/v2\/media\/26978"}],"wp:attachment":[{"href":"https:\/\/www.siemck.pl\/wp-json\/wp\/v2\/media?parent=26975"}],"wp:term":[{"taxonomy":"category","embeddable":true,"href":"https:\/\/www.siemck.pl\/wp-json\/wp\/v2\/categories?post=26975"},{"taxonomy":"post_tag","embeddable":true,"href":"https:\/\/www.siemck.pl\/wp-json\/wp\/v2\/tags?post=26975"}],"curies":[{"name":"wp","href":"https:\/\/api.w.org\/{rel}","templated":true}]}}