{"id":26589,"date":"2024-09-04T10:23:25","date_gmt":"2024-09-04T08:23:25","guid":{"rendered":"https:\/\/www.siemck.pl\/?p=26589"},"modified":"2024-09-04T11:42:04","modified_gmt":"2024-09-04T09:42:04","slug":"casting-do-akademii-wokalno-artystycznej","status":"publish","type":"post","link":"https:\/\/www.siemck.pl\/casting-do-akademii-wokalno-artystycznej\/","title":{"rendered":"Casting do Akademii Wokalno-Artystycznej!"},"content":{"rendered":"<p><strong>Siemianowickie Centrum Kultury Zameczek<\/strong><\/p>\n<p>zaprasza do udzia\u0142u w castingu do <strong>Akademii Wokalno-Artystycznej<\/strong>, kt\u00f3rej zaj\u0119cia b\u0119d\u0105 odbywa\u0142y si\u0119 od pa\u017adziernika 2024r. w SCK Zameczek.<\/p>\n<p>Udzia\u0142 w zaj\u0119ciach Akademii umo\u017cliwi jej adeptom rozw\u00f3j umiej\u0119tno\u015bci wokalnych i aktorskich a wyst\u0119py sceniczne zapewne dostarcz\u0105 wielu wyj\u0105tkowych wra\u017ce\u0144.<\/p>\n<p><strong>Termin castingu: 9 wrze\u015bnia 2024 roku o godzinie 16. <\/strong>Szczeg\u00f3\u0142y w regulaminie.<\/p>\n<p>Zach\u0119camy do udzia\u0142u!<\/p>\n<p>&nbsp;<\/p>\n<p><a href=\"https:\/\/www.siemck.pl\/wp-content\/uploads\/Regulamin-castingu.pdf\" target=\"_blank\" rel=\"noopener\">Regulamin castingu<\/a><\/p>\n<p><a href=\"https:\/\/www.siemck.pl\/wp-content\/uploads\/formularz-casting-2024.docx\" target=\"_blank\" rel=\"noopener\">Formularz zg\u0142oszeniowy<\/a><\/p>\n","protected":false},"excerpt":{"rendered":"<p>Siemianowickie Centrum Kultury Zameczek zaprasza do udzia\u0142u w castingu do Akademii Wokalno-Artystycznej, kt\u00f3rej zaj\u0119cia b\u0119d\u0105 odbywa\u0142y si\u0119 od pa\u017adziernika 2024r. w SCK Zameczek. Udzia\u0142 w zaj\u0119ciach Akademii umo\u017cliwi jej adeptom rozw\u00f3j umiej\u0119tno\u015bci wokalnych i aktorskich a wyst\u0119py sceniczne zapewne dostarcz\u0105 wielu wyj\u0105tkowych wra\u017ce\u0144. Termin castingu: 9 wrze\u015bnia 2024 roku o godzinie 16. Szczeg\u00f3\u0142y w regulaminie. [&hellip;]<\/p>\n","protected":false},"author":14,"featured_media":26602,"comment_status":"closed","ping_status":"open","sticky":false,"template":"","format":"standard","meta":[],"categories":[1],"tags":[],"_links":{"self":[{"href":"https:\/\/www.siemck.pl\/wp-json\/wp\/v2\/posts\/26589"}],"collection":[{"href":"https:\/\/www.siemck.pl\/wp-json\/wp\/v2\/posts"}],"about":[{"href":"https:\/\/www.siemck.pl\/wp-json\/wp\/v2\/types\/post"}],"author":[{"embeddable":true,"href":"https:\/\/www.siemck.pl\/wp-json\/wp\/v2\/users\/14"}],"replies":[{"embeddable":true,"href":"https:\/\/www.siemck.pl\/wp-json\/wp\/v2\/comments?post=26589"}],"version-history":[{"count":4,"href":"https:\/\/www.siemck.pl\/wp-json\/wp\/v2\/posts\/26589\/revisions"}],"predecessor-version":[{"id":26595,"href":"https:\/\/www.siemck.pl\/wp-json\/wp\/v2\/posts\/26589\/revisions\/26595"}],"wp:featuredmedia":[{"embeddable":true,"href":"https:\/\/www.siemck.pl\/wp-json\/wp\/v2\/media\/26602"}],"wp:attachment":[{"href":"https:\/\/www.siemck.pl\/wp-json\/wp\/v2\/media?parent=26589"}],"wp:term":[{"taxonomy":"category","embeddable":true,"href":"https:\/\/www.siemck.pl\/wp-json\/wp\/v2\/categories?post=26589"},{"taxonomy":"post_tag","embeddable":true,"href":"https:\/\/www.siemck.pl\/wp-json\/wp\/v2\/tags?post=26589"}],"curies":[{"name":"wp","href":"https:\/\/api.w.org\/{rel}","templated":true}]}}