{"id":26469,"date":"2024-08-13T10:30:34","date_gmt":"2024-08-13T08:30:34","guid":{"rendered":"https:\/\/www.siemck.pl\/?p=26469"},"modified":"2024-08-13T10:30:34","modified_gmt":"2024-08-13T08:30:34","slug":"zajecia-2024-2025-sck-bytkow","status":"publish","type":"post","link":"https:\/\/www.siemck.pl\/zajecia-2024-2025-sck-bytkow\/","title":{"rendered":"Zaj\u0119cia 2024\/2025 &#8211; SCK Bytk\u00f3w"},"content":{"rendered":"<h3><strong>Zapraszamy na zaj\u0119cia sekcji Siemianowickiego Centrum Kultury w roku szkolnym 2024\/2025:<\/strong><\/h3>\n<p>Wszelkie informacje uzyskaj\u0105 Pa\u0144stwo pod nr telefonu:<\/p>\n<p>&#x1f4de; zaj\u0119cia odbywaj\u0105ce si\u0119 w SCK Bytk\u00f3w: 32\/228 72 80 wew. 19<\/p>\n<p>&#x1f4de; zaj\u0119cia odbywaj\u0105ce si\u0119 w SCK Zameczek: 32\/204 11 27<\/p>\n<p><strong>SEKCJE &#8211; SCK BYTK\u00d3W<\/strong><\/p>\n<p>&#x1f7e6; Nowych uczestnik\u00f3w zapraszamy na spotkania organizacyjne, po kt\u00f3rych b\u0119dzie mo\u017cliwo\u015b\u0107 zapisu na zaj\u0119cia. Terminy poni\u017cej.<\/p>\n<p>&#x1f7e6; Stali uczestnicy zaj\u0119\u0107 tanecznych zostan\u0105 indywidualnie poinformowani <strong>w dniu 26 sierpnia<\/strong> o mo\u017cliwo\u015bci zapisu w systemie zaj\u0119ciowym .<\/p>\n<p>Harmonogram spotka\u0144 organizacyjnych.<\/p>\n<p><strong>Entliczki<\/strong> (dzieci 4-5 lat) &#8211; 10 wrze\u015bnia, godz. 16.30 &#8211; (zaj\u0119cia b\u0119d\u0105 odbywa\u0107 si\u0119 we wtorki, godz. 16.30)<\/p>\n<p><strong>Flesz<\/strong> (dzieci 6-7) &#8211; 10 wrze\u015bnia, godz. 17.30 &#8211; (zaj\u0119cia b\u0119d\u0105 odbywa\u0107 si\u0119 we wtorki, godz. 17.30)<\/p>\n<p><strong>Abstrakcja<\/strong> (dzieci 8-11) &#8211; 18 wrze\u015bnia, godz. 18.00 &#8211; (zaj\u0119cia b\u0119d\u0105 odbywa\u0107 si\u0119 w \u015brody, godz. 18.00)<\/p>\n<p><strong>Euforia<\/strong> (dzieci 11+)- 19 wrze\u015bnia, godz. 18.00 &#8211; <strong>Casting<\/strong> &#8211; Zg\u0142aszanie ch\u0119tnych i zapisy pod numerem telefonu 32 228 72 80 w. 19 lub 606 973 406 od 26 sierpnia (zaj\u0119cia b\u0119d\u0105 odbywa\u0107 si\u0119 w czwartki, godz. 18.00)<\/p>\n<p><strong>Studium wokalne <\/strong>(od 5 lat)\u00a0&#8211; Informacje od 26 sierpnia<\/p>\n<p><strong>Pracownia Plastyczna OKIENKO<\/strong>\u00a0(od 5 lat) &#8211; 19 wrze\u015bnia, godz. 17.00<\/p>\n<p><strong>Siemianowicka Szko\u0142a Gitary<\/strong> (dzieci od 5 roku \u017cycia, m\u0142odzie\u017c, doro\u015bli) &#8211; Informacje pod numerem telefonu 501 715 769<\/p>\n<p><strong>K\u0105cik krawiecki<\/strong> (doro\u015bli) &#8211; Informacje pod numerem telefonu 32 228 72 80 w. 19 lub 606 973 406 od 26 sierpnia<\/p>\n","protected":false},"excerpt":{"rendered":"<p>Zapraszamy na zaj\u0119cia sekcji Siemianowickiego Centrum Kultury w roku szkolnym 2024\/2025: Wszelkie informacje uzyskaj\u0105 Pa\u0144stwo pod nr telefonu: &#x1f4de; zaj\u0119cia odbywaj\u0105ce si\u0119 w SCK Bytk\u00f3w: 32\/228 72 80 wew. 19 &#x1f4de; zaj\u0119cia odbywaj\u0105ce si\u0119 w SCK Zameczek: 32\/204 11 27 SEKCJE &#8211; SCK BYTK\u00d3W &#x1f7e6; Nowych uczestnik\u00f3w zapraszamy na spotkania organizacyjne, po kt\u00f3rych b\u0119dzie mo\u017cliwo\u015b\u0107 [&hellip;]<\/p>\n","protected":false},"author":12,"featured_media":26470,"comment_status":"closed","ping_status":"open","sticky":false,"template":"","format":"standard","meta":[],"categories":[1,89,88,108,80,79,109],"tags":[],"_links":{"self":[{"href":"https:\/\/www.siemck.pl\/wp-json\/wp\/v2\/posts\/26469"}],"collection":[{"href":"https:\/\/www.siemck.pl\/wp-json\/wp\/v2\/posts"}],"about":[{"href":"https:\/\/www.siemck.pl\/wp-json\/wp\/v2\/types\/post"}],"author":[{"embeddable":true,"href":"https:\/\/www.siemck.pl\/wp-json\/wp\/v2\/users\/12"}],"replies":[{"embeddable":true,"href":"https:\/\/www.siemck.pl\/wp-json\/wp\/v2\/comments?post=26469"}],"version-history":[{"count":1,"href":"https:\/\/www.siemck.pl\/wp-json\/wp\/v2\/posts\/26469\/revisions"}],"predecessor-version":[{"id":26471,"href":"https:\/\/www.siemck.pl\/wp-json\/wp\/v2\/posts\/26469\/revisions\/26471"}],"wp:featuredmedia":[{"embeddable":true,"href":"https:\/\/www.siemck.pl\/wp-json\/wp\/v2\/media\/26470"}],"wp:attachment":[{"href":"https:\/\/www.siemck.pl\/wp-json\/wp\/v2\/media?parent=26469"}],"wp:term":[{"taxonomy":"category","embeddable":true,"href":"https:\/\/www.siemck.pl\/wp-json\/wp\/v2\/categories?post=26469"},{"taxonomy":"post_tag","embeddable":true,"href":"https:\/\/www.siemck.pl\/wp-json\/wp\/v2\/tags?post=26469"}],"curies":[{"name":"wp","href":"https:\/\/api.w.org\/{rel}","templated":true}]}}