{"id":26229,"date":"2024-06-25T13:55:07","date_gmt":"2024-06-25T11:55:07","guid":{"rendered":"https:\/\/www.siemck.pl\/?p=26229"},"modified":"2024-06-25T13:57:02","modified_gmt":"2024-06-25T11:57:02","slug":"kasa-biletowa-sck-bytkow-godziny-otwarcia","status":"publish","type":"post","link":"https:\/\/www.siemck.pl\/kasa-biletowa-sck-bytkow-godziny-otwarcia\/","title":{"rendered":"Kasa biletowa SCK Bytk\u00f3w &#8211; godziny otwarcia"},"content":{"rendered":"<p><strong>W lipcu i sierpniu KASA czynna w godzinach 7.30-14.30<\/strong><\/p>\n<p><strong>Bilety dost\u0119pne s\u0105 te\u017c on-line:\u00a0\u00a0<\/strong><a role=\"link\" href=\"http:\/\/www.bilety.siemck.pl\/\"><strong>www.bilety.siemck.pl<\/strong><\/a><\/p>\n","protected":false},"excerpt":{"rendered":"<p>W lipcu i sierpniu KASA czynna w godzinach 7.30-14.30 Bilety dost\u0119pne s\u0105 te\u017c on-line:\u00a0\u00a0www.bilety.siemck.pl<\/p>\n","protected":false},"author":12,"featured_media":23865,"comment_status":"closed","ping_status":"open","sticky":false,"template":"","format":"standard","meta":[],"categories":[1],"tags":[],"_links":{"self":[{"href":"https:\/\/www.siemck.pl\/wp-json\/wp\/v2\/posts\/26229"}],"collection":[{"href":"https:\/\/www.siemck.pl\/wp-json\/wp\/v2\/posts"}],"about":[{"href":"https:\/\/www.siemck.pl\/wp-json\/wp\/v2\/types\/post"}],"author":[{"embeddable":true,"href":"https:\/\/www.siemck.pl\/wp-json\/wp\/v2\/users\/12"}],"replies":[{"embeddable":true,"href":"https:\/\/www.siemck.pl\/wp-json\/wp\/v2\/comments?post=26229"}],"version-history":[{"count":1,"href":"https:\/\/www.siemck.pl\/wp-json\/wp\/v2\/posts\/26229\/revisions"}],"predecessor-version":[{"id":26230,"href":"https:\/\/www.siemck.pl\/wp-json\/wp\/v2\/posts\/26229\/revisions\/26230"}],"wp:featuredmedia":[{"embeddable":true,"href":"https:\/\/www.siemck.pl\/wp-json\/wp\/v2\/media\/23865"}],"wp:attachment":[{"href":"https:\/\/www.siemck.pl\/wp-json\/wp\/v2\/media?parent=26229"}],"wp:term":[{"taxonomy":"category","embeddable":true,"href":"https:\/\/www.siemck.pl\/wp-json\/wp\/v2\/categories?post=26229"},{"taxonomy":"post_tag","embeddable":true,"href":"https:\/\/www.siemck.pl\/wp-json\/wp\/v2\/tags?post=26229"}],"curies":[{"name":"wp","href":"https:\/\/api.w.org\/{rel}","templated":true}]}}