{"id":25893,"date":"2024-05-21T09:48:45","date_gmt":"2024-05-21T07:48:45","guid":{"rendered":"https:\/\/www.siemck.pl\/?p=25893"},"modified":"2024-05-21T09:48:45","modified_gmt":"2024-05-21T07:48:45","slug":"industriada","status":"publish","type":"post","link":"https:\/\/www.siemck.pl\/industriada\/","title":{"rendered":"INDUSTRIADA"},"content":{"rendered":"<div class=\"tribe-events-single-event-description tribe-events-content entry-content description\">\n<p>Zapraszamy do SCK Parku Tradycji na kolejny Fina\u0142 Szlaku Zabytk\u00f3w Techniki \u2013 INDUSTRIAD\u0118<\/p>\n<p>INDUFAJER DLA RODZIN Z DZIE\u0106MI<\/p>\n<p>12.00-18.00 \u2013 Karuzela \u0142a\u0144cuszkowa, dmucha\u0144ce, s\u0142odko\u015bci, industrialny plac zabaw, quest, kiermasz prezent\u00f3w, espace room \/ w plenerze i w budynku<\/p>\n<p>14.30 \u2013 15.30 \u2013 \u201eNaukowcy\u201d \u2013 Teatr Lalek Marka \u017by\u0142y \/ w budynku<\/p>\n<p>15.00 18.00 \u2013 Animacje DJ Kris, wyst\u0119py artystyczne, happening plastyczny Pracowni OKIENKO, gra fabularna, strefa warsztat\u00f3w kreatywnych, Pracownia Kreatywna H2O Majstra Klepki\/ w plenerze i w budynku<\/p>\n<p>DLA PASJONAT\u00d3W\/ w budynku<\/p>\n<p>12.00 \u2013 13.30 \u2013 \u201ePrzemys\u0142owe tropy\u201d \u2013 zwiedzanie z Ma\u0142gorzat\u0105 Derus<\/p>\n<p>16.00 \u2013 18.00 \u2013 \u201eGhosts of Industry 15!<strong>\u00a0\u2013<\/strong>\u00a0instalacja artystyczna Marka Sta\u0144czyka<\/p>\n<p>17.30 \u2013 18.00 \u2013 \u201e\u015alady Industriady\u201d \u2013 wystawa fotograficzna<\/p>\n<p>MUZYCZNY FINA\u0141\/ w plenerze<\/p>\n<p>18.00-19.30 \u2013 Koncert zespo\u0142u APSOLVENCI pod Szybem Krystyn<\/p>\n<p>Wst\u0119p wolny<\/p>\n<\/div>\n","protected":false},"excerpt":{"rendered":"<p>Zapraszamy do SCK Parku Tradycji na kolejny Fina\u0142 Szlaku Zabytk\u00f3w Techniki \u2013 INDUSTRIAD\u0118 INDUFAJER DLA RODZIN Z DZIE\u0106MI 12.00-18.00 \u2013 Karuzela \u0142a\u0144cuszkowa, dmucha\u0144ce, s\u0142odko\u015bci, industrialny plac zabaw, quest, kiermasz prezent\u00f3w, espace room \/ w plenerze i w budynku 14.30 \u2013 15.30 \u2013 \u201eNaukowcy\u201d \u2013 Teatr Lalek Marka \u017by\u0142y \/ w budynku 15.00 18.00 \u2013 Animacje [&hellip;]<\/p>\n","protected":false},"author":12,"featured_media":25867,"comment_status":"closed","ping_status":"open","sticky":false,"template":"","format":"standard","meta":[],"categories":[1,89,88],"tags":[],"_links":{"self":[{"href":"https:\/\/www.siemck.pl\/wp-json\/wp\/v2\/posts\/25893"}],"collection":[{"href":"https:\/\/www.siemck.pl\/wp-json\/wp\/v2\/posts"}],"about":[{"href":"https:\/\/www.siemck.pl\/wp-json\/wp\/v2\/types\/post"}],"author":[{"embeddable":true,"href":"https:\/\/www.siemck.pl\/wp-json\/wp\/v2\/users\/12"}],"replies":[{"embeddable":true,"href":"https:\/\/www.siemck.pl\/wp-json\/wp\/v2\/comments?post=25893"}],"version-history":[{"count":1,"href":"https:\/\/www.siemck.pl\/wp-json\/wp\/v2\/posts\/25893\/revisions"}],"predecessor-version":[{"id":25894,"href":"https:\/\/www.siemck.pl\/wp-json\/wp\/v2\/posts\/25893\/revisions\/25894"}],"wp:featuredmedia":[{"embeddable":true,"href":"https:\/\/www.siemck.pl\/wp-json\/wp\/v2\/media\/25867"}],"wp:attachment":[{"href":"https:\/\/www.siemck.pl\/wp-json\/wp\/v2\/media?parent=25893"}],"wp:term":[{"taxonomy":"category","embeddable":true,"href":"https:\/\/www.siemck.pl\/wp-json\/wp\/v2\/categories?post=25893"},{"taxonomy":"post_tag","embeddable":true,"href":"https:\/\/www.siemck.pl\/wp-json\/wp\/v2\/tags?post=25893"}],"curies":[{"name":"wp","href":"https:\/\/api.w.org\/{rel}","templated":true}]}}