{"id":25842,"date":"2024-04-29T13:53:08","date_gmt":"2024-04-29T11:53:08","guid":{"rendered":"https:\/\/www.siemck.pl\/?p=25842"},"modified":"2024-05-08T09:52:27","modified_gmt":"2024-05-08T07:52:27","slug":"kasa-sck-bytkow-w-maju-2","status":"publish","type":"post","link":"https:\/\/www.siemck.pl\/kasa-sck-bytkow-w-maju-2\/","title":{"rendered":"Kasa SCK- Bytk\u00f3w w maju"},"content":{"rendered":"<p>W maju sprzeda\u017c bilet\u00f3w w kasie SCK- Bytk\u00f3w odbywa\u0107 si\u0119 b\u0119dzie w nast\u0119puj\u0105cych godzinach:<\/p>\n<p>\u2013 poniedzia\u0142ek i wtorek \u00a0w godzinach 11.30-18.30<\/p>\n<p>\u2013 \u015broda w godzinach 9.30-14.30<\/p>\n<p>\u2013 \u00a0czwartek i pi\u0105tek w godzinach 9.30-16.30<\/p>\n<p><strong><u>Wyj\u0105tki:<\/u><\/strong><\/p>\n<p>-2 (czwartek) nieczynne<br \/>\n-10 (pi\u0105tek) koncert Micha\u0142 Bajor 13.30-19.30<br \/>\n-17 (pi\u0105tek) koncert Rewia gwiazd 11.30-18.30<br \/>\n-23 (czwartek) koncert \u0141obaszewska 13.30-19.30<br \/>\n-24 (pi\u0105tek) koncert Dariusz Kordek 13.30-19.30<br \/>\n-31 (pi\u0105tek) nieczynne<\/p>\n<p><strong>\u00a0<\/strong><\/p>\n<p><strong>Bilety dost\u0119pne s\u0105 te\u017c on-line:\u00a0 <\/strong><a href=\"http:\/\/www.bilety.siemck.pl\/\"><strong>www.bilety.siemck.pl<\/strong><\/a><\/p>\n","protected":false},"excerpt":{"rendered":"<p>W maju sprzeda\u017c bilet\u00f3w w kasie SCK- Bytk\u00f3w odbywa\u0107 si\u0119 b\u0119dzie w nast\u0119puj\u0105cych godzinach: \u2013 poniedzia\u0142ek i wtorek \u00a0w godzinach 11.30-18.30 \u2013 \u015broda w godzinach 9.30-14.30 \u2013 \u00a0czwartek i pi\u0105tek w godzinach 9.30-16.30 Wyj\u0105tki: -2 (czwartek) nieczynne -10 (pi\u0105tek) koncert Micha\u0142 Bajor 13.30-19.30 -17 (pi\u0105tek) koncert Rewia gwiazd 11.30-18.30 -23 (czwartek) koncert \u0141obaszewska 13.30-19.30 -24 [&hellip;]<\/p>\n","protected":false},"author":6,"featured_media":23865,"comment_status":"closed","ping_status":"open","sticky":false,"template":"","format":"standard","meta":[],"categories":[1],"tags":[],"_links":{"self":[{"href":"https:\/\/www.siemck.pl\/wp-json\/wp\/v2\/posts\/25842"}],"collection":[{"href":"https:\/\/www.siemck.pl\/wp-json\/wp\/v2\/posts"}],"about":[{"href":"https:\/\/www.siemck.pl\/wp-json\/wp\/v2\/types\/post"}],"author":[{"embeddable":true,"href":"https:\/\/www.siemck.pl\/wp-json\/wp\/v2\/users\/6"}],"replies":[{"embeddable":true,"href":"https:\/\/www.siemck.pl\/wp-json\/wp\/v2\/comments?post=25842"}],"version-history":[{"count":2,"href":"https:\/\/www.siemck.pl\/wp-json\/wp\/v2\/posts\/25842\/revisions"}],"predecessor-version":[{"id":25857,"href":"https:\/\/www.siemck.pl\/wp-json\/wp\/v2\/posts\/25842\/revisions\/25857"}],"wp:featuredmedia":[{"embeddable":true,"href":"https:\/\/www.siemck.pl\/wp-json\/wp\/v2\/media\/23865"}],"wp:attachment":[{"href":"https:\/\/www.siemck.pl\/wp-json\/wp\/v2\/media?parent=25842"}],"wp:term":[{"taxonomy":"category","embeddable":true,"href":"https:\/\/www.siemck.pl\/wp-json\/wp\/v2\/categories?post=25842"},{"taxonomy":"post_tag","embeddable":true,"href":"https:\/\/www.siemck.pl\/wp-json\/wp\/v2\/tags?post=25842"}],"curies":[{"name":"wp","href":"https:\/\/api.w.org\/{rel}","templated":true}]}}