{"id":25749,"date":"2024-03-20T14:21:09","date_gmt":"2024-03-20T13:21:09","guid":{"rendered":"https:\/\/www.siemck.pl\/?p=25749"},"modified":"2024-03-20T14:21:09","modified_gmt":"2024-03-20T13:21:09","slug":"kasa-biletowa-21-marca","status":"publish","type":"post","link":"https:\/\/www.siemck.pl\/kasa-biletowa-21-marca\/","title":{"rendered":"Kasa biletowa 21 marca"},"content":{"rendered":"<p>Informujemy, \u017ce w<strong> czwartek 21 marca kasa biletowa SCK- Bytk\u00f3w czynna b\u0119dzie w godzinach 9.30-14.30<\/strong><\/p>\n<p>&nbsp;<\/p>\n","protected":false},"excerpt":{"rendered":"<p>Informujemy, \u017ce w czwartek 21 marca kasa biletowa SCK- Bytk\u00f3w czynna b\u0119dzie w godzinach 9.30-14.30 &nbsp;<\/p>\n","protected":false},"author":6,"featured_media":23865,"comment_status":"closed","ping_status":"open","sticky":false,"template":"","format":"standard","meta":[],"categories":[1],"tags":[],"_links":{"self":[{"href":"https:\/\/www.siemck.pl\/wp-json\/wp\/v2\/posts\/25749"}],"collection":[{"href":"https:\/\/www.siemck.pl\/wp-json\/wp\/v2\/posts"}],"about":[{"href":"https:\/\/www.siemck.pl\/wp-json\/wp\/v2\/types\/post"}],"author":[{"embeddable":true,"href":"https:\/\/www.siemck.pl\/wp-json\/wp\/v2\/users\/6"}],"replies":[{"embeddable":true,"href":"https:\/\/www.siemck.pl\/wp-json\/wp\/v2\/comments?post=25749"}],"version-history":[{"count":1,"href":"https:\/\/www.siemck.pl\/wp-json\/wp\/v2\/posts\/25749\/revisions"}],"predecessor-version":[{"id":25750,"href":"https:\/\/www.siemck.pl\/wp-json\/wp\/v2\/posts\/25749\/revisions\/25750"}],"wp:featuredmedia":[{"embeddable":true,"href":"https:\/\/www.siemck.pl\/wp-json\/wp\/v2\/media\/23865"}],"wp:attachment":[{"href":"https:\/\/www.siemck.pl\/wp-json\/wp\/v2\/media?parent=25749"}],"wp:term":[{"taxonomy":"category","embeddable":true,"href":"https:\/\/www.siemck.pl\/wp-json\/wp\/v2\/categories?post=25749"},{"taxonomy":"post_tag","embeddable":true,"href":"https:\/\/www.siemck.pl\/wp-json\/wp\/v2\/tags?post=25749"}],"curies":[{"name":"wp","href":"https:\/\/api.w.org\/{rel}","templated":true}]}}