{"id":25251,"date":"2024-02-01T14:45:33","date_gmt":"2024-02-01T13:45:33","guid":{"rendered":"https:\/\/www.siemck.pl\/?p=25251"},"modified":"2024-02-01T15:40:06","modified_gmt":"2024-02-01T14:40:06","slug":"informacja-dotyczaca-biesiady-dla-seniorow","status":"publish","type":"post","link":"https:\/\/www.siemck.pl\/informacja-dotyczaca-biesiady-dla-seniorow\/","title":{"rendered":"Informacja dotycz\u0105ca Biesiady dla Senior\u00f3w!!!"},"content":{"rendered":"<p><b>W zwi\u0105zku z ogromnym zainteresowaniem, kt\u00f3re przeros\u0142o oczekiwania organizator\u00f3w, Siemianowickie Centrum Kultury poinformowa\u0142o o tym fakcie odpowiednie kom\u00f3rki Urz\u0119du Miasta.<\/b><\/p>\n<p><b>Aktualnie szukamy rozwi\u0105zania, kt\u00f3re pozwoli wi\u0119kszej ilo\u015bci senior\u00f3w na skorzystanie z naszej oferty. <\/b><b>Prosimy o \u015bledzenie komunikat\u00f3w zamieszczanych w mediach spo\u0142eczno\u015bciowych SCK, Urz\u0119du Miasta oraz Prezydenta Siemianowic \u015al\u0105skich.\u00a0<\/b><\/p>\n<p><b>Wszystkie wej\u015bci\u00f3wki zosta\u0142y wydane zgodnie z procedurami, co zosta\u0142o potwierdzone przez specjalnie powo\u0142an\u0105 komisj\u0119.<\/b><\/p>\n<p><strong>Cieszymy si\u0119, \u017ce wydarzenia kierowane do senior\u00f3w s\u0105 tak popularne. Mamy nadziej\u0119, \u017ce znajdziemy rozwi\u0105zanie, kt\u00f3re pozwoli wszystkim ch\u0119tnym uczestniczy\u0107 w biesiadzie, podczas kt\u00f3rej wyst\u0105pi\u0105 Alex Martinez oraz Tadeusz Zdechlikiewicz.<\/strong><\/p>\n<p>&nbsp;<\/p>\n","protected":false},"excerpt":{"rendered":"<p>W zwi\u0105zku z ogromnym zainteresowaniem, kt\u00f3re przeros\u0142o oczekiwania organizator\u00f3w, Siemianowickie Centrum Kultury poinformowa\u0142o o tym fakcie odpowiednie kom\u00f3rki Urz\u0119du Miasta. Aktualnie szukamy rozwi\u0105zania, kt\u00f3re pozwoli wi\u0119kszej ilo\u015bci senior\u00f3w na skorzystanie z naszej oferty. Prosimy o \u015bledzenie komunikat\u00f3w zamieszczanych w mediach spo\u0142eczno\u015bciowych SCK, Urz\u0119du Miasta oraz Prezydenta Siemianowic \u015al\u0105skich.\u00a0 Wszystkie wej\u015bci\u00f3wki zosta\u0142y wydane zgodnie z procedurami, [&hellip;]<\/p>\n","protected":false},"author":10,"featured_media":25252,"comment_status":"closed","ping_status":"open","sticky":false,"template":"","format":"standard","meta":[],"categories":[1],"tags":[],"_links":{"self":[{"href":"https:\/\/www.siemck.pl\/wp-json\/wp\/v2\/posts\/25251"}],"collection":[{"href":"https:\/\/www.siemck.pl\/wp-json\/wp\/v2\/posts"}],"about":[{"href":"https:\/\/www.siemck.pl\/wp-json\/wp\/v2\/types\/post"}],"author":[{"embeddable":true,"href":"https:\/\/www.siemck.pl\/wp-json\/wp\/v2\/users\/10"}],"replies":[{"embeddable":true,"href":"https:\/\/www.siemck.pl\/wp-json\/wp\/v2\/comments?post=25251"}],"version-history":[{"count":3,"href":"https:\/\/www.siemck.pl\/wp-json\/wp\/v2\/posts\/25251\/revisions"}],"predecessor-version":[{"id":25255,"href":"https:\/\/www.siemck.pl\/wp-json\/wp\/v2\/posts\/25251\/revisions\/25255"}],"wp:featuredmedia":[{"embeddable":true,"href":"https:\/\/www.siemck.pl\/wp-json\/wp\/v2\/media\/25252"}],"wp:attachment":[{"href":"https:\/\/www.siemck.pl\/wp-json\/wp\/v2\/media?parent=25251"}],"wp:term":[{"taxonomy":"category","embeddable":true,"href":"https:\/\/www.siemck.pl\/wp-json\/wp\/v2\/categories?post=25251"},{"taxonomy":"post_tag","embeddable":true,"href":"https:\/\/www.siemck.pl\/wp-json\/wp\/v2\/tags?post=25251"}],"curies":[{"name":"wp","href":"https:\/\/api.w.org\/{rel}","templated":true}]}}