{"id":25249,"date":"2024-01-31T13:36:34","date_gmt":"2024-01-31T12:36:34","guid":{"rendered":"https:\/\/www.siemck.pl\/?p=25249"},"modified":"2024-01-31T13:36:34","modified_gmt":"2024-01-31T12:36:34","slug":"kasa-biletowa-sck-bytkow-w-lutym","status":"publish","type":"post","link":"https:\/\/www.siemck.pl\/kasa-biletowa-sck-bytkow-w-lutym\/","title":{"rendered":"Kasa biletowa SCK- Bytk\u00f3w w lutym"},"content":{"rendered":"<p><strong><u>W lutym sprzeda\u017c bilet\u00f3w w kasie SCK- Bytk\u00f3w: <\/u><\/strong><\/p>\n<p><strong>&#8211; poniedzia\u0142ek i wtorek \u00a0w godzinach 11.30-18.30<\/strong><\/p>\n<p><strong>&#8211; \u015broda w godzinach 9.30-14.30<\/strong><\/p>\n<p><strong>&#8211; \u00a0czwartek i pi\u0105tek w godzinach 9.30-16.30<\/strong><\/p>\n<p>&nbsp;<\/p>\n<p><strong><u>Dodatkowo:<\/u><\/strong><\/p>\n<p><strong>25.02, godz. 15.00-17.00- \u00a0Koncert \u015apiewaj\u0105cej Rodziny Kaczmarek<\/strong><\/p>\n<p><strong>29.02 (czwartek), godz. 14.00-19.00- Koncert Macieja Balcara <\/strong><\/p>\n<p><strong>\u00a0<\/strong><\/p>\n<p><strong>Bilety dost\u0119pne s\u0105 te\u017c on-line:\u00a0 <\/strong><a href=\"http:\/\/www.bilety.siemck.pl\/\"><strong>www.bilety.siemck.pl<\/strong><\/a><\/p>\n","protected":false},"excerpt":{"rendered":"<p>W lutym sprzeda\u017c bilet\u00f3w w kasie SCK- Bytk\u00f3w: &#8211; poniedzia\u0142ek i wtorek \u00a0w godzinach 11.30-18.30 &#8211; \u015broda w godzinach 9.30-14.30 &#8211; \u00a0czwartek i pi\u0105tek w godzinach 9.30-16.30 &nbsp; Dodatkowo: 25.02, godz. 15.00-17.00- \u00a0Koncert \u015apiewaj\u0105cej Rodziny Kaczmarek 29.02 (czwartek), godz. 14.00-19.00- Koncert Macieja Balcara \u00a0 Bilety dost\u0119pne s\u0105 te\u017c on-line:\u00a0 www.bilety.siemck.pl<\/p>\n","protected":false},"author":6,"featured_media":23865,"comment_status":"closed","ping_status":"open","sticky":false,"template":"","format":"standard","meta":[],"categories":[1],"tags":[],"_links":{"self":[{"href":"https:\/\/www.siemck.pl\/wp-json\/wp\/v2\/posts\/25249"}],"collection":[{"href":"https:\/\/www.siemck.pl\/wp-json\/wp\/v2\/posts"}],"about":[{"href":"https:\/\/www.siemck.pl\/wp-json\/wp\/v2\/types\/post"}],"author":[{"embeddable":true,"href":"https:\/\/www.siemck.pl\/wp-json\/wp\/v2\/users\/6"}],"replies":[{"embeddable":true,"href":"https:\/\/www.siemck.pl\/wp-json\/wp\/v2\/comments?post=25249"}],"version-history":[{"count":1,"href":"https:\/\/www.siemck.pl\/wp-json\/wp\/v2\/posts\/25249\/revisions"}],"predecessor-version":[{"id":25250,"href":"https:\/\/www.siemck.pl\/wp-json\/wp\/v2\/posts\/25249\/revisions\/25250"}],"wp:featuredmedia":[{"embeddable":true,"href":"https:\/\/www.siemck.pl\/wp-json\/wp\/v2\/media\/23865"}],"wp:attachment":[{"href":"https:\/\/www.siemck.pl\/wp-json\/wp\/v2\/media?parent=25249"}],"wp:term":[{"taxonomy":"category","embeddable":true,"href":"https:\/\/www.siemck.pl\/wp-json\/wp\/v2\/categories?post=25249"},{"taxonomy":"post_tag","embeddable":true,"href":"https:\/\/www.siemck.pl\/wp-json\/wp\/v2\/tags?post=25249"}],"curies":[{"name":"wp","href":"https:\/\/api.w.org\/{rel}","templated":true}]}}