{"id":25237,"date":"2024-01-26T10:47:54","date_gmt":"2024-01-26T09:47:54","guid":{"rendered":"https:\/\/www.siemck.pl\/?p=25237"},"modified":"2024-01-26T10:47:54","modified_gmt":"2024-01-26T09:47:54","slug":"w-dniu-30-01-kasa-czynna-krocej","status":"publish","type":"post","link":"https:\/\/www.siemck.pl\/w-dniu-30-01-kasa-czynna-krocej\/","title":{"rendered":"W dniu 30.01. kasa czynna kr\u00f3cej"},"content":{"rendered":"<p>W dniu 30 stycznia 2024 r. kasa w SCK Bytk\u00f3w b\u0119dzie czynna w godzinach 11.30 &#8211; 14.30.<\/p>\n<p>Za utrudnienia przepraszamy.<\/p>\n<p>Przypominamy, \u017ce bilety dost\u0119pne s\u0105 tak\u017ce na stronie:<\/p>\n<p><a href=\"https:\/\/bilety.siemck.pl\/\">https:\/\/bilety.siemck.pl\/<\/a><\/p>\n","protected":false},"excerpt":{"rendered":"<p>W dniu 30 stycznia 2024 r. kasa w SCK Bytk\u00f3w b\u0119dzie czynna w godzinach 11.30 &#8211; 14.30. Za utrudnienia przepraszamy. Przypominamy, \u017ce bilety dost\u0119pne s\u0105 tak\u017ce na stronie: https:\/\/bilety.siemck.pl\/<\/p>\n","protected":false},"author":12,"featured_media":23865,"comment_status":"closed","ping_status":"open","sticky":false,"template":"","format":"standard","meta":[],"categories":[1],"tags":[],"_links":{"self":[{"href":"https:\/\/www.siemck.pl\/wp-json\/wp\/v2\/posts\/25237"}],"collection":[{"href":"https:\/\/www.siemck.pl\/wp-json\/wp\/v2\/posts"}],"about":[{"href":"https:\/\/www.siemck.pl\/wp-json\/wp\/v2\/types\/post"}],"author":[{"embeddable":true,"href":"https:\/\/www.siemck.pl\/wp-json\/wp\/v2\/users\/12"}],"replies":[{"embeddable":true,"href":"https:\/\/www.siemck.pl\/wp-json\/wp\/v2\/comments?post=25237"}],"version-history":[{"count":1,"href":"https:\/\/www.siemck.pl\/wp-json\/wp\/v2\/posts\/25237\/revisions"}],"predecessor-version":[{"id":25238,"href":"https:\/\/www.siemck.pl\/wp-json\/wp\/v2\/posts\/25237\/revisions\/25238"}],"wp:featuredmedia":[{"embeddable":true,"href":"https:\/\/www.siemck.pl\/wp-json\/wp\/v2\/media\/23865"}],"wp:attachment":[{"href":"https:\/\/www.siemck.pl\/wp-json\/wp\/v2\/media?parent=25237"}],"wp:term":[{"taxonomy":"category","embeddable":true,"href":"https:\/\/www.siemck.pl\/wp-json\/wp\/v2\/categories?post=25237"},{"taxonomy":"post_tag","embeddable":true,"href":"https:\/\/www.siemck.pl\/wp-json\/wp\/v2\/tags?post=25237"}],"curies":[{"name":"wp","href":"https:\/\/api.w.org\/{rel}","templated":true}]}}