{"id":25195,"date":"2024-01-16T10:00:09","date_gmt":"2024-01-16T09:00:09","guid":{"rendered":"https:\/\/www.siemck.pl\/?p=25195"},"modified":"2024-01-16T10:00:09","modified_gmt":"2024-01-16T09:00:09","slug":"akcja-zima-w-sck-3","status":"publish","type":"post","link":"https:\/\/www.siemck.pl\/akcja-zima-w-sck-3\/","title":{"rendered":"Akcja Zima w SCK"},"content":{"rendered":"<p><u>AKCJA ZIMA (29 stycznia \u2013 2 luty, 5 luty \u2013 9 luty)<\/u><\/p>\n<p><strong>29 stycznia (poniedzia\u0142ek), godz. 10.00<\/strong> \u2013 SCK Zameczek &#8211; Zimowe witra\u017ce \u2013 zaj\u0119cia dla dzieci w wieku 7-10 lat. Bezp\u0142atne wej\u015bci\u00f3wki do odbioru od 15.01.2024r.<\/p>\n<p><strong>29 stycznia \u2013 2 lutego (poniedzia\u0142ek \u2013 pi\u0105tek), godz. 11.00<\/strong> \u2013 SCK Park Tradycji &#8211; KINO DLA DZIECI, wst\u0119p wolny<\/p>\n<p><strong>29 stycznia \u2013 2 lutego (poniedzia\u0142ek \u2013 pi\u0105tek), godz. 10.00-15.00<\/strong> \u2013 SCK Park Tradycji \u2013 Pok\u00f3j do s\u0142uchania, wst\u0119p wolny<\/p>\n<p><strong>29-31 stycznia (poniedzia\u0142ek \u2013 \u015broda), godz. 13.00<\/strong> \u2013 SCK Park Tradycji &#8211; DZIECIAKI DAJ\u0104 G\u0141OS \u2013 warsztaty z dubbingowania i aktorstwa (cykl 3 dniowych warsztat\u00f3w), wymagane wcze\u015bniejsze zapisy, ilo\u015b\u0107 miejsc ograniczona (15 os\u00f3b), prowadzenie Monika Szomko<\/p>\n<p><strong>1 lutego (czwartek), godz. 18.00<\/strong> &#8211; SCK Bytk\u00f3w &#8211; Opowie\u015b\u0107 wigilijna &#8211; gra fabularna na \u017cywo na kanwie opowiadania Karola Dickensa; udzia\u0142 bezp\u0142atny, zapisy: (32) 2287280, w. 11, udzia\u0142 dzieci wy\u0142\u0105cznie pod opiek\u0105 os\u00f3b doros\u0142ych<\/p>\n<p><strong>1 lutego (czwartek), godz. 12.30<\/strong> \u2013 SCK Park Tradycji &#8211; \u0141AMIG\u0141\u00d3WKI M\u0104DREJ G\u0141\u00d3WKI &#8211; po projekcji filmowej \u2013 prelekcja\/zaj\u0119cia dla dzieci<\/p>\n<p><strong>2 lutego (pi\u0105tek), godz. 10.00-15.00<\/strong> \u2013 SCK Park Tradycji \u2013 ESCAPE ROOM DLA DZIECI \u2013 udzia\u0142 dzieci wraz z opiekunami, wej\u015bcia: co 20 min., czas trwania: ok. 15 min., wst\u0119p wolny<\/p>\n<p><strong>6 lutego (wtorek), godz. 10.00<\/strong> \u2013 SCK Zameczek \u2013 Nie taki jazz straszny, audycja muzyczna dla dzieci \u2013 wst\u0119p wolny, bezp\u0142atne wej\u015bci\u00f3wki do odbioru od 22.01. w SCK Zameczek<\/p>\n<p><strong>7-8 lutego (\u015broda \u2013 czwartek), godz. 13.00<\/strong> \u2013 SCK Park Tradycji \u2013 JESTEM PREZENTEREM \u2013 cykl dwudniowych warsztat\u00f3w z kadrowania, wyst\u0119powania przed kamer\u0105, realizacji materia\u0142\u00f3w tv, prowadzenie: Marek Omelan, wymagane wcze\u015bniejsze zapisy, ilo\u015b\u0107 miejsc ograniczona<\/p>\n<p>&nbsp;<\/p>\n<p>ZAPRASZAMY &#x2744;&#x2744;&#x2744;<\/p>\n","protected":false},"excerpt":{"rendered":"<p>AKCJA ZIMA (29 stycznia \u2013 2 luty, 5 luty \u2013 9 luty) 29 stycznia (poniedzia\u0142ek), godz. 10.00 \u2013 SCK Zameczek &#8211; Zimowe witra\u017ce \u2013 zaj\u0119cia dla dzieci w wieku 7-10 lat. Bezp\u0142atne wej\u015bci\u00f3wki do odbioru od 15.01.2024r. 29 stycznia \u2013 2 lutego (poniedzia\u0142ek \u2013 pi\u0105tek), godz. 11.00 \u2013 SCK Park Tradycji &#8211; KINO DLA DZIECI, [&hellip;]<\/p>\n","protected":false},"author":12,"featured_media":25196,"comment_status":"closed","ping_status":"open","sticky":false,"template":"","format":"standard","meta":[],"categories":[1,88],"tags":[],"_links":{"self":[{"href":"https:\/\/www.siemck.pl\/wp-json\/wp\/v2\/posts\/25195"}],"collection":[{"href":"https:\/\/www.siemck.pl\/wp-json\/wp\/v2\/posts"}],"about":[{"href":"https:\/\/www.siemck.pl\/wp-json\/wp\/v2\/types\/post"}],"author":[{"embeddable":true,"href":"https:\/\/www.siemck.pl\/wp-json\/wp\/v2\/users\/12"}],"replies":[{"embeddable":true,"href":"https:\/\/www.siemck.pl\/wp-json\/wp\/v2\/comments?post=25195"}],"version-history":[{"count":1,"href":"https:\/\/www.siemck.pl\/wp-json\/wp\/v2\/posts\/25195\/revisions"}],"predecessor-version":[{"id":25197,"href":"https:\/\/www.siemck.pl\/wp-json\/wp\/v2\/posts\/25195\/revisions\/25197"}],"wp:featuredmedia":[{"embeddable":true,"href":"https:\/\/www.siemck.pl\/wp-json\/wp\/v2\/media\/25196"}],"wp:attachment":[{"href":"https:\/\/www.siemck.pl\/wp-json\/wp\/v2\/media?parent=25195"}],"wp:term":[{"taxonomy":"category","embeddable":true,"href":"https:\/\/www.siemck.pl\/wp-json\/wp\/v2\/categories?post=25195"},{"taxonomy":"post_tag","embeddable":true,"href":"https:\/\/www.siemck.pl\/wp-json\/wp\/v2\/tags?post=25195"}],"curies":[{"name":"wp","href":"https:\/\/api.w.org\/{rel}","templated":true}]}}