{"id":25022,"date":"2023-12-28T14:41:03","date_gmt":"2023-12-28T13:41:03","guid":{"rendered":"https:\/\/www.siemck.pl\/?p=25022"},"modified":"2024-01-26T10:50:21","modified_gmt":"2024-01-26T09:50:21","slug":"kasa-biletowa-sck-bytkow-w-styczniu-2024","status":"publish","type":"post","link":"https:\/\/www.siemck.pl\/kasa-biletowa-sck-bytkow-w-styczniu-2024\/","title":{"rendered":"Kasa biletowa SCK- Bytk\u00f3w w styczniu 2024"},"content":{"rendered":"<p><strong>W styczniu sprzeda\u017c bilet\u00f3w w kasie SCK- Bytk\u00f3w odbywa\u0107 si\u0119 b\u0119dzie w nast\u0119puj\u0105cych godzinach: <\/strong><\/p>\n<p><strong>&#8211; poniedzia\u0142ek i wtorek \u00a0w godzinach 11.30-18.30<\/strong><\/p>\n<p><strong>&#8211; \u015broda w godzinach 9.30-14.30<\/strong><\/p>\n<p><strong>&#8211; \u00a0czwartek i pi\u0105tek w godzinach 9.30-16.30<\/strong><\/p>\n<p><strong><u>Dodatkowo:<\/u><\/strong><\/p>\n<p><strong>&#8211; 20.01 (sobota) w godz. 16.00-19.00 &#8211; Koncert muzyki brazylijskiej<\/strong><\/p>\n<p><strong>\u2013 23.01 (wtorek) w godz. 11.30-14.30<\/strong><\/p>\n<p><strong>2 stycznia (wtorek) kasa nieczynna<\/strong><\/p>\n<p><strong>\u00a0<\/strong><\/p>\n<p><strong>Bilety dost\u0119pne s\u0105 r\u00f3wnie\u017c on-line na <\/strong><a href=\"http:\/\/www.bilety.siemck.pl\/\"><strong>www.bilety.siemck.pl<\/strong><\/a><\/p>\n","protected":false},"excerpt":{"rendered":"<p>W styczniu sprzeda\u017c bilet\u00f3w w kasie SCK- Bytk\u00f3w odbywa\u0107 si\u0119 b\u0119dzie w nast\u0119puj\u0105cych godzinach: &#8211; poniedzia\u0142ek i wtorek \u00a0w godzinach 11.30-18.30 &#8211; \u015broda w godzinach 9.30-14.30 &#8211; \u00a0czwartek i pi\u0105tek w godzinach 9.30-16.30 Dodatkowo: &#8211; 20.01 (sobota) w godz. 16.00-19.00 &#8211; Koncert muzyki brazylijskiej \u2013 23.01 (wtorek) w godz. 11.30-14.30 2 stycznia (wtorek) kasa nieczynna [&hellip;]<\/p>\n","protected":false},"author":6,"featured_media":23865,"comment_status":"closed","ping_status":"open","sticky":false,"template":"","format":"standard","meta":[],"categories":[1],"tags":[],"_links":{"self":[{"href":"https:\/\/www.siemck.pl\/wp-json\/wp\/v2\/posts\/25022"}],"collection":[{"href":"https:\/\/www.siemck.pl\/wp-json\/wp\/v2\/posts"}],"about":[{"href":"https:\/\/www.siemck.pl\/wp-json\/wp\/v2\/types\/post"}],"author":[{"embeddable":true,"href":"https:\/\/www.siemck.pl\/wp-json\/wp\/v2\/users\/6"}],"replies":[{"embeddable":true,"href":"https:\/\/www.siemck.pl\/wp-json\/wp\/v2\/comments?post=25022"}],"version-history":[{"count":2,"href":"https:\/\/www.siemck.pl\/wp-json\/wp\/v2\/posts\/25022\/revisions"}],"predecessor-version":[{"id":25240,"href":"https:\/\/www.siemck.pl\/wp-json\/wp\/v2\/posts\/25022\/revisions\/25240"}],"wp:featuredmedia":[{"embeddable":true,"href":"https:\/\/www.siemck.pl\/wp-json\/wp\/v2\/media\/23865"}],"wp:attachment":[{"href":"https:\/\/www.siemck.pl\/wp-json\/wp\/v2\/media?parent=25022"}],"wp:term":[{"taxonomy":"category","embeddable":true,"href":"https:\/\/www.siemck.pl\/wp-json\/wp\/v2\/categories?post=25022"},{"taxonomy":"post_tag","embeddable":true,"href":"https:\/\/www.siemck.pl\/wp-json\/wp\/v2\/tags?post=25022"}],"curies":[{"name":"wp","href":"https:\/\/api.w.org\/{rel}","templated":true}]}}