{"id":25017,"date":"2023-12-21T11:25:24","date_gmt":"2023-12-21T10:25:24","guid":{"rendered":"https:\/\/www.siemck.pl\/?p=25017"},"modified":"2023-12-21T11:25:24","modified_gmt":"2023-12-21T10:25:24","slug":"zdrowych-wesolych-swiat","status":"publish","type":"post","link":"https:\/\/www.siemck.pl\/zdrowych-wesolych-swiat\/","title":{"rendered":"Zdrowych, Weso\u0142ych \u015awi\u0105t!"},"content":{"rendered":"<p>Szanowni Pa\u0144stwo!<\/p>\n<p>Z okazji zbli\u017caj\u0105cych si\u0119 \u015awi\u0105t Bo\u017cego Narodzenia \u017cyczymy Wam, aby w ten szczeg\u00f3lny czas w Waszych domach zago\u015bci\u0142y zdrowie, szcz\u0119\u015bcie i spok\u00f3j, a tak\u017ce by\u015bcie mogli te chwile sp\u0119dzi\u0107 w gronie najdro\u017cszych Wam os\u00f3b. Niech \u015bwi\u0105teczny nastr\u00f3j pozostanie z Wami jak najd\u0142u\u017cej, a pomy\u015blno\u015b\u0107 nigdy Was nie opuszcza.<\/p>\n<p>Serdecznie dzi\u0119kujemy za zaufanie i obecno\u015b\u0107 na wydarzeniach organizowanych przez Siemianowickie Centrum Kultury, za wsp\u00f3lny czas, realizowane razem inicjatywy i dobre relacje w mijaj\u0105cym roku.<\/p>\n<p>Mamy nadziej\u0119, \u017ce w przysz\u0142ym roku zn\u00f3w spotkamy si\u0119 wielokrotnie, aby do\u015bwiadcza\u0107 niezapomnianych emocji i artystycznych wra\u017ce\u0144.<\/p>\n<p>Szcz\u0119\u015bliwego Nowego Roku<\/p>\n<p>\u017cycz\u0105<\/p>\n<p>Dyrekcja i zesp\u00f3\u0142 pracownik\u00f3w Siemianowickiego Centrum Kultury<\/p>\n","protected":false},"excerpt":{"rendered":"<p>Szanowni Pa\u0144stwo! Z okazji zbli\u017caj\u0105cych si\u0119 \u015awi\u0105t Bo\u017cego Narodzenia \u017cyczymy Wam, aby w ten szczeg\u00f3lny czas w Waszych domach zago\u015bci\u0142y zdrowie, szcz\u0119\u015bcie i spok\u00f3j, a tak\u017ce by\u015bcie mogli te chwile sp\u0119dzi\u0107 w gronie najdro\u017cszych Wam os\u00f3b. Niech \u015bwi\u0105teczny nastr\u00f3j pozostanie z Wami jak najd\u0142u\u017cej, a pomy\u015blno\u015b\u0107 nigdy Was nie opuszcza. Serdecznie dzi\u0119kujemy za zaufanie i [&hellip;]<\/p>\n","protected":false},"author":12,"featured_media":25018,"comment_status":"closed","ping_status":"open","sticky":false,"template":"","format":"standard","meta":[],"categories":[1],"tags":[],"_links":{"self":[{"href":"https:\/\/www.siemck.pl\/wp-json\/wp\/v2\/posts\/25017"}],"collection":[{"href":"https:\/\/www.siemck.pl\/wp-json\/wp\/v2\/posts"}],"about":[{"href":"https:\/\/www.siemck.pl\/wp-json\/wp\/v2\/types\/post"}],"author":[{"embeddable":true,"href":"https:\/\/www.siemck.pl\/wp-json\/wp\/v2\/users\/12"}],"replies":[{"embeddable":true,"href":"https:\/\/www.siemck.pl\/wp-json\/wp\/v2\/comments?post=25017"}],"version-history":[{"count":1,"href":"https:\/\/www.siemck.pl\/wp-json\/wp\/v2\/posts\/25017\/revisions"}],"predecessor-version":[{"id":25019,"href":"https:\/\/www.siemck.pl\/wp-json\/wp\/v2\/posts\/25017\/revisions\/25019"}],"wp:featuredmedia":[{"embeddable":true,"href":"https:\/\/www.siemck.pl\/wp-json\/wp\/v2\/media\/25018"}],"wp:attachment":[{"href":"https:\/\/www.siemck.pl\/wp-json\/wp\/v2\/media?parent=25017"}],"wp:term":[{"taxonomy":"category","embeddable":true,"href":"https:\/\/www.siemck.pl\/wp-json\/wp\/v2\/categories?post=25017"},{"taxonomy":"post_tag","embeddable":true,"href":"https:\/\/www.siemck.pl\/wp-json\/wp\/v2\/tags?post=25017"}],"curies":[{"name":"wp","href":"https:\/\/api.w.org\/{rel}","templated":true}]}}